{"id":121940,"date":"2023-09-13T11:24:35","date_gmt":"2023-09-13T16:24:35","guid":{"rendered":"http:\/\/elcuartopoder.com.mx\/nw\/?p=121940"},"modified":"2023-09-13T11:24:36","modified_gmt":"2023-09-13T16:24:36","slug":"el-renacer-del-pequeno-samurai-pedrosa-gana-a-casi-todos-pese-a-llevar-cinco-anos-retirado","status":"publish","type":"post","link":"http:\/\/elcuartopoder.com.mx\/nw\/entretenimiento\/deportes\/el-renacer-del-pequeno-samurai-pedrosa-gana-a-casi-todos-pese-a-llevar-cinco-anos-retirado\/","title":{"rendered":"El renacer del peque\u00f1o samur\u00e1i: Pedrosa gana a casi todos pese a llevar cinco a\u00f1os retirado"},"content":{"rendered":"\n<p>Dani Pedrosa ha hecho bueno el dicho de que \u00ablos viejos rockeros nunca mueren\u00bb. Si ya sorprendi\u00f3 gratamente a finales de abril en Jerez (sexto en parrilla, sexto en la esprint y s\u00e9ptimo en la carrera), maravill\u00f3 en Misano este pasado fin de semana disput\u00e1ndole el podio a Pecco Bagnaia en la miniprueba del s\u00e1bado y tambi\u00e9n en la carrera del domingo. Una actuaci\u00f3n sorprendente teniendo en cuenta que lleva m\u00e1s de cinco a\u00f1os retirado, sin competir, y que cada vez que sube a una moto lo hace en calidad de probador de KTM.<\/p>\n\n\n\n<p>\u00abYo lo que creo es que se lo ten\u00eda que haber pensado dos veces el retirarse\u00bb, confirmaba Alberto Puig, exmanager del piloto y actual Team Manager de Repsol-Honda. \u00abNo nos sorprende nada, porque Dani siempre ha ido muy r\u00e1pido. Tiene la calidad. M\u00e1s que nada, yo creo que KTM ha hecho un gran paso, pero lo que tambi\u00e9n es evidente es que \u00e9l ha dejado clara la situaci\u00f3n: los pilotos de antes siguen siendo muy buenos y \u00e9l lo ha demostrado, no s\u00f3lo por la moto, sino tambi\u00e9n por su calidad\u00bb, apuntaba Puig.<\/p>\n\n\n\n<p>Montmel\u00f3 y Misano disfrutaron viendo al peque\u00f1o samur\u00e1i desliz\u00e1ndose por los circuitos de Catalu\u00f1a y San Marino como piloto invitado. El catal\u00e1n, tres veces campe\u00f3n del mundo (una en 125 y dos en 250) y subcampe\u00f3n en tres ocasiones en MotoGP, siempre ha lucido luce ese logo en el mono, en parte por ser un enamorado de la cultura japonesa, pa\u00eds del cual proviene Honda, en la que ha desarrollado toda su carrera, y tambi\u00e9n por los valores que desprende el antiguo guerrero nip\u00f3n.<\/p>\n\n\n\n<p>Solo un punto menos que M\u00e1rquez<br>La actuaci\u00f3n de Pedrosa este pasado fin de semana a\u00fan adquiere m\u00e1s valor si se compara con los pilotos oficiales de KTM y del GasGas Factory Racing Team, sat\u00e9lite de la f\u00e1brica austriaca. Brad Binder y Jack Miller se fueron al suelo en la carrera, Pol Espargar\u00f3 sufri\u00f3 cinco ca\u00eddas durante el fin de semana y Augusto Fern\u00e1ndez no entr\u00f3 en los puntos. El potencial que a\u00fan conserva el de Castellar del Vall\u00e9s y los problemas de Honda quedan reflejados en la general del Mundial, donde Pedrosa acumula 31 puntos en dos carreras, uno menos que Marc M\u00e1rquez en nueve Grandes Premios.<\/p>\n\n\n\n<p>\u00abEs de admirar que un piloto probador, que no est\u00e1 compitiendo cada semana, consiga esos tiempos y ese ritmo en carrera.<strong>\u00a0Su calidad es bestial<\/strong>. Nada nuevo, pero sorprende que ante el alt\u00edsimo nivel existente en MotoGP, consiga esos maravillosos resultados. Merece una menci\u00f3n especial, y dos y tres\u00bb, elogia\u00a0<strong>Alex Crivill\u00e9<\/strong>, campe\u00f3n del mundo en 500 cc.<\/p>\n\n\n\n<p>El peque\u00f1o samur\u00e1i se lo pas\u00f3 en grande en\u00a0<strong>Misano<\/strong>, pero sin olvidar que su misi\u00f3n era recopilar datos y observar al campe\u00f3n y l\u00edder del Mundial, Pecco Bagnaia. No obstante, Pedrosa descarta volver a competir esta temporada. \u00abEs bonito volver, competir y rendir bien, pero\u00a0<strong>tampoco es algo que echo mucho, mucho de menos<\/strong>\u00bb, explicaba. Ayer estuvo en el test de Misano, lugar en el que probar los prototipos del pr\u00f3ximo a\u00f1o y donde Marc M\u00e1rquez evidencio pocos cambios en su Honda para el pr\u00f3ximo a\u00f1o, lo que podr\u00eda provocar su salida hacia Ducati.<\/p>\n\n\n\n<p>Fuente: ABC<\/p>\n","protected":false},"excerpt":{"rendered":"<p>Dani Pedrosa ha hecho bueno el dicho de que \u00ablos viejos rockeros nunca mueren\u00bb. Si ya sorprendi\u00f3 gratamente a finales de abril en Jerez (sexto en parrilla, sexto en la esprint y s\u00e9ptimo en la carrera), maravill\u00f3 en Misano este pasado fin de semana disput\u00e1ndole el podio a Pecco Bagnaia en la miniprueba del s\u00e1bado [&hellip;]<\/p>\n","protected":false},"author":2,"featured_media":121941,"comment_status":"open","ping_status":"open","sticky":false,"template":"","format":"standard","meta":{"footnotes":""},"categories":[7],"tags":[],"class_list":["post-121940","post","type-post","status-publish","format-standard","has-post-thumbnail","hentry","category-deportes"],"_links":{"self":[{"href":"http:\/\/elcuartopoder.com.mx\/nw\/wp-json\/wp\/v2\/posts\/121940","targetHints":{"allow":["GET"]}}],"collection":[{"href":"http:\/\/elcuartopoder.com.mx\/nw\/wp-json\/wp\/v2\/posts"}],"about":[{"href":"http:\/\/elcuartopoder.com.mx\/nw\/wp-json\/wp\/v2\/types\/post"}],"author":[{"embeddable":true,"href":"http:\/\/elcuartopoder.com.mx\/nw\/wp-json\/wp\/v2\/users\/2"}],"replies":[{"embeddable":true,"href":"http:\/\/elcuartopoder.com.mx\/nw\/wp-json\/wp\/v2\/comments?post=121940"}],"version-history":[{"count":1,"href":"http:\/\/elcuartopoder.com.mx\/nw\/wp-json\/wp\/v2\/posts\/121940\/revisions"}],"predecessor-version":[{"id":121942,"href":"http:\/\/elcuartopoder.com.mx\/nw\/wp-json\/wp\/v2\/posts\/121940\/revisions\/121942"}],"wp:featuredmedia":[{"embeddable":true,"href":"http:\/\/elcuartopoder.com.mx\/nw\/wp-json\/wp\/v2\/media\/121941"}],"wp:attachment":[{"href":"http:\/\/elcuartopoder.com.mx\/nw\/wp-json\/wp\/v2\/media?parent=121940"}],"wp:term":[{"taxonomy":"category","embeddable":true,"href":"http:\/\/elcuartopoder.com.mx\/nw\/wp-json\/wp\/v2\/categories?post=121940"},{"taxonomy":"post_tag","embeddable":true,"href":"http:\/\/elcuartopoder.com.mx\/nw\/wp-json\/wp\/v2\/tags?post=121940"}],"curies":[{"name":"wp","href":"https:\/\/api.w.org\/{rel}","templated":true}]}}