{"id":121943,"date":"2023-09-13T11:26:44","date_gmt":"2023-09-13T16:26:44","guid":{"rendered":"http:\/\/elcuartopoder.com.mx\/nw\/?p=121943"},"modified":"2023-09-13T11:26:46","modified_gmt":"2023-09-13T16:26:46","slug":"los-danos-de-la-quimio-detras-de-las-recaidas-del-cancer-de-mama","status":"publish","type":"post","link":"http:\/\/elcuartopoder.com.mx\/nw\/varios\/los-danos-de-la-quimio-detras-de-las-recaidas-del-cancer-de-mama\/","title":{"rendered":"Los da\u00f1os de la &#8216;quimio&#8217;, detr\u00e1s de las reca\u00eddas del c\u00e1ncer de mama"},"content":{"rendered":"\n<p class=\"wp-block-paragraph\">El da\u00f1o a las c\u00e9lulas no cancerosas circundantes que provoca un f\u00e1rmaco est\u00e1ndar de&nbsp;<a href=\"https:\/\/www.abc.es\/salud\/enfermedades\/desvelan-estrategias-cancer-evadir-quimioterapia-20230414160405-nt.html\">quimioterapia<\/a>&nbsp;est\u00e1ndar puede despertar luego a las c\u00e9lulas tumorales inactivas y promover el crecimiento del&nbsp;<a href=\"https:\/\/www.abc.es\/salud\/enfermedades\/cancer-rejuvenece-vez-diagnostican-tumores-menores-anos-20230906141507-nt.html\">c\u00e1ncer<\/a>, seg\u00fan un nuevo estudio publicado en la revista &#8216;PLOS Biology&#8217; por Ramya Ganesan, de la Universidad Emory (EE. UU.) y sus colegas. Se trata de un hallazgo importante para comprender la recurrencia de esta enfermedad y puede apuntar a nuevos objetivos importantes para prevenirla.<\/p>\n\n\n\n<p class=\"wp-block-paragraph\">Los avances en el tratamiento del c\u00e1ncer, incluida la quimioterapia, han reducido dr\u00e1sticamente la mortalidad de muchos tipos de tumores, incluido el&nbsp;<a href=\"https:\/\/www.abc.es\/salud\/enfermedades\/engana-sistema-inmune-cancer-mama-crecer-20230504170248-nt.html\">c\u00e1ncer de mama<\/a>. No obstante, hasta el 23% de los pacientes con este tipo de c\u00e1ncer experimentan una&nbsp;<strong>reca\u00edda dentro de los primeros cinco a\u00f1os<\/strong>. El tratamiento tiene como objetivo matar todas las c\u00e9lulas cancerosas, pero a menudo algunas c\u00e9lulas entran en un estado de latencia, en el que dejan de dividirse y dejan de responder a los agentes quimioterap\u00e9uticos. La recurrencia ocurre cuando las c\u00e9lulas inactivas se vuelven a despertar y comienzan a dividirse nuevamente.<\/p>\n\n\n\n<p class=\"wp-block-paragraph\">Algunos estudios han indicado que&nbsp;<strong>la quimioterapia en s\u00ed misma puede promover el escape del letargo<\/strong>, pero el mecanismo de este efecto no est\u00e1 claro. Para esclarecerlo, los autores trabajaron con un modelo celular y un modelo de rat\u00f3n de c\u00e1ncer de mama. Es importante destacar que el modelo celular conten\u00eda tanto c\u00e9lulas cancerosas como c\u00e9lulas estromales no cancerosas, c\u00e9lulas del tejido conectivo que se encuentran en la mama y otros tejidos.<\/p>\n\n\n\n<p class=\"wp-block-paragraph\">Administraron el f\u00e1rmaco de quimioterapia docetaxel en concentraciones fisiol\u00f3gicamente relevantes y descubrieron que, incluso en dosis muy bajas, las c\u00e9lulas estromales resultaban da\u00f1adas, mientras que las c\u00e9lulas cancerosas no, y que el tratamiento induc\u00eda la reentrada del ciclo celular en las c\u00e9lulas cancerosas.<\/p>\n\n\n\n<p class=\"wp-block-paragraph\">Los autores demostraron que el impulsor de este despertar de las c\u00e9lulas inactivas fue la liberaci\u00f3n de dos mol\u00e9culas clave de se\u00f1alizaci\u00f3n celular, el factor estimulante de colonias de granulocitos (G-CSF) y la interleucina-6 (IL-6) por parte de las c\u00e9lulas estromales lesionadas, que actuaron sobre la c\u00e9lulas latentes para promover su crecimiento, tanto in vitro como in vivo. Eso proporcion\u00f3 al equipo posibles objetivos anticancer\u00edgenos, y demostraron que los anticuerpos que neutralizaban el G-CSF o la IL-6, o un f\u00e1rmaco que bloqueaba el mediador de esas se\u00f1ales dentro de las c\u00e9lulas cancerosas, inhib\u00edan el despertar de la latencia debido al tratamiento con docetaxel.<\/p>\n\n\n\n<p class=\"wp-block-paragraph\">Estos hallazgos tienen varias implicaciones importantes, seg\u00fan los investigadores. En primer lugar, resaltan la\u00a0<strong>importancia de las c\u00e9lulas circundantes<\/strong>, no s\u00f3lo de las c\u00e9lulas cancerosas mismas, para determinar la respuesta a la quimioterapia. En segundo lugar, proporcionan una posible base mec\u00e1nica para la observaci\u00f3n de que los niveles s\u00e9ricos elevados de IL-6 se asocian con una recurrencia temprana en pacientes con c\u00e1ncer de mama que reciben quimioterapia, fortaleciendo potencialmente la utilidad de ese biomarcador en la planificaci\u00f3n del tratamiento. En tercer lugar, proporcionan\u00a0<strong>nuevos objetivos para prevenir la reca\u00edda<\/strong>.<\/p>\n\n\n\n<p class=\"wp-block-paragraph\">El doctor Ganesan y el doctor Sukhatme, coautores de estudio, consideran que su art\u00edculo \u00abdestaca un efecto nocivo de la quimioterapia contra el c\u00e1ncer: la liberaci\u00f3n de IL-6 estromal y G-CSF por la quimioterapia con taxanos despert\u00f3 c\u00e9lulas de c\u00e1ncer de mama latentes, un mecanismo postulado para la reca\u00edda tumoral. El bloqueo transitorio de la se\u00f1alizaci\u00f3n de citoquinas durante la administraci\u00f3n de quimioterapia puede prevenir la recurrencia del tumor\u00bb.<\/p>\n\n\n\n<p class=\"wp-block-paragraph\">Sin embargo, el doctor Joan Albanell, jefe del Departamento de Oncolog\u00eda M\u00e9dica del Hospital del Mar de Barcelona, matiza, en declaraciones a SMC Espa\u00f1a, que \u00abla metodolog\u00eda es adecuada, pero limitada a modelos precl\u00ednicos por lo que\u00a0<strong>su traducci\u00f3n a la cl\u00ednica est\u00e1 por determinar\u00ab<\/strong>. \u00abEste estudio suma a la creciente evidencia de que<strong>\u00a0la quimioterapia puede da\u00f1ar a las c\u00e9lulas no tumorales<\/strong>\u00a0que forman parte de los c\u00e1nceres y demuestra concretamente que puede reactivar el crecimiento de c\u00e9lulas tumorales durmientes. De manera importante, describe mecanismos causantes de esta reemergencia tumoral en c\u00e1ncer de mama que pueden ser contrarrestados farmacol\u00f3gicamente a nivel experimental. Su traducci\u00f3n cl\u00ednica es a\u00fan un interrogante\u00ab, advierte el experto. <\/p>\n\n\n\n<p class=\"wp-block-paragraph\">Fuente: ABC<\/p>\n","protected":false},"excerpt":{"rendered":"<p>El da\u00f1o a las c\u00e9lulas no cancerosas circundantes que provoca un f\u00e1rmaco est\u00e1ndar de&nbsp;quimioterapia&nbsp;est\u00e1ndar puede despertar luego a las c\u00e9lulas tumorales inactivas y promover el crecimiento del&nbsp;c\u00e1ncer, seg\u00fan un nuevo estudio publicado en la revista &#8216;PLOS Biology&#8217; por Ramya Ganesan, de la Universidad Emory (EE. UU.) y sus colegas. Se trata de un hallazgo importante [&hellip;]<\/p>\n","protected":false},"author":2,"featured_media":121944,"comment_status":"open","ping_status":"open","sticky":false,"template":"","format":"standard","meta":{"footnotes":""},"categories":[64],"tags":[],"class_list":["post-121943","post","type-post","status-publish","format-standard","has-post-thumbnail","hentry","category-varios"],"_links":{"self":[{"href":"http:\/\/elcuartopoder.com.mx\/nw\/wp-json\/wp\/v2\/posts\/121943","targetHints":{"allow":["GET"]}}],"collection":[{"href":"http:\/\/elcuartopoder.com.mx\/nw\/wp-json\/wp\/v2\/posts"}],"about":[{"href":"http:\/\/elcuartopoder.com.mx\/nw\/wp-json\/wp\/v2\/types\/post"}],"author":[{"embeddable":true,"href":"http:\/\/elcuartopoder.com.mx\/nw\/wp-json\/wp\/v2\/users\/2"}],"replies":[{"embeddable":true,"href":"http:\/\/elcuartopoder.com.mx\/nw\/wp-json\/wp\/v2\/comments?post=121943"}],"version-history":[{"count":1,"href":"http:\/\/elcuartopoder.com.mx\/nw\/wp-json\/wp\/v2\/posts\/121943\/revisions"}],"predecessor-version":[{"id":121945,"href":"http:\/\/elcuartopoder.com.mx\/nw\/wp-json\/wp\/v2\/posts\/121943\/revisions\/121945"}],"wp:featuredmedia":[{"embeddable":true,"href":"http:\/\/elcuartopoder.com.mx\/nw\/wp-json\/wp\/v2\/media\/121944"}],"wp:attachment":[{"href":"http:\/\/elcuartopoder.com.mx\/nw\/wp-json\/wp\/v2\/media?parent=121943"}],"wp:term":[{"taxonomy":"category","embeddable":true,"href":"http:\/\/elcuartopoder.com.mx\/nw\/wp-json\/wp\/v2\/categories?post=121943"},{"taxonomy":"post_tag","embeddable":true,"href":"http:\/\/elcuartopoder.com.mx\/nw\/wp-json\/wp\/v2\/tags?post=121943"}],"curies":[{"name":"wp","href":"https:\/\/api.w.org\/{rel}","templated":true}]}}