{"id":121949,"date":"2023-09-13T11:34:12","date_gmt":"2023-09-13T16:34:12","guid":{"rendered":"http:\/\/elcuartopoder.com.mx\/nw\/?p=121949"},"modified":"2023-09-13T11:34:13","modified_gmt":"2023-09-13T16:34:13","slug":"atendamos-a-la-primera-infancia-mexicana-que-vive-en-pobreza","status":"publish","type":"post","link":"http:\/\/elcuartopoder.com.mx\/nw\/destacadas\/atendamos-a-la-primera-infancia-mexicana-que-vive-en-pobreza\/","title":{"rendered":"Atendamos a la primera infancia mexicana que vive en pobreza"},"content":{"rendered":"\n<p class=\"wp-block-paragraph\">En semanas pasadas, el Consejo Nacional de Evaluaci\u00f3n de la Pol\u00edtica de Desarrollo Social (Coneval) dio a conocer cifras sobre la medici\u00f3n multidimensional de la pobreza en M\u00e9xico. El informe comprende de 2018 a 2022, abarcando las afectaciones derivadas de la pandemia por Covid-19.<\/p>\n\n\n\n<p class=\"wp-block-paragraph\">De los resultados que se ofrecen, destaca que en ese periodo el porcentaje de personas que sufrieron pobreza multidimensional pas\u00f3 de 41.9 a 36.3 por ciento, es decir, que de cada 100 personas, 36 ten\u00edan al menos una privaci\u00f3n en sus derechos sociales. Otra cifra importante se refiere a la pobreza extrema, que en 2018 registraba un porcentaje de 7.0 por ciento y en 2022 el total fue de 7.1 por ciento. Este dato en n\u00famero de personas equivale a que 8.7 millones vivieron pobreza extrema en 2018 y aument\u00f3 a 9.1 millones de personas en 2022.<\/p>\n\n\n\n<p class=\"wp-block-paragraph\">Para el Coneval: \u201cLa pobreza es un fen\u00f3meno multidimensional que comprende aspectos relacionados con las condiciones de vida que vulneran la dignidad de las personas, limitan sus derechos y libertades fundamentales, impiden la satisfacci\u00f3n de sus necesidades e imposibilitan su plena integraci\u00f3n social\u201d. En ese sentido, se puede decir que quienes sufren pobreza presentan serias deficiencias en el acceso a derechos como la educaci\u00f3n, la salud, la alimentaci\u00f3n de calidad, entre otros.<\/p>\n\n\n\n<p class=\"wp-block-paragraph\">De los rezagos m\u00e1s profundos que registra el Coneval es el que se refiere al \u00e1mbito de la salud, al se\u00f1alar que \u201cel porcentaje de personas con carencia por acceso a los servicios de salud pas\u00f3 de 16.2 por ciento a 39.1 por ciento entre 2018 y 2022, lo cual representa un cambio de 20.1 a 50.4 millones de personas en esta situaci\u00f3n, respectivamente\u201d.<\/p>\n\n\n\n<p class=\"wp-block-paragraph\">Pero todav\u00eda hay una preocupaci\u00f3n m\u00e1s. En M\u00e9xico, son los ni\u00f1os y las ni\u00f1as de primera infancia los m\u00e1s afectados por la pobreza. En 2018, 51.9 por ciento de este grupo social vivi\u00f3 en situaci\u00f3n de pobreza, siendo que en 2022 el porcentaje de esta poblaci\u00f3n alcanz\u00f3 a ser de 48.1 por ciento. Si bien se habla de una disminuci\u00f3n, es alarmante que estemos atestiguando que casi la mitad de este sector viva en estas condiciones.<\/p>\n\n\n\n<p class=\"wp-block-paragraph\">Sin duda esto es lamentable, ya que son los primeros a\u00f1os de vida los m\u00e1s importantes en el desarrollo de cualquier persona y las deficiencias que presente en esa etapa ser\u00e1n determinantes en su calidad de vida futura.<\/p>\n\n\n\n<p class=\"wp-block-paragraph\">Ante este escenario, el Sistema de Indicadores de Primera Infancia (SIPI M\u00e9xico), proyecto de Early Institute, propone una serie de recomendaciones para combatir la pobreza en la primera infancia. Algunas de ellas son: contar con un sistema de protecci\u00f3n social con enfoque de derechos que posibilite la reducci\u00f3n de las brechas existentes; ampliar y mejorar la cobertura de los programas de protecci\u00f3n social que benefician a la primera infancia, siendo uno de ellos las transferencias monetarias; crear un sistema de cuidados y mejora de educaci\u00f3n inicial y preescolar que garantice la dotaci\u00f3n de servicios de seguridad social y educativos e impulsar la equidad regional, es decir, asegurar una redistribuci\u00f3n del ingreso para corregir la grave asimetr\u00eda regional.<\/p>\n\n\n\n<p class=\"wp-block-paragraph\">Para Early Institute, la primera infancia es clave para el desarrollo f\u00edsico, mental y emocional de ni\u00f1as y ni\u00f1os, de ah\u00ed la necesidad de construir un entorno de pol\u00edticas p\u00fablicas y medidas que propicie su bienestar integral. Evitemos el abandono de las necesidades de este grupo social, cuya protecci\u00f3n no solo se nutre de la voluntad de la sociedad, sino es indispensable contar con estrategias, planes y acciones que ayuden eficazmente a su salvaguarda.<\/p>\n\n\n\n<p class=\"wp-block-paragraph\">Fuente: elfinanciero<\/p>\n","protected":false},"excerpt":{"rendered":"<p>En semanas pasadas, el Consejo Nacional de Evaluaci\u00f3n de la Pol\u00edtica de Desarrollo Social (Coneval) dio a conocer cifras sobre la medici\u00f3n multidimensional de la pobreza en M\u00e9xico. El informe comprende de 2018 a 2022, abarcando las afectaciones derivadas de la pandemia por Covid-19. De los resultados que se ofrecen, destaca que en ese periodo [&hellip;]<\/p>\n","protected":false},"author":2,"featured_media":121950,"comment_status":"open","ping_status":"open","sticky":false,"template":"","format":"standard","meta":{"footnotes":""},"categories":[59],"tags":[],"class_list":["post-121949","post","type-post","status-publish","format-standard","has-post-thumbnail","hentry","category-destacadas"],"_links":{"self":[{"href":"http:\/\/elcuartopoder.com.mx\/nw\/wp-json\/wp\/v2\/posts\/121949","targetHints":{"allow":["GET"]}}],"collection":[{"href":"http:\/\/elcuartopoder.com.mx\/nw\/wp-json\/wp\/v2\/posts"}],"about":[{"href":"http:\/\/elcuartopoder.com.mx\/nw\/wp-json\/wp\/v2\/types\/post"}],"author":[{"embeddable":true,"href":"http:\/\/elcuartopoder.com.mx\/nw\/wp-json\/wp\/v2\/users\/2"}],"replies":[{"embeddable":true,"href":"http:\/\/elcuartopoder.com.mx\/nw\/wp-json\/wp\/v2\/comments?post=121949"}],"version-history":[{"count":1,"href":"http:\/\/elcuartopoder.com.mx\/nw\/wp-json\/wp\/v2\/posts\/121949\/revisions"}],"predecessor-version":[{"id":121951,"href":"http:\/\/elcuartopoder.com.mx\/nw\/wp-json\/wp\/v2\/posts\/121949\/revisions\/121951"}],"wp:featuredmedia":[{"embeddable":true,"href":"http:\/\/elcuartopoder.com.mx\/nw\/wp-json\/wp\/v2\/media\/121950"}],"wp:attachment":[{"href":"http:\/\/elcuartopoder.com.mx\/nw\/wp-json\/wp\/v2\/media?parent=121949"}],"wp:term":[{"taxonomy":"category","embeddable":true,"href":"http:\/\/elcuartopoder.com.mx\/nw\/wp-json\/wp\/v2\/categories?post=121949"},{"taxonomy":"post_tag","embeddable":true,"href":"http:\/\/elcuartopoder.com.mx\/nw\/wp-json\/wp\/v2\/tags?post=121949"}],"curies":[{"name":"wp","href":"https:\/\/api.w.org\/{rel}","templated":true}]}}