{"id":121953,"date":"2023-09-13T15:35:25","date_gmt":"2023-09-13T20:35:25","guid":{"rendered":"http:\/\/elcuartopoder.com.mx\/nw\/?p=121953"},"modified":"2023-09-13T15:35:54","modified_gmt":"2023-09-13T20:35:54","slug":"se-dan-los-primeros-acercamientos-con-la-banca-para-el-refinanciamiento-de-la-deuda-publica","status":"publish","type":"post","link":"http:\/\/elcuartopoder.com.mx\/nw\/estatales\/se-dan-los-primeros-acercamientos-con-la-banca-para-el-refinanciamiento-de-la-deuda-publica\/","title":{"rendered":"Se dan los primeros acercamientos con la banca, para el refinanciamiento de la deuda p\u00fablica"},"content":{"rendered":"\n<p class=\"wp-block-paragraph\">La Sefiplan de Quintana Roo, ya sostuvo los primeros acercamientos con la banca comercial tanto p\u00fablica como privada para acordar las condiciones del refinanciamiento de la deuda p\u00fablica aprobado por el Congreso del estado, la reducci\u00f3n de las tasas de inter\u00e9s se ver\u00edan reflejado a partir de 2024.Eugenio Segura V\u00e1zquez secretario de Finanzas y Planeaci\u00f3n en la entidad resalt\u00f3 que una vez contando con la informaci\u00f3n de los resultados del refinanciamiento se brindar\u00e1 un reporte puntual de ello y sobre todo lo que significar\u00eda para el estado as\u00ed como en que se invertir\u00eda.Revel\u00f3 que el gobierno del estado podr\u00eda estar pagando entre 2 mil 500 a 3 mil millones anuales por concepto de la deuda aunque todo depende del valor de la TIE la cual es marcada por la pol\u00edtica monetaria del Banco de M\u00e9xico.Indic\u00f3 que este proceso podr\u00eda demorar entre 4 a 6 meses y lo que se busca es tener mejores tasas de inter\u00e9s con respecto a la deuda de 19 mil 625 millones de pesos, sin adquirir mayor de\u00fada.Explic\u00f3 que luego de varios a\u00f1os la calificaci\u00f3n crediticia del Estado paso de +B a calificaci\u00f3n A, con lo cual se podr\u00eda disminuir la sobre Tasa de Inter\u00e9s Interbancaria de Equilibrio de los 10 cr\u00e9ditos, ya que la rebasan por un punto 57%, no obstante, con el nuevo refinanciamiento esta sobre tasa estar\u00eda en .40%, decir, punto 17% menos.El responsable de las finanzas del Estado asegur\u00f3 que la idea no es contratar m\u00e1s deuda, si no permitir ahorros al estado en intereses para generar inversi\u00f3n en diferentes rubros por lo cual ya han sostenido los primeros acercamientos con la banca para la reestructuraci\u00f3n de la deuda a largo plazo y en la cual podr\u00e1n los bancos interesados.<\/p>\n","protected":false},"excerpt":{"rendered":"<p>La Sefiplan de Quintana Roo, ya sostuvo los primeros acercamientos con la banca comercial tanto p\u00fablica como privada para acordar las condiciones del refinanciamiento de la deuda p\u00fablica aprobado por el Congreso del estado, la reducci\u00f3n de las tasas de inter\u00e9s se ver\u00edan reflejado a partir de 2024.Eugenio Segura V\u00e1zquez secretario de Finanzas y Planeaci\u00f3n [&hellip;]<\/p>\n","protected":false},"author":2,"featured_media":121954,"comment_status":"open","ping_status":"open","sticky":false,"template":"","format":"standard","meta":{"footnotes":""},"categories":[60],"tags":[],"class_list":["post-121953","post","type-post","status-publish","format-standard","has-post-thumbnail","hentry","category-estatales"],"_links":{"self":[{"href":"http:\/\/elcuartopoder.com.mx\/nw\/wp-json\/wp\/v2\/posts\/121953","targetHints":{"allow":["GET"]}}],"collection":[{"href":"http:\/\/elcuartopoder.com.mx\/nw\/wp-json\/wp\/v2\/posts"}],"about":[{"href":"http:\/\/elcuartopoder.com.mx\/nw\/wp-json\/wp\/v2\/types\/post"}],"author":[{"embeddable":true,"href":"http:\/\/elcuartopoder.com.mx\/nw\/wp-json\/wp\/v2\/users\/2"}],"replies":[{"embeddable":true,"href":"http:\/\/elcuartopoder.com.mx\/nw\/wp-json\/wp\/v2\/comments?post=121953"}],"version-history":[{"count":2,"href":"http:\/\/elcuartopoder.com.mx\/nw\/wp-json\/wp\/v2\/posts\/121953\/revisions"}],"predecessor-version":[{"id":121956,"href":"http:\/\/elcuartopoder.com.mx\/nw\/wp-json\/wp\/v2\/posts\/121953\/revisions\/121956"}],"wp:featuredmedia":[{"embeddable":true,"href":"http:\/\/elcuartopoder.com.mx\/nw\/wp-json\/wp\/v2\/media\/121954"}],"wp:attachment":[{"href":"http:\/\/elcuartopoder.com.mx\/nw\/wp-json\/wp\/v2\/media?parent=121953"}],"wp:term":[{"taxonomy":"category","embeddable":true,"href":"http:\/\/elcuartopoder.com.mx\/nw\/wp-json\/wp\/v2\/categories?post=121953"},{"taxonomy":"post_tag","embeddable":true,"href":"http:\/\/elcuartopoder.com.mx\/nw\/wp-json\/wp\/v2\/tags?post=121953"}],"curies":[{"name":"wp","href":"https:\/\/api.w.org\/{rel}","templated":true}]}}