{"id":121959,"date":"2023-09-14T11:39:28","date_gmt":"2023-09-14T16:39:28","guid":{"rendered":"http:\/\/elcuartopoder.com.mx\/nw\/?p=121959"},"modified":"2023-09-14T11:39:32","modified_gmt":"2023-09-14T16:39:32","slug":"asi-es-milan-el-transgenero-que-maltrato-a-sus-dos-novias-era-machista-y-homofobo","status":"publish","type":"post","link":"http:\/\/elcuartopoder.com.mx\/nw\/destacadas\/asi-es-milan-el-transgenero-que-maltrato-a-sus-dos-novias-era-machista-y-homofobo\/","title":{"rendered":"As\u00ed es Milan, el &#8216;transg\u00e9nero&#8217; que maltrat\u00f3 a sus dos novias: \u00abEra machista y hom\u00f3fobo\u00bb"},"content":{"rendered":"\n<p class=\"wp-block-paragraph\">Milan fue el nombre que adopt\u00f3 Antonio B.R. As\u00ed est\u00e1 inscrito en el Registro Civil de Sevilla desde&nbsp;<strong>el pasado 23 de junio,<\/strong>&nbsp;tras acudir realizar un cambio registral de sexo porque ahora&nbsp;<strong>\u00abse siente mujer\u00bb<\/strong>. Este sevillano, de 34 a\u00f1os y vecino de&nbsp;<strong>un municipio del Aljarafe<\/strong>, ha sido condenado por maltratar a sus novias. La \u00faltima sentencia en su contra cay\u00f3 el pasado mes de marzo:&nbsp;<strong>40 meses de prisi\u00f3n<\/strong>. La decisi\u00f3n de cambiar de sexo ha pillado por sorpresa a sus v\u00edctimas, sobre todo porque lo consideran una persona&nbsp;<strong>\u00abmachista y hom\u00f3foba\u00bb<\/strong>.<\/p>\n\n\n\n<p class=\"wp-block-paragraph\"><strong>Victoria<\/strong>&nbsp;fue la primera de las dos v\u00edctimas que mantuvo una relaci\u00f3n con este hombre, entonces llamado Antonio. Dur\u00f3 desde el verano de 2017 hasta diciembre de 2018. \u00abUn a\u00f1o y medio de malos tratos\u00bb. As\u00ed lo recuerda esta sevillana, quien enumera todo lo que tuvo que sufrir. Para superarlo ha necesitado tratamiento psicol\u00f3gico.<\/p>\n\n\n\n<p class=\"wp-block-paragraph\">En sus palabras, sufri\u00f3 amenazas, agresiones, da\u00f1os en su coche, sus m\u00f3viles o en su casa, vejaciones,&#8230; \u00ab<strong>Los primeros meses era una persona normal<\/strong>. Despu\u00e9s empezaron los insultos, el control de la ropa y las amistades,&nbsp;<strong>hasta que llega la primera bofetada<\/strong>\u00bb.<\/p>\n\n\n\n<p class=\"wp-block-paragraph\">Esta chica lo describe como una persona \u00ab<strong>inteligente<\/strong>, capaz de darle la vuelta a todo\u00bb. Considera \u00abdantesca\u00bb que ha hecho realizado un cambio registral de sexo para decir que \u00abuna persona nueva\u00bb y basarse en eso para solicitar el indulto total al Gobierno para eludir los 40 meses de c\u00e1rcel, principalmente porque con sus hechos anteriores \u00abha dejado la figura de la mujer por los suelos, nos ha tratado fatal\u00bb. \u00ab<strong>Es hom\u00f3fobo, machista, horrible&#8230;\u00bb<\/strong>, manifiesta Victoria a este peri\u00f3dico.<\/p>\n\n\n\n<h3 class=\"wp-block-heading\">Dos denuncias el mismo d\u00eda<\/h3>\n\n\n\n<p class=\"wp-block-paragraph\">Unos adjetivos en los que tambi\u00e9n coincide Patricia. Con ella, Antonio estuvo menos tiempo, hasta enero de 2019. En algunos momentos lleg\u00f3 a mantener las dos relaciones.<strong>&nbsp;El 31 de enero ambas decidieron denunciarlo<\/strong>. Han compartido hasta abogada, Mar\u00eda Jos\u00e9 Atoche.<\/p>\n\n\n\n<p class=\"wp-block-paragraph\"><strong>\u00abElla me salv\u00f3 a m\u00ed y yo a ella<\/strong>\u00bb, confiesa Patricia, a quien llam\u00f3 Victoria para advertirla de donde se estaba metiendo. Ahora son amigas. Tras la llamada, quedaron para cenar y la puso en preaviso de lo que iba a vivir. A\u00fan s\u00ed, Patricia sigui\u00f3 adelante con la relaci\u00f3n. Dur\u00f3 pocos meses.<\/p>\n\n\n\n<figure class=\"wp-block-image\"><img decoding=\"async\" src=\"https:\/\/s2.abcstatics.com\/abc\/sevilla\/multimedia\/sevilla\/2023\/09\/13\/milan-brazo-oculto-U74515104788TmM-624x600@abc.jpg\" alt=\"\"\/><\/figure>\n\n\n\n<h3 class=\"wp-block-heading\">La ley que permite un cambio de sexo &#8216;expr\u00e9s&#8217;<\/h3>\n\n\n\n<p class=\"wp-block-paragraph\">La pol\u00e9mica &#8216;Ley Trans&#8217;, impulsada por la ministra Derechos Sociales y Agenda 2030 y aprobada por el Gobierno de PSOE y Unidas Podemos, en su art\u00edculo 43 recoge que \u00abtoda persona de nacionalidad espa\u00f1ola mayor de diecis\u00e9is a\u00f1os podr\u00e1 solicitar por s\u00ed misma ante el Registro Civil la rectificaci\u00f3n de la menci\u00f3n registral relativa al sexo\u00bb. El siguiente art\u00edculo, en su punto 3, establece que \u00abel ejercicio del derecho a la rectificaci\u00f3n registral de la menci\u00f3n relativa al sexo en ning\u00fan caso podr\u00e1 estar condicionado a la previa exhibici\u00f3n de informe m\u00e9dico o psicol\u00f3gico relativo a la disconformidad con el sexo mencionado en la inscripci\u00f3n de nacimiento, ni a la previa modificaci\u00f3n de la apariencia o funci\u00f3n corporal de la persona a trav\u00e9s de procedimientos m\u00e9dicos, quir\u00fargicos o de otra \u00edndole\u00bb. Las v\u00edctimas sevillanas de Milan lamentan lo \u00abf\u00e1cil\u00bb que lo pone la ley, lo que las deja en una situaci\u00f3n de \u00abdesamparo\u00bb. \u00abRecibida la solicitud se citar\u00e1 a la persona legitimada para que comparezca. En dicha comparecencia, la persona encargada del Registro Civil recoger\u00e1 su manifestaci\u00f3n de disconformidad con el sexo mencionado en su inscripci\u00f3n de nacimiento y su solicitud de que, en consecuencia, se proceda a la correspondiente rectificaci\u00f3n. En la comparecencia se deber\u00e1 incluir la elecci\u00f3n de un nuevo nombre propio, salvo cuando la persona quiera conservar el que ostente\u00bb. En esta comparecencia, la persona encargada del Registro Civil informar\u00e1 al solicitante de cambio, entre otras cuestiones, de las medidas de protecci\u00f3n contra la discriminaci\u00f3n, promoci\u00f3n del respeto y fomento de la igualdad.<\/p>\n\n\n\n<p class=\"wp-block-paragraph\">La citada ley tambi\u00e9n contempla que, en el plazo m\u00e1ximo de tres meses desde la comparecencia inicial reiterando la solicitud de rectificaci\u00f3n inicial, el Registro Civil deber\u00e1 citar a la persona para que comparezca de nuevo y ratifique su solicitud, aseverando la persistencia de su decisi\u00f3n. Despu\u00e9s se dictara una resoluci\u00f3n sobre la rectificaci\u00f3n registral solicitada dentro del plazo m\u00e1ximo de un mes a contar desde la fecha de la segunda comparecencia.<\/p>\n\n\n\n<p class=\"wp-block-paragraph\">Y el art\u00edculo 46 dice: La rectificaci\u00f3n de la menci\u00f3n registral relativa al sexo y, en su caso, el cambio de nombre, no alterar\u00e1n el r\u00e9gimen jur\u00eddico que, con anterioridad a la inscripci\u00f3n del cambio registral, fuera aplicable a la persona a los efectos de la Ley Org\u00e1nica 1\/2004, de 28 de diciembre, de Medidas de Protecci\u00f3n Integral contra la Violencia de G\u00e9nero.<\/p>\n\n\n\n<p class=\"wp-block-paragraph\">Antonio, hoy llamado Milan, trabaja en la seguridad privada. Mide 1.80 de altura y es muy corpulento por sus horas de machaque en el gimnasio. Actualmente lleva<strong>&nbsp;un dispositivo GPS en el tobillo<\/strong>&nbsp;como consecuencia de la medida de alejamiento que pesa sobre \u00e9l con respecto a Patricia. Por los malos tratos a \u00e9sta fue condenado, por acuerdo de conformidad, a ocho meses de prisi\u00f3n.<\/p>\n\n\n\n<p class=\"wp-block-paragraph\">Ayer, en el encuentro que mantuvo con este peri\u00f3dico para narra la situaci\u00f3n que ambas estaban viviendo, Patricia se mostr\u00f3 \u00abindignada\u00bb por la decisi\u00f3n de Antonio de cambiar de sexo en el&nbsp;<strong>Registro Civil<\/strong>, acogi\u00e9ndose a la conocida como &#8216;Ley Trans&#8217;. \u00abEs una jugada\u00bb por parte de su agresor para evitar entrar en prisi\u00f3n. Si lo hace, ser\u00e1 en un m\u00f3dulo mixto.<\/p>\n\n\n\n<p class=\"wp-block-paragraph\">Sobre su antiguo novio dijo que tiene<strong>&nbsp;el \u00abperfil de un maltratador\u00bb<\/strong>: \u00abControla la vestimenta, las faldas, es machista, hom\u00f3fobo\u00bb. Y fue a m\u00e1s. \u00abTiene una mente psic\u00f3pata, miente, pero bien asesorado e inteligente\u00bb. \u00abSu actitud est\u00e1 lejos de sentirse mujer\u00bb, asegur\u00f3 Patricia, que sufri\u00f3 agresiones \u00abf\u00edsicas, verbales y psicol\u00f3gicas\u00bb.<\/p>\n","protected":false},"excerpt":{"rendered":"<p>Milan fue el nombre que adopt\u00f3 Antonio B.R. As\u00ed est\u00e1 inscrito en el Registro Civil de Sevilla desde&nbsp;el pasado 23 de junio,&nbsp;tras acudir realizar un cambio registral de sexo porque ahora&nbsp;\u00abse siente mujer\u00bb. Este sevillano, de 34 a\u00f1os y vecino de&nbsp;un municipio del Aljarafe, ha sido condenado por maltratar a sus novias. La \u00faltima sentencia [&hellip;]<\/p>\n","protected":false},"author":2,"featured_media":121960,"comment_status":"open","ping_status":"open","sticky":false,"template":"","format":"standard","meta":{"footnotes":""},"categories":[59],"tags":[],"class_list":["post-121959","post","type-post","status-publish","format-standard","has-post-thumbnail","hentry","category-destacadas"],"_links":{"self":[{"href":"http:\/\/elcuartopoder.com.mx\/nw\/wp-json\/wp\/v2\/posts\/121959","targetHints":{"allow":["GET"]}}],"collection":[{"href":"http:\/\/elcuartopoder.com.mx\/nw\/wp-json\/wp\/v2\/posts"}],"about":[{"href":"http:\/\/elcuartopoder.com.mx\/nw\/wp-json\/wp\/v2\/types\/post"}],"author":[{"embeddable":true,"href":"http:\/\/elcuartopoder.com.mx\/nw\/wp-json\/wp\/v2\/users\/2"}],"replies":[{"embeddable":true,"href":"http:\/\/elcuartopoder.com.mx\/nw\/wp-json\/wp\/v2\/comments?post=121959"}],"version-history":[{"count":1,"href":"http:\/\/elcuartopoder.com.mx\/nw\/wp-json\/wp\/v2\/posts\/121959\/revisions"}],"predecessor-version":[{"id":121961,"href":"http:\/\/elcuartopoder.com.mx\/nw\/wp-json\/wp\/v2\/posts\/121959\/revisions\/121961"}],"wp:featuredmedia":[{"embeddable":true,"href":"http:\/\/elcuartopoder.com.mx\/nw\/wp-json\/wp\/v2\/media\/121960"}],"wp:attachment":[{"href":"http:\/\/elcuartopoder.com.mx\/nw\/wp-json\/wp\/v2\/media?parent=121959"}],"wp:term":[{"taxonomy":"category","embeddable":true,"href":"http:\/\/elcuartopoder.com.mx\/nw\/wp-json\/wp\/v2\/categories?post=121959"},{"taxonomy":"post_tag","embeddable":true,"href":"http:\/\/elcuartopoder.com.mx\/nw\/wp-json\/wp\/v2\/tags?post=121959"}],"curies":[{"name":"wp","href":"https:\/\/api.w.org\/{rel}","templated":true}]}}