{"id":121962,"date":"2023-09-14T11:42:20","date_gmt":"2023-09-14T16:42:20","guid":{"rendered":"http:\/\/elcuartopoder.com.mx\/nw\/?p=121962"},"modified":"2023-09-14T11:42:23","modified_gmt":"2023-09-14T16:42:23","slug":"sergio-ramos-y-el-dato-que-tiene-alucinado-al-sevilla","status":"publish","type":"post","link":"http:\/\/elcuartopoder.com.mx\/nw\/entretenimiento\/deportes\/sergio-ramos-y-el-dato-que-tiene-alucinado-al-sevilla\/","title":{"rendered":"Sergio Ramos y el dato que tiene alucinado al Sevilla"},"content":{"rendered":"\n<p class=\"wp-block-paragraph\">La llegada de Sergio Ramos ha supuesto una inyecci\u00f3n de positivismo dentro del Sevilla. No s\u00f3lo los m\u00e1s de 23.000 espectadores que acudieron a su presentaci\u00f3n en el Ram\u00f3n S\u00e1nchez-Pizju\u00e1n mostraron su aprobaci\u00f3n al fichaje, sino que tambi\u00e9n sus ya compa\u00f1eros ven muy positivo el aterrizaje del camero al grupo. Tan s\u00f3lo existen ciertas dudas. \u00bfC\u00f3mo ha llegado f\u00edsicamente el central? \u00bfA sus 37 a\u00f1os podr\u00e1 aguantar el calendario intenso que le espera a los andaluces?<\/p>\n\n\n\n<p class=\"wp-block-paragraph\">Sergio ya ha completado cinco sesiones junto al resto de sus compa\u00f1eros. Adem\u00e1s, durante todo el fin de semana se ha machacado en las instalaciones que alberga en su finca de Bollullos de la Mitaci\u00f3n.&nbsp;<strong>Seg\u00fan ha podido saber Relevo, el cuerpo t\u00e9cnico est\u00e1 gratamente sorprendido con su estado f\u00edsico<\/strong>. Es m\u00e1s, seg\u00fan los datos analizados estos d\u00edas,&nbsp;<strong>Ramos se encuentra en el top 5 de los futbolistas con mayor velocidad de la plantilla, registrando picos de m\u00e1s de 31km\/h.<\/strong>&nbsp;<\/p>\n\n\n\n<p class=\"wp-block-paragraph\">Es por ello que a d\u00eda de hoy, y si la semana de entrenamiento transcurre con normalidad,&nbsp;<strong>no est\u00e1 descartado que el sevillano pueda ser titular en el importante partido que el Sevilla disputar\u00e1 ante Las Palmas<\/strong>. Entre Bad\u00e9, Gudelj y el propio Sergio, se decidir\u00e1 qui\u00e9n es la pareja de centrales para ese partido.<\/p>\n\n\n\n<p class=\"wp-block-paragraph\">Otro de los aspectos favorables que ya ha mostrado el camero son sus dotes de liderazgo dentro del terreno de juego.&nbsp;<strong>Son constantes sus di\u00e1logos con los compa\u00f1eros para mantener la tensi\u00f3n durante los entrenamientos<\/strong>. El cuerpo t\u00e9cnico cree que el equipo necesitaba esa conexi\u00f3n dentro del c\u00e9sped y que ello permitir\u00e1 disminuir el n\u00famero de errores provocados por faltas de concentraci\u00f3n.<\/p>\n\n\n\n<h3 class=\"wp-block-heading\">Mariano sigue con su puesta a punto<\/h3>\n\n\n\n<p class=\"wp-block-paragraph\">Mariano Diaz fue la sorpresa al cierre del mercado, como avanzamos en Relevo.\u00a0La insistencia de Mendilibar en contar con otro delantero\u00a0provoc\u00f3 que V\u00edctor Orta activara esta opci\u00f3n a falta de tres horas para el cierre del mercado.<strong>\u00a0Aunque le queda algo m\u00e1s para alcanzar su estado f\u00edsico \u00f3ptimo, el exdelantero del Real Madrid est\u00e1 dejando muy buena impresi\u00f3n con su capacidad rematadora.<\/strong><\/p>\n\n\n\n<p class=\"wp-block-paragraph\"><strong>De \u00e9l destacan su potente disparo y su capacidad para ocupar los espacios y asociarse con sus compa\u00f1eros.<\/strong>&nbsp;Mucho m\u00e1s t\u00edmido dentro del vestuario, llevar\u00e1 a cabo un plan espec\u00edfico al margen de los entrenamientos para adelantar lo antes posible su puesta a punto. Tras cinco a\u00f1os sin ser protagonista, en Nervi\u00f3n esperan que esa rebeld\u00eda mostrada en su presentaci\u00f3n le permita reactivar su carrera y aumentar la capacidad goleadora en una temporada tremendamente exigente.<\/p>\n","protected":false},"excerpt":{"rendered":"<p>La llegada de Sergio Ramos ha supuesto una inyecci\u00f3n de positivismo dentro del Sevilla. No s\u00f3lo los m\u00e1s de 23.000 espectadores que acudieron a su presentaci\u00f3n en el Ram\u00f3n S\u00e1nchez-Pizju\u00e1n mostraron su aprobaci\u00f3n al fichaje, sino que tambi\u00e9n sus ya compa\u00f1eros ven muy positivo el aterrizaje del camero al grupo. Tan s\u00f3lo existen ciertas dudas. [&hellip;]<\/p>\n","protected":false},"author":2,"featured_media":121963,"comment_status":"open","ping_status":"open","sticky":false,"template":"","format":"standard","meta":{"footnotes":""},"categories":[7],"tags":[],"class_list":["post-121962","post","type-post","status-publish","format-standard","has-post-thumbnail","hentry","category-deportes"],"_links":{"self":[{"href":"http:\/\/elcuartopoder.com.mx\/nw\/wp-json\/wp\/v2\/posts\/121962","targetHints":{"allow":["GET"]}}],"collection":[{"href":"http:\/\/elcuartopoder.com.mx\/nw\/wp-json\/wp\/v2\/posts"}],"about":[{"href":"http:\/\/elcuartopoder.com.mx\/nw\/wp-json\/wp\/v2\/types\/post"}],"author":[{"embeddable":true,"href":"http:\/\/elcuartopoder.com.mx\/nw\/wp-json\/wp\/v2\/users\/2"}],"replies":[{"embeddable":true,"href":"http:\/\/elcuartopoder.com.mx\/nw\/wp-json\/wp\/v2\/comments?post=121962"}],"version-history":[{"count":1,"href":"http:\/\/elcuartopoder.com.mx\/nw\/wp-json\/wp\/v2\/posts\/121962\/revisions"}],"predecessor-version":[{"id":121964,"href":"http:\/\/elcuartopoder.com.mx\/nw\/wp-json\/wp\/v2\/posts\/121962\/revisions\/121964"}],"wp:featuredmedia":[{"embeddable":true,"href":"http:\/\/elcuartopoder.com.mx\/nw\/wp-json\/wp\/v2\/media\/121963"}],"wp:attachment":[{"href":"http:\/\/elcuartopoder.com.mx\/nw\/wp-json\/wp\/v2\/media?parent=121962"}],"wp:term":[{"taxonomy":"category","embeddable":true,"href":"http:\/\/elcuartopoder.com.mx\/nw\/wp-json\/wp\/v2\/categories?post=121962"},{"taxonomy":"post_tag","embeddable":true,"href":"http:\/\/elcuartopoder.com.mx\/nw\/wp-json\/wp\/v2\/tags?post=121962"}],"curies":[{"name":"wp","href":"https:\/\/api.w.org\/{rel}","templated":true}]}}