{"id":122198,"date":"2023-09-22T14:30:42","date_gmt":"2023-09-22T19:30:42","guid":{"rendered":"http:\/\/elcuartopoder.com.mx\/nw\/?p=122198"},"modified":"2023-09-22T14:30:46","modified_gmt":"2023-09-22T19:30:46","slug":"sophie-turner-demanda-a-joe-jonas-por-retener-a-sus-hijas-en-eu","status":"publish","type":"post","link":"http:\/\/elcuartopoder.com.mx\/nw\/entretenimiento\/espectaculos\/sophie-turner-demanda-a-joe-jonas-por-retener-a-sus-hijas-en-eu\/","title":{"rendered":"Sophie Turner demanda a Joe Jonas por retener a sus hijas en EU"},"content":{"rendered":"\n<p class=\"wp-block-paragraph\"><strong>Sophie Turner<\/strong>&nbsp;decidi\u00f3 demandar a su ex pareja, Joe Jonas, para que devuelva a sus hijas a su pa\u00eds de origen, Inglaterra.<\/p>\n\n\n\n<p class=\"wp-block-paragraph\">Esta intensa situaci\u00f3n se da en medio de su\u00a0divorcio.\u00a0<\/p>\n\n\n\n<p class=\"wp-block-paragraph\">De acuerdo con documentos obtenidos por&nbsp;<em>New York Post<\/em>, Jonas tiene \u2018retenidas\u2019 a las menores, evitando entregar los pasaportes para que se vayan de Nueva York.<\/p>\n\n\n\n<blockquote class=\"wp-block-quote is-layout-flow wp-block-quote-is-layout-flow\"><p>\u2018El padre ha impedido el regreso de las ni\u00f1as a Inglaterra, lo que constituye una violaci\u00f3n de los derechos de custodia de la madre seg\u00fan la ley inglesa, siendo Inglaterra la residencia habitual de las menores\u2019,&nbsp;dice la demanda presentada en un tribunal de Manhattan.<\/p><\/blockquote>\n\n\n\n<p class=\"wp-block-paragraph\">Willa, de 3 a\u00f1os, y su hermana, de 1 a\u00f1o, se hab\u00edan estado quedando con su padre en Estados Unidos, mientras Sophie Turner filmaba un proyecto en Inglaterra.<\/p>\n\n\n\n<blockquote class=\"wp-block-quote is-layout-flow wp-block-quote-is-layout-flow\"><p>\u2018Sophie estuvo ocupada filmando este verano, por lo que Joe y Sophie pensaron que este escenario ser\u00eda lo mejor para sus hijas\u2019.<\/p><p>\u2018Las hijas de Sophie y Joe han estado con Joe mientras \u00e9l estaba de gira, porque est\u00e1 rodeado de familia y es agradable para los ni\u00f1os estar con sus t\u00edas, t\u00edos y primos\u2019, asevera la denuncia.<\/p><\/blockquote>\n\n\n\n<p class=\"wp-block-paragraph\"><a href=\"https:\/\/images.sipse.com\/dRvdPCo3u-OsAbdLQR_Fwx_pJ3s=\/fit-in\/900x500\/2023\/09\/21\/1695320830282.png\"><\/a>Sophie Turner se\u00f1al\u00f3 que ambos hab\u00edan acordado que sus peque\u00f1as vivir\u00edan en Inglaterra. (Foto: Backgrid\/The Grosby Group)<\/p>\n\n\n\n<p class=\"wp-block-paragraph\">La actriz de Game Of Thrones aleg\u00f3 que previo a su separaci\u00f3n, tanto ella como Joe hab\u00edan acordado que Reino Unido se convertir\u00eda en su \u2018hogar definitivo\u2019, pues consideraron que era un lugar seguro para criar a sus hijas.<\/p>\n\n\n\n<blockquote class=\"wp-block-quote is-layout-flow wp-block-quote-is-layout-flow\"><p>\u2018Ambas partes estaban entusiasmadas por el traslado de la familia a Inglaterra\u2019,&nbsp;afirman los documentos.<\/p><\/blockquote>\n\n\n\n<h2 class=\"wp-block-heading\">\u00bfNo sab\u00eda de su propio divorcio?<\/h2>\n\n\n\n<p class=\"wp-block-paragraph\">En la demanda, Sophie Turner confes\u00f3 que se enter\u00f3 de la solicitud de divorcio de Joe Jonas por los medios de comunicaci\u00f3n.<\/p>\n\n\n\n<p class=\"wp-block-paragraph\">Asimismo, la actriz de 27 a\u00f1os, revel\u00f3 que tuvo una discusi\u00f3n con Joe, el pasado 15 de agosto, en el cumplea\u00f1os 34 del cantante.&nbsp;<\/p>\n\n\n\n<p class=\"wp-block-paragraph\">Tras cuatro a\u00f1os de matrimonio, Joe Jonas solicit\u00f3 el divorcio a Sophie Turner argumentando que hab\u00edan diferencias irreconciliables.<\/p>\n\n\n\n<blockquote class=\"wp-block-quote is-layout-flow wp-block-quote-is-layout-flow\"><p>\u2018Hemos decidido mutuamente poner fin a nuestro matrimonio de manera amistosa. Hay muchas narrativas especulativas sobre por qu\u00e9, pero realmente esta es una decisi\u00f3n unida y esperamos sinceramente que todos puedan respetar nuestros deseos de privacidad para nosotros y nuestros hijos\u2019, informaron Turner y Jonas en redes sociales el 6 de septiembre.<\/p><\/blockquote>\n","protected":false},"excerpt":{"rendered":"<p>Sophie Turner&nbsp;decidi\u00f3 demandar a su ex pareja, Joe Jonas, para que devuelva a sus hijas a su pa\u00eds de origen, Inglaterra. Esta intensa situaci\u00f3n se da en medio de su\u00a0divorcio.\u00a0 De acuerdo con documentos obtenidos por&nbsp;New York Post, Jonas tiene \u2018retenidas\u2019 a las menores, evitando entregar los pasaportes para que se vayan de Nueva York. [&hellip;]<\/p>\n","protected":false},"author":2,"featured_media":122199,"comment_status":"open","ping_status":"open","sticky":false,"template":"","format":"standard","meta":{"footnotes":""},"categories":[11],"tags":[],"class_list":["post-122198","post","type-post","status-publish","format-standard","has-post-thumbnail","hentry","category-espectaculos"],"_links":{"self":[{"href":"http:\/\/elcuartopoder.com.mx\/nw\/wp-json\/wp\/v2\/posts\/122198","targetHints":{"allow":["GET"]}}],"collection":[{"href":"http:\/\/elcuartopoder.com.mx\/nw\/wp-json\/wp\/v2\/posts"}],"about":[{"href":"http:\/\/elcuartopoder.com.mx\/nw\/wp-json\/wp\/v2\/types\/post"}],"author":[{"embeddable":true,"href":"http:\/\/elcuartopoder.com.mx\/nw\/wp-json\/wp\/v2\/users\/2"}],"replies":[{"embeddable":true,"href":"http:\/\/elcuartopoder.com.mx\/nw\/wp-json\/wp\/v2\/comments?post=122198"}],"version-history":[{"count":1,"href":"http:\/\/elcuartopoder.com.mx\/nw\/wp-json\/wp\/v2\/posts\/122198\/revisions"}],"predecessor-version":[{"id":122200,"href":"http:\/\/elcuartopoder.com.mx\/nw\/wp-json\/wp\/v2\/posts\/122198\/revisions\/122200"}],"wp:featuredmedia":[{"embeddable":true,"href":"http:\/\/elcuartopoder.com.mx\/nw\/wp-json\/wp\/v2\/media\/122199"}],"wp:attachment":[{"href":"http:\/\/elcuartopoder.com.mx\/nw\/wp-json\/wp\/v2\/media?parent=122198"}],"wp:term":[{"taxonomy":"category","embeddable":true,"href":"http:\/\/elcuartopoder.com.mx\/nw\/wp-json\/wp\/v2\/categories?post=122198"},{"taxonomy":"post_tag","embeddable":true,"href":"http:\/\/elcuartopoder.com.mx\/nw\/wp-json\/wp\/v2\/tags?post=122198"}],"curies":[{"name":"wp","href":"https:\/\/api.w.org\/{rel}","templated":true}]}}