{"id":122202,"date":"2023-09-22T15:18:48","date_gmt":"2023-09-22T20:18:48","guid":{"rendered":"http:\/\/elcuartopoder.com.mx\/nw\/?p=122202"},"modified":"2023-09-22T15:18:51","modified_gmt":"2023-09-22T20:18:51","slug":"la-policia-descubre-a-un-hombre-drogado-desnudo-e-inconsciente-en-el-apartamento-donde-reside-un-cura-en-polonia","status":"publish","type":"post","link":"http:\/\/elcuartopoder.com.mx\/nw\/varios\/la-policia-descubre-a-un-hombre-drogado-desnudo-e-inconsciente-en-el-apartamento-donde-reside-un-cura-en-polonia\/","title":{"rendered":"La polic\u00eda descubre a un hombre drogado, desnudo e inconsciente en el apartamento donde reside un cura en Polonia"},"content":{"rendered":"\n<p class=\"wp-block-paragraph\">La comunidad de D\u0105browa G\u00f3rnicza se ha visto profundamente conmocionada por un inusual y controvertido episodio que involucra a un\u00a0sacerdote\u00a0local y dos amigos en un apartamento de la parroquia de la Sant\u00edsima Virgen Mar\u00eda de los \u00c1ngeles. El incidente, que ocurri\u00f3 durante la\u00a0<strong>noche del 30 al 31 de agosto<\/strong>, ha generado una investigaci\u00f3n legal y la consternaci\u00f3n de la comunidad religiosa.<\/p>\n\n\n\n<p class=\"wp-block-paragraph\">Seg\u00fan el medio polaco &#8216;Fakt&#8217;, los servicios de emergencia y la polic\u00eda tuvieron que intervenir en el apartamento del\u00a0sacerdote\u00a0Tomasz Z., quien organiz\u00f3 una reuni\u00f3n social con dos amigos, supuestamente tambi\u00e9n cl\u00e9rigos. La reuni\u00f3n, seg\u00fan informes no oficiales suministrados por el mismo medio, incluy\u00f3 el\u00a0<strong>consumo de sustancias ilegales<\/strong>\u00a0de gran potencia, lo que llev\u00f3 a una situaci\u00f3n de emergencia donde\u00a0<strong>la vida de un hombre corri\u00f3 peligro<\/strong>.<\/p>\n\n\n\n<h3 class=\"wp-block-heading\">Los hechos ocurridos en el apartamento del p\u00e1rroco<\/h3>\n\n\n\n<p class=\"wp-block-paragraph\">La intervenci\u00f3n de los servicios de emergencia se produjo despu\u00e9s de que una persona presente en el apartamento expresara su&nbsp;<strong>preocupaci\u00f3n por la salud de uno de los asistentes<\/strong>. El informante, seg\u00fan afirm\u00f3 al medio polaco, fue expulsado del apartamento y no pudo entrar para ayudar a esta persona, por lo que decidi\u00f3 llamar a los servicios de emergencias.<\/p>\n\n\n\n<p class=\"wp-block-paragraph\">Tras la llamada, los param\u00e9dicos que se personaron en el lugar se encontraron con\u00a0<strong>dificultades para acceder al apartamento<\/strong>, lo que llev\u00f3 al aviso de la\u00a0<strong>polic\u00eda<\/strong>. Cuando finalmente pudieron acceder al apartamento, descubrieron a un\u00a0<strong>hombre desnudo e inconsciente en el suelo<\/strong>, por lo que le trasladaron al servicio de\u00a0<strong>urgencias<\/strong>\u00a0del hospital de D\u0105browa G\u00f3rnicza. Aunque, tras estabilizarle, abandon\u00f3 el hospital por voluntad propia.<\/p>\n\n\n\n<p class=\"wp-block-paragraph\">Asimismo, tanto el sacerdote Tomasz Z. como sus invitados fueron sometidos a&nbsp;<strong>pruebas toxicol\u00f3gicas<\/strong>&nbsp;para determinar qu\u00e9 sustancias hab\u00edan consumido, aunque la fiscal\u00eda no ha divulgado p\u00fablicamente los resultados de estas pruebas.<\/p>\n\n\n\n<h3 class=\"wp-block-heading\">La investigaci\u00f3n de la di\u00f3cesis<\/h3>\n\n\n\n<p class=\"wp-block-paragraph\">Por otro lado, el Padre Andrzej Stasiak revel\u00f3 a &#8216;Fakt&#8217; que hab\u00eda informado a la Curia de Sosnowiec sobre la situaci\u00f3n. Raz\u00f3n por la que la di\u00f3cesis de Sosnowiec emiti\u00f3 un&nbsp;<strong>comunicado oficial<\/strong>&nbsp;en el que se anunci\u00f3 la formaci\u00f3n de una&nbsp;<strong>comisi\u00f3n para investigar los hechos<\/strong>&nbsp;y circunstancias del incidente.<\/p>\n\n\n\n<p class=\"wp-block-paragraph\">El comunicado declar\u00f3: \u00abDebido a la informaci\u00f3n de los medios sobre el hecho ocurrido en la parroquia Sant\u00edsima Virgen Mar\u00eda de los \u00c1ngeles en D\u0105browa G\u00f3rnicza. La Curia diocesana de Sosnowiec informa que, el 12 de septiembre de este a\u00f1o, la Sant\u00edsima Virgen Mar\u00eda de los \u00c1ngeles en D\u0105browa G\u00f3rnicza inform\u00f3 por escrito a la Curia Diocesana de Sosnowiec sobre la &#8216;intervenci\u00f3n de la ambulancia y de la polic\u00eda&#8217; en el apartamento de uno de los sacerdotes. El mismo d\u00eda, el obispo Sosnowiecki nombr\u00f3 una comisi\u00f3n para aclarar urgentemente los hechos y circunstancias de la situaci\u00f3n\u00bb.<\/p>\n\n\n\n<p class=\"wp-block-paragraph\">Asimismo, tras el incidente, los medios locales se hicieron eco de la noticia. Sin embargo, la di\u00f3cesis revel\u00f3 que las conclusiones que ellos manejan\u00a0<strong>difieren de las informaciones publicadas<\/strong>. \u00abA la luz de las conclusiones de la Comisi\u00f3n hasta el momento, cabe se\u00f1alar que sus conclusiones difieren de la informaci\u00f3n presentada por algunos medios de comunicaci\u00f3n. El Obispo es informado peri\u00f3dicamente sobre los resultados del trabajo de la Comisi\u00f3n. Despu\u00e9s de completar su trabajo y determinar las circunstancias del incidente, el Obispo tomar\u00e1 las medidas apropiadas previstas por el derecho can\u00f3nico\u00bb.<\/p>\n\n\n\n<p class=\"wp-block-paragraph\">Fuente: ABC<\/p>\n","protected":false},"excerpt":{"rendered":"<p>La comunidad de D\u0105browa G\u00f3rnicza se ha visto profundamente conmocionada por un inusual y controvertido episodio que involucra a un\u00a0sacerdote\u00a0local y dos amigos en un apartamento de la parroquia de la Sant\u00edsima Virgen Mar\u00eda de los \u00c1ngeles. El incidente, que ocurri\u00f3 durante la\u00a0noche del 30 al 31 de agosto, ha generado una investigaci\u00f3n legal y [&hellip;]<\/p>\n","protected":false},"author":2,"featured_media":122203,"comment_status":"open","ping_status":"open","sticky":false,"template":"","format":"standard","meta":{"footnotes":""},"categories":[64],"tags":[],"class_list":["post-122202","post","type-post","status-publish","format-standard","has-post-thumbnail","hentry","category-varios"],"_links":{"self":[{"href":"http:\/\/elcuartopoder.com.mx\/nw\/wp-json\/wp\/v2\/posts\/122202","targetHints":{"allow":["GET"]}}],"collection":[{"href":"http:\/\/elcuartopoder.com.mx\/nw\/wp-json\/wp\/v2\/posts"}],"about":[{"href":"http:\/\/elcuartopoder.com.mx\/nw\/wp-json\/wp\/v2\/types\/post"}],"author":[{"embeddable":true,"href":"http:\/\/elcuartopoder.com.mx\/nw\/wp-json\/wp\/v2\/users\/2"}],"replies":[{"embeddable":true,"href":"http:\/\/elcuartopoder.com.mx\/nw\/wp-json\/wp\/v2\/comments?post=122202"}],"version-history":[{"count":1,"href":"http:\/\/elcuartopoder.com.mx\/nw\/wp-json\/wp\/v2\/posts\/122202\/revisions"}],"predecessor-version":[{"id":122204,"href":"http:\/\/elcuartopoder.com.mx\/nw\/wp-json\/wp\/v2\/posts\/122202\/revisions\/122204"}],"wp:featuredmedia":[{"embeddable":true,"href":"http:\/\/elcuartopoder.com.mx\/nw\/wp-json\/wp\/v2\/media\/122203"}],"wp:attachment":[{"href":"http:\/\/elcuartopoder.com.mx\/nw\/wp-json\/wp\/v2\/media?parent=122202"}],"wp:term":[{"taxonomy":"category","embeddable":true,"href":"http:\/\/elcuartopoder.com.mx\/nw\/wp-json\/wp\/v2\/categories?post=122202"},{"taxonomy":"post_tag","embeddable":true,"href":"http:\/\/elcuartopoder.com.mx\/nw\/wp-json\/wp\/v2\/tags?post=122202"}],"curies":[{"name":"wp","href":"https:\/\/api.w.org\/{rel}","templated":true}]}}