{"id":122211,"date":"2023-09-23T11:50:21","date_gmt":"2023-09-23T16:50:21","guid":{"rendered":"http:\/\/elcuartopoder.com.mx\/nw\/?p=122211"},"modified":"2023-09-23T11:50:24","modified_gmt":"2023-09-23T16:50:24","slug":"amlo-expropia-mas-hectareas-en-campeche-y-quintana-roo-para-el-tren-maya","status":"publish","type":"post","link":"http:\/\/elcuartopoder.com.mx\/nw\/estatales\/amlo-expropia-mas-hectareas-en-campeche-y-quintana-roo-para-el-tren-maya\/","title":{"rendered":"AMLO expropia m\u00e1s hect\u00e1reas en Campeche y Quintana Roo para el Tren Maya"},"content":{"rendered":"\n<p class=\"wp-block-paragraph\">El Gobierno federal expropi\u00f3 303 hect\u00e1reas ejidales m\u00e1s en los estados de<strong>&nbsp;Campeche y Quintana Roo<\/strong>&nbsp;para continuar con la construcci\u00f3n del&nbsp;<strong>Tren Maya<\/strong>.<\/p>\n\n\n\n<p class=\"wp-block-paragraph\">Las declaratorias de utilidad p\u00fablica, difundidas este jueves en el\u00a0<strong>Diario Oficial de la Federaci\u00f3n (DOF)<\/strong>, incluyen 20 hect\u00e1reas de temporal de uso com\u00fan en el ejido \u00ab<strong>El Chichonal<\/strong>\u00ab, as\u00ed como 31 hect\u00e1reas de agostadero de uso com\u00fan del ejido \u00ab<strong>Emiliano Zapata<\/strong>\u00ab, en el Municipio campechano de Calakmul.<\/p>\n\n\n\n<p class=\"wp-block-paragraph\">Tambi\u00e9n fueron expropiadas 163 hect\u00e1reas de temporal de uso com\u00fan en el ejido\u00a0<strong><em>\u00abFelipe Carrillo Puerto\u00bb<\/em><\/strong>, en el municipio del mismo nombre, en Quintana Roo.<\/p>\n\n\n\n<p class=\"wp-block-paragraph\">A esas se suman 63 hect\u00e1reas de temporal, de uso parcelado y uso com\u00fan en el ejido<strong><em>\u00a0\u00abTulum\u00bb<\/em><\/strong>\u00a0y 26 hect\u00e1reas m\u00e1s en el ejido\u00a0<strong><em>\u00abNPCE Profesor Sergio Butr\u00f3n Casa\u00bb\u00a0<\/em><\/strong>en<strong>\u00a0Oth\u00f3n P. Blanco<\/strong>.<\/p>\n\n\n\n<h2 class=\"wp-block-heading\">AMLO alista visita al Sur de M\u00e9xico<\/h2>\n\n\n\n<p class=\"wp-block-paragraph\">El presidente mexicano, Andr\u00e9s Manuel L\u00f3pez Obrador, anunci\u00f3 que este fin de semana llevar\u00e1 a cabo otra gira de supervisi\u00f3n en las&nbsp;<strong>obras de construcci\u00f3n del Tren Maya<\/strong>.<\/p>\n\n\n\n<p class=\"wp-block-paragraph\">El mandatario detall\u00f3 que, en dos semanas -a finales de septiembre-, pretende realizar un recorrido de prueba, saliendo desde Canc\u00fan con llegada a la estaci\u00f3n de Esc\u00e1rcega, en Campeche.<\/p>\n\n\n\n<p class=\"wp-block-paragraph\">Fuente: SIPSE<\/p>\n","protected":false},"excerpt":{"rendered":"<p>El Gobierno federal expropi\u00f3 303 hect\u00e1reas ejidales m\u00e1s en los estados de&nbsp;Campeche y Quintana Roo&nbsp;para continuar con la construcci\u00f3n del&nbsp;Tren Maya. Las declaratorias de utilidad p\u00fablica, difundidas este jueves en el\u00a0Diario Oficial de la Federaci\u00f3n (DOF), incluyen 20 hect\u00e1reas de temporal de uso com\u00fan en el ejido \u00abEl Chichonal\u00ab, as\u00ed como 31 hect\u00e1reas de agostadero [&hellip;]<\/p>\n","protected":false},"author":2,"featured_media":122212,"comment_status":"open","ping_status":"open","sticky":false,"template":"","format":"standard","meta":{"footnotes":""},"categories":[60],"tags":[],"class_list":["post-122211","post","type-post","status-publish","format-standard","has-post-thumbnail","hentry","category-estatales"],"_links":{"self":[{"href":"http:\/\/elcuartopoder.com.mx\/nw\/wp-json\/wp\/v2\/posts\/122211","targetHints":{"allow":["GET"]}}],"collection":[{"href":"http:\/\/elcuartopoder.com.mx\/nw\/wp-json\/wp\/v2\/posts"}],"about":[{"href":"http:\/\/elcuartopoder.com.mx\/nw\/wp-json\/wp\/v2\/types\/post"}],"author":[{"embeddable":true,"href":"http:\/\/elcuartopoder.com.mx\/nw\/wp-json\/wp\/v2\/users\/2"}],"replies":[{"embeddable":true,"href":"http:\/\/elcuartopoder.com.mx\/nw\/wp-json\/wp\/v2\/comments?post=122211"}],"version-history":[{"count":1,"href":"http:\/\/elcuartopoder.com.mx\/nw\/wp-json\/wp\/v2\/posts\/122211\/revisions"}],"predecessor-version":[{"id":122213,"href":"http:\/\/elcuartopoder.com.mx\/nw\/wp-json\/wp\/v2\/posts\/122211\/revisions\/122213"}],"wp:featuredmedia":[{"embeddable":true,"href":"http:\/\/elcuartopoder.com.mx\/nw\/wp-json\/wp\/v2\/media\/122212"}],"wp:attachment":[{"href":"http:\/\/elcuartopoder.com.mx\/nw\/wp-json\/wp\/v2\/media?parent=122211"}],"wp:term":[{"taxonomy":"category","embeddable":true,"href":"http:\/\/elcuartopoder.com.mx\/nw\/wp-json\/wp\/v2\/categories?post=122211"},{"taxonomy":"post_tag","embeddable":true,"href":"http:\/\/elcuartopoder.com.mx\/nw\/wp-json\/wp\/v2\/tags?post=122211"}],"curies":[{"name":"wp","href":"https:\/\/api.w.org\/{rel}","templated":true}]}}