{"id":122214,"date":"2023-09-23T11:52:53","date_gmt":"2023-09-23T16:52:53","guid":{"rendered":"http:\/\/elcuartopoder.com.mx\/nw\/?p=122214"},"modified":"2023-09-23T11:52:56","modified_gmt":"2023-09-23T16:52:56","slug":"invitan-a-la-poblacion-de-quintana-roo-a-mega-arborizacion","status":"publish","type":"post","link":"http:\/\/elcuartopoder.com.mx\/nw\/estatales\/invitan-a-la-poblacion-de-quintana-roo-a-mega-arborizacion\/","title":{"rendered":"Invitan a la poblaci\u00f3n de Quintana Roo a mega arborizaci\u00f3n"},"content":{"rendered":"\n<p class=\"wp-block-paragraph\">La Secretar\u00eda de Ecolog\u00eda y Medio Ambiente (SEMA), en coordinaci\u00f3n con los 11 municipios,&nbsp;<strong>llevar\u00e1n a cabo ma\u00f1ana s\u00e1bado, la Mega Arborizaci\u00f3n<\/strong>&nbsp;para contribuir a contrarrestar los efectos del cambio clim\u00e1tico y reducir las intensas temperaturas.<\/p>\n\n\n\n<p class=\"wp-block-paragraph\">La titular de la SEMA, Huguette Hern\u00e1ndez G\u00f3mez, invita a todas las familias de Quintana Roo a participar y ayudar a sembrar un \u00e1rbol, ya que se entregar\u00e1n 500 \u00e1rboles a cada ayuntamiento para que arboricen el \u00e1rea que ellos consideren necesaria para mitigar el efecto invernadero.<\/p>\n\n\n\n<blockquote class=\"wp-block-quote is-layout-flow wp-block-quote-is-layout-flow\"><p><em>\u201c<strong>Est\u00e1n todos invitados, todas las comunidades de los municipios<\/strong>, para que vayan y nos ayuden a arborizar y que hagan suyos cada \u00e1rbol, recuerden que tenemos afectaciones por el cambio clim\u00e1tico, un aumento de temperatura muy fuerte y eso lo podemos contrarrestar con arborizaci\u00f3n y reforestaci\u00f3n\u201d, recalc\u00f3.<\/em><\/p><\/blockquote>\n\n\n\n<p class=\"wp-block-paragraph\">Huguette Hern\u00e1ndez dijo que a partir de las 08:00 horas del s\u00e1bado dar\u00e1 inicio la arborizaci\u00f3n en los 11 municipios y podr\u00e1n participar las familias; dijo, que se trata de hacer una mega arborizaci\u00f3n en todo Quintana Roo con \u00e1rboles nativos como: caoba, ram\u00f3n, ciricote, roble, jab\u00edn, macul\u00eds, entre otros.<\/p>\n\n\n\n<p class=\"wp-block-paragraph\">En el municipio de L\u00e1zaro C\u00e1rdenas&nbsp;<strong>iniciar\u00e1 la arborizaci\u00f3n en las instalaciones de la Expoferia<\/strong>&nbsp;(Casino Ganadero); en Tulum en la colonia Tumbenkah frente a bomberos, entre avenida la Selva con Avenida 1; en Puerto Morelos en la Unidad Deportiva \u201cIng. Isaac Hamui\u201d; en Benito Ju\u00e1rez ser\u00e1 en el camell\u00f3n central entre avenida Jos\u00e9 L\u00f3pez Portillo y avenida Nichupt\u00e9; en Bacalar en la avenida 21 entre calles 40 y 42.<\/p>\n\n\n\n<p class=\"wp-block-paragraph\">En Cozumel en la avenida 8 de Octubre, prolongaci\u00f3n de la 65 Avenida; en Jos\u00e9 Mar\u00eda Morelos ser\u00e1 en la carretera Muna-Felipe Carrillo Puerto kil\u00f3metro 137, frente a la Universidad Intercultural Maya de Quintana Roo; en Felipe Carrillo Puerto se llevar\u00e1 a cabo en calle 57, entre calle 50 y calle 48, el domo del FOVISSSTE; en Solidaridad ser\u00e1 en el parque Fragata, ubicado en la cerrada Fragata con CTM, fraccionamiento Villas del Sol.<\/p>\n\n\n\n<p class=\"wp-block-paragraph\">En Oth\u00f3n P. Blanco&nbsp;<strong>ser\u00e1 en el estacionamiento del estadio de b\u00e9isbol \u201cNachan Ka\u2019an\u201d<\/strong>&nbsp;y en Isla Mujeres se llevar\u00e1 a cabo en la zona Continental.<\/p>\n","protected":false},"excerpt":{"rendered":"<p>La Secretar\u00eda de Ecolog\u00eda y Medio Ambiente (SEMA), en coordinaci\u00f3n con los 11 municipios,&nbsp;llevar\u00e1n a cabo ma\u00f1ana s\u00e1bado, la Mega Arborizaci\u00f3n&nbsp;para contribuir a contrarrestar los efectos del cambio clim\u00e1tico y reducir las intensas temperaturas. La titular de la SEMA, Huguette Hern\u00e1ndez G\u00f3mez, invita a todas las familias de Quintana Roo a participar y ayudar a [&hellip;]<\/p>\n","protected":false},"author":2,"featured_media":122215,"comment_status":"open","ping_status":"open","sticky":false,"template":"","format":"standard","meta":{"footnotes":""},"categories":[60],"tags":[],"class_list":["post-122214","post","type-post","status-publish","format-standard","has-post-thumbnail","hentry","category-estatales"],"_links":{"self":[{"href":"http:\/\/elcuartopoder.com.mx\/nw\/wp-json\/wp\/v2\/posts\/122214","targetHints":{"allow":["GET"]}}],"collection":[{"href":"http:\/\/elcuartopoder.com.mx\/nw\/wp-json\/wp\/v2\/posts"}],"about":[{"href":"http:\/\/elcuartopoder.com.mx\/nw\/wp-json\/wp\/v2\/types\/post"}],"author":[{"embeddable":true,"href":"http:\/\/elcuartopoder.com.mx\/nw\/wp-json\/wp\/v2\/users\/2"}],"replies":[{"embeddable":true,"href":"http:\/\/elcuartopoder.com.mx\/nw\/wp-json\/wp\/v2\/comments?post=122214"}],"version-history":[{"count":1,"href":"http:\/\/elcuartopoder.com.mx\/nw\/wp-json\/wp\/v2\/posts\/122214\/revisions"}],"predecessor-version":[{"id":122216,"href":"http:\/\/elcuartopoder.com.mx\/nw\/wp-json\/wp\/v2\/posts\/122214\/revisions\/122216"}],"wp:featuredmedia":[{"embeddable":true,"href":"http:\/\/elcuartopoder.com.mx\/nw\/wp-json\/wp\/v2\/media\/122215"}],"wp:attachment":[{"href":"http:\/\/elcuartopoder.com.mx\/nw\/wp-json\/wp\/v2\/media?parent=122214"}],"wp:term":[{"taxonomy":"category","embeddable":true,"href":"http:\/\/elcuartopoder.com.mx\/nw\/wp-json\/wp\/v2\/categories?post=122214"},{"taxonomy":"post_tag","embeddable":true,"href":"http:\/\/elcuartopoder.com.mx\/nw\/wp-json\/wp\/v2\/tags?post=122214"}],"curies":[{"name":"wp","href":"https:\/\/api.w.org\/{rel}","templated":true}]}}