{"id":122232,"date":"2023-09-24T17:53:48","date_gmt":"2023-09-24T22:53:48","guid":{"rendered":"http:\/\/elcuartopoder.com.mx\/nw\/?p=122232"},"modified":"2023-09-24T17:53:51","modified_gmt":"2023-09-24T22:53:51","slug":"las-siete-veces-en-las-que-hernan-cortes-fue-enterrado-y-desenterrado-la-infamia-de-mexico","status":"publish","type":"post","link":"http:\/\/elcuartopoder.com.mx\/nw\/opinion\/las-siete-veces-en-las-que-hernan-cortes-fue-enterrado-y-desenterrado-la-infamia-de-mexico\/","title":{"rendered":"Las siete veces en las que Hern\u00e1n Cort\u00e9s fue enterrado y desenterrado: la infamia de M\u00e9xico"},"content":{"rendered":"\n<p>No es ning\u00fan secreto que los hijos M\u00e9xico no saben c\u00f3mo tratar al padre del pa\u00eds: \u00bfH\u00e9roe o villano? \u00bfGenocida o creador? Y mientras siguen debatiendo qu\u00e9 hacer con\u00a0el legado de Hern\u00e1n Cort\u00e9s, la tumba del conquistador espa\u00f1ol permanece semioculta tras ser v\u00edctima de una intensa persecuci\u00f3n en el pasado y de estar siete veces dando tumbos.<\/p>\n\n\n\n<p>\u00abSi agitada fue la vida del creador de la naci\u00f3n mexicana, como denomin\u00f3 a Cort\u00e9s por vez primera&nbsp;<strong>don Jos\u00e9 Vasconcelos<\/strong>, no fueron menos azarosas las vicisitudes de sus restos mortales, trasladados, escondidos, honrados, cambiados de lugar, vilipendiados, amenazados de ser aventados, desenterrados, ocultados, perdidos, hallados, analizados y vueltos a enterrar. Y me guardar\u00eda mucho de profetizar, y aun de creer, que haya concluido para siempre el deambular de su cuerpo muerto, en esta tierra tan amada por \u00e9l, y en la que tanto deambul\u00f3 \u00e9l en vida\u00bb, explicaba Torcuato Luca de Tena en las p\u00e1ginas de ABC el 3 del 12 de 1980 con un art\u00edculo titulado&nbsp;<strong>&#8216;Los restos de don Hern\u00e1n Cort\u00e9s fueron enterrados siete veces&#8217;<\/strong>.<\/p>\n\n\n\n<p>Cort\u00e9s fue enterrado siete veces, primero en la villa de Santiponce; la segunda, en el convento de padres franciscanos de Texcoco; la tercera, en la iglesia de San Francisco el Grande, ya en la ciudad de M\u00e9xico; la cuarta, en el monumento funerario que tall\u00f3 el gran artista valenciano&nbsp;<strong>Manuel Tolsa<\/strong>&nbsp;para el templo de Jes\u00fas Nazareno; la quinta, en los s\u00f3tanos del mismo recinto, bajo el altar mayor; la sexta, en un nicho que qued\u00f3 tapiado durante un siglo, hasta que fue descubierto casi en nuestros d\u00edas; la s\u00e9ptima, en el mismo lugar, tras seis meses en que permaneci\u00f3 insepulto.<\/p>\n\n\n\n<p>Una larga andadura para los restos de un personaje igual de viajero e intr\u00e9pido durante su vida.<\/p>\n\n\n\n<h3 class=\"wp-block-heading\">\u00bfC\u00f3mo se produjo una aventura tan prolongada?<\/h3>\n\n\n\n<p>Tras sus \u00e9xitos militares en el nuevo continente, Hern\u00e1n Cort\u00e9s se cuid\u00f3 de regresar a Castilla a dar cuenta de sus \u00e9xitos a\u00a0Carlos I de Espa\u00f1a. La relaci\u00f3n fue durante un tiempo cordial con el Rey, pero con el tiempo Cort\u00e9s pas\u00f3 a engrosar contra su voluntad la lista de nobles que merodeaban la Corte mendigando por cargos y prebendas. El extreme\u00f1o, no obstante, se consideraba merecedor de reconocimientos sin necesidad de estar reclamando favores. \u00ab\u00bfEs que su Majestad no tiene noticia de ello o es que no tiene memoria?\u00bb, escribi\u00f3 Hern\u00e1n Cort\u00e9s, sin pelos en la lengua, ante\u00a0<strong>las promesas incumplidas del Monarca.<\/strong><\/p>\n\n\n\n<p>Para los europeos, los m\u00e9ritos en Am\u00e9rica sonaban a poca cosa y no requer\u00edan tanta atenci\u00f3n. Con todo, el Rey le concedi\u00f3 un bot\u00edn considerable \u2013extensas tierras, el cargo de capit\u00e1n y el h\u00e1bito de la Orden de Santiago \u2013, acaso insuficiente a ojos de Cort\u00e9s.<\/p>\n\n\n\n<p>A finales de 1545, el conquistador se traslad\u00f3 a Sevilla con la intenci\u00f3n de viajar una vez m\u00e1s a M\u00e9xico, quiz\u00e1s con el sue\u00f1o de acabar sus d\u00edas all\u00ed. No pudo conseguirlo, pues muri\u00f3 v\u00edctima de la disenter\u00eda. El extreme\u00f1o falleci\u00f3 en&nbsp;<strong>Castilleja de la Cuesta<\/strong>, provincia de Sevilla, el 2 de diciembre de 1547 de un ataque de pleures\u00eda a la edad de 62 a\u00f1os. Su testamento estipulaba que fuera&nbsp;<strong>enterrado en M\u00e9xico<\/strong>, aunque de forma provisional qued\u00f3 en el pante\u00f3n familiar de los duques de Medina-Sidonia, que hab\u00edan velado por su bienestar en su etapa final.<strong>\u00ab\u00bfEs que su Majestad no tiene noticia de ello o es que no tiene memoria?\u00bb<\/strong><\/p>\n\n\n\n<p>En 1562, dos de los hijos de Cort\u00e9s, Mart\u00edn \u2013nuevo marqu\u00e9s del Valle\u2013 y Mart\u00edn \u2013el que tuvo con la int\u00e9rprete nativa do\u00f1a Marina\u2013 llevaron los restos de su padre a M\u00e9xico y le dieron sepultura en&nbsp;<strong>San Francisco de Texcoco<\/strong>. Comenz\u00f3 entonces el largo peregrinaje de sus restos por la geograf\u00eda mexicana. En 1629, qued\u00f3 en una iglesia de Ciudad de M\u00e9xico , y luego, en 1794, en una fundaci\u00f3n religiosa de la misma ciudad. Este nuevo traslado obedec\u00eda al inter\u00e9s del virrey,&nbsp;<strong>Conde de Revillagigedo<\/strong>, por dar un mausoleo m\u00e1s pudiente al h\u00e9roe hisp\u00e1nico a costa del dinero de personajes influyentes de la ciudad.<\/p>\n\n\n\n<p>Pero, la independencia de M\u00e9xico cambi\u00f3 radicalmente la imagen que ten\u00eda el pa\u00eds sobre Cort\u00e9s. El extreme\u00f1o torn\u00f3 a ser el representante de la crueldad y la represi\u00f3n que destruy\u00f3 la civilizaci\u00f3n azteca, bajo cuyo divino manto se cubrieron los libertadores, e incluso fue tildado como genocida. A diferencia de otros pa\u00edses como Colombia que s\u00ed conserv\u00f3 el culto a&nbsp;<a href=\"https:\/\/www.abc.es\/historia\/abci-sebastian-benalcazar-verdad-olvidado-conquistador-nego-traicionar-espana-202009181311_noticia.html\">Benalc\u00e1zar<\/a>&nbsp;o Ecuador con Orellana \u2013en un intento de dar sentido hist\u00f3rico a sus pa\u00edses\u2013, la oposici\u00f3n a Cort\u00e9s se mantuvo firmemente enraizada hasta el punto de que en la actualidad no hay ninguna estatua de cuerpo entero del conquistador en todo el pa\u00eds. No en vano, los murales del artista mexicano&nbsp;<strong>Diego Rivera<\/strong>, pintados entre 1923 y 1928, recogen el sentimiento dominante sobre la figura del conquistador. Cort\u00e9s es una criatura encorvada y llena de deformidades que tiene el oro como \u00fanica motivaci\u00f3n.<\/p>\n\n\n\n<figure class=\"wp-block-image\"><a href=\"https:\/\/www.abc.es\/archivo\/fotos\/ultima-pagina-del-testamento-de-hernan-cortes-encontrado-por-el-7054264.html\" target=\"_blank\" rel=\"noreferrer noopener\"><img decoding=\"async\" src=\"https:\/\/s2.abcstatics.com\/media\/archivo\/2023\/09\/22\/7054264-kDO--510x349@abc.jpg\" alt=\"\u00daltima p\u00e1gina del testamento de Hern\u00e1n Cort\u00e9s.\"\/><\/a><figcaption>\u00daltima p\u00e1gina del testamento de Hern\u00e1n Cort\u00e9s. &#8211;&nbsp;<strong>ABC<\/strong><\/figcaption><\/figure>\n\n\n\n<p>Poco despu\u00e9s de la independencia, empezaron a correr pasquines que incitaban al pueblo a destruir el sepulcro. Previniendo la inminente profanaci\u00f3n, las autoridades eclesi\u00e1sticas decidieron desmontar el mausoleo y ocultar los huesos . En la noche del 15 de septiembre de 1823, los huesos fueron trasladados de forma clandestina a la tarima del altar del Hospital de Jes\u00fas y el busto y escudo que decoraban el mausoleo fueron enviados a&nbsp;<strong>la ciudad siciliana de Palermo<\/strong>. Trece a\u00f1os despu\u00e9s, los restos cambiaron su ubicaci\u00f3n a un nicho todav\u00eda m\u00e1s oculto, donde permanecieron en el olvido durante 110 a\u00f1os. Su ubicaci\u00f3n exacta fue remitida a la Embajada de Espa\u00f1a a trav\u00e9s de un documento que fue perdido y luego recuperado en 1946 por investigadores del Colegio de M\u00e9xico, quienes asumieron la aventura de buscar los restos ocultos. El domingo 24 de noviembre de 1946 hallaron los huesos y los confiaron al Instituto Nacional de Antropolog\u00eda e Historia .<\/p>\n\n\n\n<p>El 9 de julio de 1947, tras un estudio de los huesos, Cort\u00e9s fue enterrado de nuevo en\u00a0<strong>la iglesia Hospital de Jes\u00fas<\/strong>\u00a0con una placa de bronce y el escudo de armas de su linaje.<\/p>\n","protected":false},"excerpt":{"rendered":"<p>No es ning\u00fan secreto que los hijos M\u00e9xico no saben c\u00f3mo tratar al padre del pa\u00eds: \u00bfH\u00e9roe o villano? \u00bfGenocida o creador? Y mientras siguen debatiendo qu\u00e9 hacer con\u00a0el legado de Hern\u00e1n Cort\u00e9s, la tumba del conquistador espa\u00f1ol permanece semioculta tras ser v\u00edctima de una intensa persecuci\u00f3n en el pasado y de estar siete veces [&hellip;]<\/p>\n","protected":false},"author":2,"featured_media":122233,"comment_status":"open","ping_status":"open","sticky":false,"template":"","format":"standard","meta":{"footnotes":""},"categories":[62],"tags":[],"class_list":["post-122232","post","type-post","status-publish","format-standard","has-post-thumbnail","hentry","category-opinion"],"_links":{"self":[{"href":"http:\/\/elcuartopoder.com.mx\/nw\/wp-json\/wp\/v2\/posts\/122232","targetHints":{"allow":["GET"]}}],"collection":[{"href":"http:\/\/elcuartopoder.com.mx\/nw\/wp-json\/wp\/v2\/posts"}],"about":[{"href":"http:\/\/elcuartopoder.com.mx\/nw\/wp-json\/wp\/v2\/types\/post"}],"author":[{"embeddable":true,"href":"http:\/\/elcuartopoder.com.mx\/nw\/wp-json\/wp\/v2\/users\/2"}],"replies":[{"embeddable":true,"href":"http:\/\/elcuartopoder.com.mx\/nw\/wp-json\/wp\/v2\/comments?post=122232"}],"version-history":[{"count":1,"href":"http:\/\/elcuartopoder.com.mx\/nw\/wp-json\/wp\/v2\/posts\/122232\/revisions"}],"predecessor-version":[{"id":122234,"href":"http:\/\/elcuartopoder.com.mx\/nw\/wp-json\/wp\/v2\/posts\/122232\/revisions\/122234"}],"wp:featuredmedia":[{"embeddable":true,"href":"http:\/\/elcuartopoder.com.mx\/nw\/wp-json\/wp\/v2\/media\/122233"}],"wp:attachment":[{"href":"http:\/\/elcuartopoder.com.mx\/nw\/wp-json\/wp\/v2\/media?parent=122232"}],"wp:term":[{"taxonomy":"category","embeddable":true,"href":"http:\/\/elcuartopoder.com.mx\/nw\/wp-json\/wp\/v2\/categories?post=122232"},{"taxonomy":"post_tag","embeddable":true,"href":"http:\/\/elcuartopoder.com.mx\/nw\/wp-json\/wp\/v2\/tags?post=122232"}],"curies":[{"name":"wp","href":"https:\/\/api.w.org\/{rel}","templated":true}]}}