{"id":122235,"date":"2023-09-24T17:56:56","date_gmt":"2023-09-24T22:56:56","guid":{"rendered":"http:\/\/elcuartopoder.com.mx\/nw\/?p=122235"},"modified":"2023-09-24T17:56:59","modified_gmt":"2023-09-24T22:56:59","slug":"ayotzinapa-crimen-organizado-y-dualidad-de-poder","status":"publish","type":"post","link":"http:\/\/elcuartopoder.com.mx\/nw\/editorial\/ayotzinapa-crimen-organizado-y-dualidad-de-poder\/","title":{"rendered":"Ayotzinapa, crimen organizado y dualidad de poder"},"content":{"rendered":"\n<p>El presidente L\u00f3pez est\u00e1 enredado con el tema de Ayotzinapa. De ser un suceso que lo ayud\u00f3 a ganar la Presidencia se ha convertido en un asunto del que no sabe c\u00f3mo salir. Los padres de los 43 j\u00f3venes desaparecidos le reclaman lo mismo que a Pe\u00f1a: que no est\u00e1 llegando a las \u00faltimas consecuencias y que no les est\u00e1 dando la informaci\u00f3n completa.<\/p>\n\n\n\n<p>Seg\u00fan el Grupo Interdisciplinario de Expertos Independientes (GIEI) hay una investigaci\u00f3n que hizo el Ej\u00e9rcito y que no se ha dado a conocer. El se\u00f1or L\u00f3pez Obrador dice que tal cosa no existe. Se dice que la informaci\u00f3n de los tel\u00e9fonos Blackberry de los d\u00edas 26 y 27 de septiembre de 2014 entre los integrantes de Guerreros Unidos en Chicago e Iguala no est\u00e1 completa. AMLO contesta que no es cierto. Se acusa que hay informaci\u00f3n testada que no se puede entender. De nuevo, el presidente interviene y dice en la ma\u00f1anera del 21 de septiembre de 2023 que la dar\u00e1 a conocer.<\/p>\n\n\n\n<p>AMLO est\u00e1 cometiendo el mismo error que Pe\u00f1a Nieto: esconder informaci\u00f3n y tratar de proteger a las fuerzas armadas como instituci\u00f3n. Qu\u00e9 se hundan algunos militares, pero que no se juzgue a la instituci\u00f3n. Eso en buen espa\u00f1ol se llama esconder el bulto porque evita hablar de la penetraci\u00f3n del crimen organizado en todos los niveles de la vida p\u00fablica mexicana. Ni m\u00e1s ni menos. La clase pol\u00edtica mexicana, en especial la de MORENA, se despert\u00f3 de su sue\u00f1o de un Ej\u00e9rcito y una Marina impolutos y se encontraron con la realidad de que tambi\u00e9n est\u00e1n gangrenados.<\/p>\n\n\n\n<p>En un principio, el triste suceso que cost\u00f3 la desaparici\u00f3n de los 43 estudiantes se manej\u00f3 como un acto se represi\u00f3n del Estado. Fue el Estado, se repiti\u00f3. Con esa bandera avanz\u00f3 L\u00f3pez y muchos m\u00e1s; la torpeza de Pe\u00f1a Nieto y su fiscal hicieron el resto. Ayotzinapa no fue un acto de represi\u00f3n, fue parte de la lucha del crimen organizado en el que fueron usados los normalistas de Ayotzinapa. Y s\u00ed, fue el Estado, pero no como se pretende. A cinco a\u00f1os del inicio de su gobierno es claro que el presidente L\u00f3pez no resolver\u00e1 el crimen de la noche de Iguala. No nos dir\u00e1 lo qu\u00e9 pas\u00f3 y el por qu\u00e9, no nos presentar\u00e1 a los culpables. Ahora, en esas reuniones con los padres es posible que se esfuerce por convencerlos que la causa de la 4T sufrir\u00eda si ellos siguen denunci\u00e1ndolo. Por supuesto, le importa su persona, no lo dem\u00e1s.<\/p>\n\n\n\n<p>De entonces para ac\u00e1, en breves nueve a\u00f1os, el crimen organizado, ese que desapareci\u00f3 a los 43 y es culpable de cientos de miles de muertos, no ha hecho m\u00e1s que expandirse. Leo un art\u00edculo en&nbsp;<a href=\"https:\/\/elpais.com\/mexico\/economia\/2023-09-21\/desde-el-limon-hasta-los-taxis-el-narco-se-expande-en-la-economia-mexicana.html\" target=\"_blank\" rel=\"noreferrer noopener\">El Pa\u00eds<\/a>&nbsp;firmado por Isabella Cota que dice en una de sus partes medulares: \u201cHace mucho que en M\u00e9xico se cambi\u00f3 la palabra narcotr\u00e1fico por el m\u00e1s amplio concepto de \u201ccrimen organizado\u201d. La raz\u00f3n es que este ha tomado por la fuerza negocios de todo tipo, incluyendo el tr\u00e1fico de personas, pero tambi\u00e9n fungiendo como una especie de lavadora en reversa: penetrando en negocios legales para operarlos de manera ilegal. El narco est\u00e1 detr\u00e1s de redes de taxis y de autobuses, as\u00ed como de la distribuci\u00f3n del lim\u00f3n y la producci\u00f3n de tortilla de ma\u00edz, centro sagrado de la gastronom\u00eda del pa\u00eds\u201d.<\/p>\n\n\n\n<p>Encuentro que lo escrito en el diario espa\u00f1ol no es una novedad. Lo sabemos, los constatamos y lo vivimos. Mientras, en el Palacio Nacional todas las ma\u00f1anas se habla de un pa\u00eds en paz y del avance (estad\u00edstico) en la lucha contra los delincuentes. Ignoro si realmente hay una relaci\u00f3n de complicidad entre AMLO y el crimen organizado, pero s\u00e9 que su narrativa de que todo est\u00e1 bien y su inclinaci\u00f3n a dejarles el campo abierto (abrazos, no balazos) ha permitido que se conviertan, como dice el art\u00edculo, \u201c\u2026en un cartel econ\u00f3mico dominante\u2026\u201d.<\/p>\n\n\n\n<p>Pero hay mucho m\u00e1s que no dice el texto de Cota. El crimen organizado no s\u00f3lo se ha convertido en un poder econ\u00f3mico. No. El crimen organizado posee el poder de la fuerza que se supone exclusivo del Estado: tiene ej\u00e9rcito y polic\u00edas, armamento y dinero y control territorial. Hay m\u00e1s: anula candidatos que no le convienen, compra o coopta (o elimina) a funcionarios p\u00fablicos, controla presupuestos y decide obras en varios municipios del pa\u00eds. Si hacemos caso a los se\u00f1alamientos es posible que controle un par de gobernadores. \u00bfQu\u00e9 falta? Otro presidente a modo despu\u00e9s de 2024.<\/p>\n\n\n\n<p>Teniendo esto en mente, es imposible no referirse a un texto de Lenin llamado \u201cLa dualidad de Poderes\u201d. En \u00e9l, Lenin se\u00f1ala que el poder del Estado es esencial y plantea que junto a un poder burgu\u00e9s que declina avanza el poder del proletariado. Es claro que el crimen organizado no es un grupo revolucionario, pero es cierto que el poder del Estado mexicano est\u00e1 debilit\u00e1ndose al tiempo que el poder pol\u00edtico, econ\u00f3mico, social y militar de la delincuencia crece.<\/p>\n\n\n\n<p>Los que no est\u00e9n de acuerdo con esto me dir\u00e1n que el crimen organizado no tiene una agenda pol\u00edtica, no es un partido o un grupo de bolcheviques de inicios del siglo XX. Contesto: \u00bfen serio creen que no tienen una agenda pol\u00edtica?<\/p>\n\n\n\n<p>Fuente: eleconomista<\/p>\n","protected":false},"excerpt":{"rendered":"<p>El presidente L\u00f3pez est\u00e1 enredado con el tema de Ayotzinapa. De ser un suceso que lo ayud\u00f3 a ganar la Presidencia se ha convertido en un asunto del que no sabe c\u00f3mo salir. Los padres de los 43 j\u00f3venes desaparecidos le reclaman lo mismo que a Pe\u00f1a: que no est\u00e1 llegando a las \u00faltimas consecuencias [&hellip;]<\/p>\n","protected":false},"author":2,"featured_media":122236,"comment_status":"open","ping_status":"open","sticky":false,"template":"","format":"standard","meta":{"footnotes":""},"categories":[63],"tags":[],"class_list":["post-122235","post","type-post","status-publish","format-standard","has-post-thumbnail","hentry","category-editorial"],"_links":{"self":[{"href":"http:\/\/elcuartopoder.com.mx\/nw\/wp-json\/wp\/v2\/posts\/122235","targetHints":{"allow":["GET"]}}],"collection":[{"href":"http:\/\/elcuartopoder.com.mx\/nw\/wp-json\/wp\/v2\/posts"}],"about":[{"href":"http:\/\/elcuartopoder.com.mx\/nw\/wp-json\/wp\/v2\/types\/post"}],"author":[{"embeddable":true,"href":"http:\/\/elcuartopoder.com.mx\/nw\/wp-json\/wp\/v2\/users\/2"}],"replies":[{"embeddable":true,"href":"http:\/\/elcuartopoder.com.mx\/nw\/wp-json\/wp\/v2\/comments?post=122235"}],"version-history":[{"count":1,"href":"http:\/\/elcuartopoder.com.mx\/nw\/wp-json\/wp\/v2\/posts\/122235\/revisions"}],"predecessor-version":[{"id":122237,"href":"http:\/\/elcuartopoder.com.mx\/nw\/wp-json\/wp\/v2\/posts\/122235\/revisions\/122237"}],"wp:featuredmedia":[{"embeddable":true,"href":"http:\/\/elcuartopoder.com.mx\/nw\/wp-json\/wp\/v2\/media\/122236"}],"wp:attachment":[{"href":"http:\/\/elcuartopoder.com.mx\/nw\/wp-json\/wp\/v2\/media?parent=122235"}],"wp:term":[{"taxonomy":"category","embeddable":true,"href":"http:\/\/elcuartopoder.com.mx\/nw\/wp-json\/wp\/v2\/categories?post=122235"},{"taxonomy":"post_tag","embeddable":true,"href":"http:\/\/elcuartopoder.com.mx\/nw\/wp-json\/wp\/v2\/tags?post=122235"}],"curies":[{"name":"wp","href":"https:\/\/api.w.org\/{rel}","templated":true}]}}