{"id":122417,"date":"2023-09-30T07:23:47","date_gmt":"2023-09-30T12:23:47","guid":{"rendered":"http:\/\/elcuartopoder.com.mx\/nw\/?p=122417"},"modified":"2023-09-30T07:23:51","modified_gmt":"2023-09-30T12:23:51","slug":"cinco-datos-sobre-covid-prolongada","status":"publish","type":"post","link":"http:\/\/elcuartopoder.com.mx\/nw\/entretenimiento\/salud\/cinco-datos-sobre-covid-prolongada\/","title":{"rendered":"Cinco datos sobre COVID prolongada"},"content":{"rendered":"\n<p>1.- Afecci\u00f3n posterior al COVID-19\u00a0Denominada oficialmente como tal por la Organizaci\u00f3n Mundial de la Salud (OMS), y com\u00fanmente como COVID prolongada, es la continuaci\u00f3n y\/o desarrollo de nuevos s\u00edntomas en los tres meses siguientes a la infecci\u00f3n inicial por SARS-CoV-2. Los s\u00edntomas m\u00e1s comunes1 incluyen fatiga, dificultad respiratoria y disfunci\u00f3n cognitiva.\u00a0<\/p>\n\n\n\n<p>2.- Periodo de COVID prolongada\u00a0La evidencia actual sugiere que aproximadamente entre el 10% y el 20% de las personas que han tenido el virus lo han padecido, y dura al menos dos meses, sin que ninguna otra enfermedad pueda causarlo.1\u00a0<\/p>\n\n\n\n<p>3.- Cifras de pacientes con COVID prolongada\u00a0El Instituto Mexicano del Seguro Social (IMSS) report\u00f3 un total de 18,568 pacientes con COVID prolongada en 2022, los cuales fueron tendidos por los Servicios de Medicina F\u00edsica y Rehabilitaci\u00f3n como padecimiento posterior a la COVID-19.2\u00a0<\/p>\n\n\n\n<p>4.- Efectos de COVID prolongada.-\u00a0\u00a0La afecci\u00f3n COVID-19 prolongada puede mermar la capacidad de una persona para realizar actividades cotidianas de trabajo o tareas dom\u00e9sticas.3 En caso de que se desarrolle alg\u00fan s\u00edntoma tras la infecci\u00f3n por COVID-19, debe buscarse atenci\u00f3n m\u00e9dica e iniciar un plan de cuidados. Lo m\u00e1s frecuente es que las personas que experimentan s\u00edntomas de COVID-19 prolongada mejoren con el tiempo.4\u00a0<\/p>\n\n\n\n<p>5.- Recomendaciones para la COVID prolongada\u00a0La OMS recomienda una serie de medidas sencillas y de eficacia probada para protegerse contra la COVID prolongada:<\/p>\n\n\n\n<p>\u00a0\u2022\u00a0Vacunarse contra la COVID-19.<\/p>\n\n\n\n<p>\u2022\u00a0Utilizar mascarillas en lugares concurridos.\u00a0\u2022\u00a0Lavarse las manos con regularidad.\u00a0<\/p>\n\n\n\n<p>\u2022\u00a0Seguir la etiqueta del estornudo.\u00a0<\/p>\n\n\n\n<p>\u2022\u00a0Asegurar una buena ventilaci\u00f3n de los espacios interiores.<\/p>\n","protected":false},"excerpt":{"rendered":"<p>1.- Afecci\u00f3n posterior al COVID-19\u00a0Denominada oficialmente como tal por la Organizaci\u00f3n Mundial de la Salud (OMS), y com\u00fanmente como COVID prolongada, es la continuaci\u00f3n y\/o desarrollo de nuevos s\u00edntomas en los tres meses siguientes a la infecci\u00f3n inicial por SARS-CoV-2. Los s\u00edntomas m\u00e1s comunes1 incluyen fatiga, dificultad respiratoria y disfunci\u00f3n cognitiva.\u00a0 2.- Periodo de COVID [&hellip;]<\/p>\n","protected":false},"author":2,"featured_media":122418,"comment_status":"open","ping_status":"open","sticky":false,"template":"","format":"standard","meta":{"footnotes":""},"categories":[56],"tags":[],"class_list":["post-122417","post","type-post","status-publish","format-standard","has-post-thumbnail","hentry","category-salud"],"_links":{"self":[{"href":"http:\/\/elcuartopoder.com.mx\/nw\/wp-json\/wp\/v2\/posts\/122417","targetHints":{"allow":["GET"]}}],"collection":[{"href":"http:\/\/elcuartopoder.com.mx\/nw\/wp-json\/wp\/v2\/posts"}],"about":[{"href":"http:\/\/elcuartopoder.com.mx\/nw\/wp-json\/wp\/v2\/types\/post"}],"author":[{"embeddable":true,"href":"http:\/\/elcuartopoder.com.mx\/nw\/wp-json\/wp\/v2\/users\/2"}],"replies":[{"embeddable":true,"href":"http:\/\/elcuartopoder.com.mx\/nw\/wp-json\/wp\/v2\/comments?post=122417"}],"version-history":[{"count":1,"href":"http:\/\/elcuartopoder.com.mx\/nw\/wp-json\/wp\/v2\/posts\/122417\/revisions"}],"predecessor-version":[{"id":122419,"href":"http:\/\/elcuartopoder.com.mx\/nw\/wp-json\/wp\/v2\/posts\/122417\/revisions\/122419"}],"wp:featuredmedia":[{"embeddable":true,"href":"http:\/\/elcuartopoder.com.mx\/nw\/wp-json\/wp\/v2\/media\/122418"}],"wp:attachment":[{"href":"http:\/\/elcuartopoder.com.mx\/nw\/wp-json\/wp\/v2\/media?parent=122417"}],"wp:term":[{"taxonomy":"category","embeddable":true,"href":"http:\/\/elcuartopoder.com.mx\/nw\/wp-json\/wp\/v2\/categories?post=122417"},{"taxonomy":"post_tag","embeddable":true,"href":"http:\/\/elcuartopoder.com.mx\/nw\/wp-json\/wp\/v2\/tags?post=122417"}],"curies":[{"name":"wp","href":"https:\/\/api.w.org\/{rel}","templated":true}]}}