{"id":122420,"date":"2023-09-30T07:26:16","date_gmt":"2023-09-30T12:26:16","guid":{"rendered":"http:\/\/elcuartopoder.com.mx\/nw\/?p=122420"},"modified":"2023-09-30T07:26:19","modified_gmt":"2023-09-30T12:26:19","slug":"amia-urge-a-resolver-crisis-migratoria-fronteriza-por-golpe-a-comercio","status":"publish","type":"post","link":"http:\/\/elcuartopoder.com.mx\/nw\/internacionales\/amia-urge-a-resolver-crisis-migratoria-fronteriza-por-golpe-a-comercio\/","title":{"rendered":"AMIA urge a resolver \u00abcrisis migratoria\u00bb fronteriza por golpe a comercio"},"content":{"rendered":"\n<p><em>Ciudad de M\u00e9xico.<\/em>&nbsp;La principal asociaci\u00f3n de la industria automotriz de M\u00e9xico inst\u00f3 este viernes a las autoridades del pa\u00eds a intensificar los esfuerzos para trabajar con Estados Unidos en hacer frente a una \u00abcrisis migratoria\u00bb en la frontera compartida, debido a los problemas que est\u00e1 causando para el comercio.<\/p>\n\n\n\n<p>El aumento de los controles de seguridad por parte de las autoridades de Texas en respuesta a un reciente aumento de los cruces fronterizos ha provocado retrasos en el transporte de mercanc\u00edas en las \u00faltimas semanas, alimentando la preocupaci\u00f3n dentro de la industria automovil\u00edstica mexicana, que est\u00e1 fuertemente integrada con su vecino del norte.<\/p>\n\n\n\n<p>En un comunicado, la Asociaci\u00f3n Mexicana de la Industria Automotriz (AMIA) urgi\u00f3 a los gobiernos federal y local a \u00abredoblar los esfuerzos de di\u00e1logo y colaboraci\u00f3n\u00bb con las autoridades estadunidenses para lograr acuerdos que permitan resolver \u00abestos temas tan delicados\u00bb.<\/p>\n\n\n\n<p>Calificando el asunto de \u00abcrisis migratoria y comercial\u00bb, la AMIA a\u00f1adi\u00f3 que los&nbsp;<em>impases<\/em>&nbsp;fronterizos han causado considerables retenciones y p\u00e9rdidas comerciales, y est\u00e1n afectando negativamente a la econom\u00eda de ambos pa\u00edses.<\/p>\n\n\n\n<p>M\u00e9xico ha experimentado un aumento significativo de la afluencia de migrantes, muchos de los cuales se dirigen a Estados Unidos. Un n\u00famero sin precedentes de ellos realiza el peligroso viaje hacia el norte a trav\u00e9s de la Brecha del Dari\u00e9n, al sur de Centroam\u00e9rica.<\/p>\n\n\n\n<p>La AMIA inst\u00f3 a las autoridades mexicanas y estadunidenses a tomar medidas humanitarias para solucionar el problema y garantizar el libre flujo comercial.<\/p>\n\n\n\n<p>Fuente: jornada<\/p>\n","protected":false},"excerpt":{"rendered":"<p>Ciudad de M\u00e9xico.&nbsp;La principal asociaci\u00f3n de la industria automotriz de M\u00e9xico inst\u00f3 este viernes a las autoridades del pa\u00eds a intensificar los esfuerzos para trabajar con Estados Unidos en hacer frente a una \u00abcrisis migratoria\u00bb en la frontera compartida, debido a los problemas que est\u00e1 causando para el comercio. El aumento de los controles de [&hellip;]<\/p>\n","protected":false},"author":2,"featured_media":122421,"comment_status":"open","ping_status":"open","sticky":false,"template":"","format":"standard","meta":{"footnotes":""},"categories":[8],"tags":[],"class_list":["post-122420","post","type-post","status-publish","format-standard","has-post-thumbnail","hentry","category-internacionales"],"_links":{"self":[{"href":"http:\/\/elcuartopoder.com.mx\/nw\/wp-json\/wp\/v2\/posts\/122420","targetHints":{"allow":["GET"]}}],"collection":[{"href":"http:\/\/elcuartopoder.com.mx\/nw\/wp-json\/wp\/v2\/posts"}],"about":[{"href":"http:\/\/elcuartopoder.com.mx\/nw\/wp-json\/wp\/v2\/types\/post"}],"author":[{"embeddable":true,"href":"http:\/\/elcuartopoder.com.mx\/nw\/wp-json\/wp\/v2\/users\/2"}],"replies":[{"embeddable":true,"href":"http:\/\/elcuartopoder.com.mx\/nw\/wp-json\/wp\/v2\/comments?post=122420"}],"version-history":[{"count":1,"href":"http:\/\/elcuartopoder.com.mx\/nw\/wp-json\/wp\/v2\/posts\/122420\/revisions"}],"predecessor-version":[{"id":122422,"href":"http:\/\/elcuartopoder.com.mx\/nw\/wp-json\/wp\/v2\/posts\/122420\/revisions\/122422"}],"wp:featuredmedia":[{"embeddable":true,"href":"http:\/\/elcuartopoder.com.mx\/nw\/wp-json\/wp\/v2\/media\/122421"}],"wp:attachment":[{"href":"http:\/\/elcuartopoder.com.mx\/nw\/wp-json\/wp\/v2\/media?parent=122420"}],"wp:term":[{"taxonomy":"category","embeddable":true,"href":"http:\/\/elcuartopoder.com.mx\/nw\/wp-json\/wp\/v2\/categories?post=122420"},{"taxonomy":"post_tag","embeddable":true,"href":"http:\/\/elcuartopoder.com.mx\/nw\/wp-json\/wp\/v2\/tags?post=122420"}],"curies":[{"name":"wp","href":"https:\/\/api.w.org\/{rel}","templated":true}]}}