{"id":122584,"date":"2023-10-05T10:14:40","date_gmt":"2023-10-05T15:14:40","guid":{"rendered":"http:\/\/elcuartopoder.com.mx\/nw\/?p=122584"},"modified":"2023-10-05T10:14:44","modified_gmt":"2023-10-05T15:14:44","slug":"caso-menores-desaparecidos-califican-de-ilegal-la-detencion-de-extranjeros-en-cozumel","status":"publish","type":"post","link":"http:\/\/elcuartopoder.com.mx\/nw\/municipales\/caso-menores-desaparecidos-califican-de-ilegal-la-detencion-de-extranjeros-en-cozumel\/","title":{"rendered":"Caso menores desaparecidos: Califican de ilegal la detenci\u00f3n de extranjeros en Cozumel"},"content":{"rendered":"\n<p>A trav\u00e9s de un comunicado, la\u00a0<strong>Fiscal\u00eda General del Estado de Quintana Roo,<\/strong>\u00a0dio a conocer que un juez de control,\u00a0se pronunci\u00f3 y calific\u00f3 como ilegal la detenci\u00f3n de los dos extranjeros de sexo masculino\u00a0quienes fueron detenidos por su probable participaci\u00f3n en el delito de corrupci\u00f3n de menores vinculado a la desaparici\u00f3n de dos menores en Cozumel.<\/p>\n\n\n\n<p>La desaparici\u00f3n y posterior<strong>&nbsp;localizaci\u00f3n de dos menores de edad,<\/strong>&nbsp;se dio&nbsp;gracias a sus propios familiares quienes hicieron un perturbador descubrimiento en un domicilio de la colonia&nbsp;<strong>Centro de Cozumel,&nbsp;<\/strong>d\u00f3nde fueron rescatados sus hijos.<\/p>\n\n\n\n<p>Por lo tanto, el organismo aut\u00f3nomo continuar\u00e1 con las indagatorias, para judicializar la carpeta de investigaci\u00f3n sin detenidos, a fin de procurar justicia a los adolescentes inmiscuidos en este probable hecho constitutivo de un il\u00edcito.<\/p>\n\n\n\n<h2 class=\"wp-block-heading\"><strong>Centran caso en cuatro presuntas v\u00edctimas de corrupci\u00f3n de menores<\/strong><\/h2>\n\n\n\n<p>Marina Del Carmen Aburto Le\u00f3n, titular del SIPPINA, mencion\u00f3 que se dar\u00e1 seguimiento a la denuncia p\u00fablica de presiones e irregularidades del ministerio p\u00fablico sobre los adolescentes Sa\u00fal y Humberto, retenidos por la fuerza por un par de extranjeros con fines supuestamente de&nbsp;<strong>\u00edndole sexual.<\/strong><\/p>\n\n\n\n<p>De acuerdo con datos proporcionados por la funcionaria, la&nbsp;<strong>Fiscal\u00eda General del Estado<\/strong>&nbsp;(FGE) ya confirm\u00f3 que uno de los cinco j\u00f3venes retenidos de manera ilegal, es mayor de edad, por lo que el caso se centra en los&nbsp;<strong>cuatro restantes.<\/strong><\/p>\n\n\n\n<p>Aburto Le\u00f3n puntualiz\u00f3 que, al menos en los dos \u00faltimos a\u00f1os, este es el \u00fanico caso de este tipo que se ha registrado. Seg\u00fan datos de la Unicef,&nbsp;<strong>el Caribe mexicano<\/strong>&nbsp;es uno de los tres lugares en territorio mexicano en el que operan organizaciones criminales de<strong>&nbsp;explotaci\u00f3n sexual infantil y corrupci\u00f3n de menores<\/strong>.<\/p>\n\n\n\n<p>La noticia del aseguramiento de dos extranjeros que reten\u00edan a los cuatro menores y un adulto, salt\u00f3 del \u00e1mbito local al nacional al ser retomado el lunes por&nbsp;<strong>medios de comunicaci\u00f3n nacionales,<\/strong>&nbsp;por la relevancia del caso.<\/p>\n\n\n\n<p><strong>La Secretar\u00eda Ejecutiva del SIPINNA Cozumel<\/strong>&nbsp;explic\u00f3 que el sistema funge como ente coordinador en la asistencia a menores en riesgo y la preservaci\u00f3n de sus derechos. \u201cEsto incluye y contempla el que los padres de los menores afectados cumplan con sus obligaciones. Si no lo hacen es abandono y eso es maltrato\u201d, recalc\u00f3.<\/p>\n\n\n\n<p>Por su parte el&nbsp;<strong>Sistema para el Desarrollo Integral de la Familia<\/strong>&nbsp;(DIF), que en Cozumel es dirigido por Ra\u00fal Mart\u00edn Ceh Fern\u00e1ndez, desde que tuvo conocimiento del caso se activaron los protocolos correspondientes con la participaci\u00f3n de la Delegada Procuradora de la Defensa del Menor y la Familia Guadalupe Isabel Zapata Cepeda, un psic\u00f3logo y una trabajadora social.<\/p>\n\n\n\n<p>A diferencia de lo que los padres de los menores afectados reclaman de que&nbsp;<strong>no hubo asistencia<\/strong>, Ra\u00fal Mart\u00edn Ceh afirm\u00f3 que se les brindo, tanto a los padres como a las v\u00edctimas, su asistencia en todo momento.<\/p>\n\n\n\n<p>Ceh Fern\u00e1ndez fue enf\u00e1tico de que, en el \u00e1mbito de su competencia, no se permitir\u00e1 este tipo de situaciones durante y despu\u00e9s de que concluya el asunto para garantizar su seguridad.<\/p>\n\n\n\n<p>Guadalupe Isabel Zapata aclar\u00f3 que, si un menor es presentado por cualquier situaci\u00f3n ante las autoridades policiacas o de impartici\u00f3n de justicia, en caso de no estar presente la procuradur\u00eda se hace cargo de su\u00a0<strong>representaci\u00f3n para salvaguardar y garantizar sus derechos.<\/strong><\/p>\n\n\n\n<p>Fuente: SIPSE<\/p>\n","protected":false},"excerpt":{"rendered":"<p>A trav\u00e9s de un comunicado, la\u00a0Fiscal\u00eda General del Estado de Quintana Roo,\u00a0dio a conocer que un juez de control,\u00a0se pronunci\u00f3 y calific\u00f3 como ilegal la detenci\u00f3n de los dos extranjeros de sexo masculino\u00a0quienes fueron detenidos por su probable participaci\u00f3n en el delito de corrupci\u00f3n de menores vinculado a la desaparici\u00f3n de dos menores en Cozumel. [&hellip;]<\/p>\n","protected":false},"author":2,"featured_media":122585,"comment_status":"open","ping_status":"open","sticky":false,"template":"","format":"standard","meta":{"footnotes":""},"categories":[6],"tags":[],"class_list":["post-122584","post","type-post","status-publish","format-standard","has-post-thumbnail","hentry","category-municipales"],"_links":{"self":[{"href":"http:\/\/elcuartopoder.com.mx\/nw\/wp-json\/wp\/v2\/posts\/122584","targetHints":{"allow":["GET"]}}],"collection":[{"href":"http:\/\/elcuartopoder.com.mx\/nw\/wp-json\/wp\/v2\/posts"}],"about":[{"href":"http:\/\/elcuartopoder.com.mx\/nw\/wp-json\/wp\/v2\/types\/post"}],"author":[{"embeddable":true,"href":"http:\/\/elcuartopoder.com.mx\/nw\/wp-json\/wp\/v2\/users\/2"}],"replies":[{"embeddable":true,"href":"http:\/\/elcuartopoder.com.mx\/nw\/wp-json\/wp\/v2\/comments?post=122584"}],"version-history":[{"count":1,"href":"http:\/\/elcuartopoder.com.mx\/nw\/wp-json\/wp\/v2\/posts\/122584\/revisions"}],"predecessor-version":[{"id":122586,"href":"http:\/\/elcuartopoder.com.mx\/nw\/wp-json\/wp\/v2\/posts\/122584\/revisions\/122586"}],"wp:featuredmedia":[{"embeddable":true,"href":"http:\/\/elcuartopoder.com.mx\/nw\/wp-json\/wp\/v2\/media\/122585"}],"wp:attachment":[{"href":"http:\/\/elcuartopoder.com.mx\/nw\/wp-json\/wp\/v2\/media?parent=122584"}],"wp:term":[{"taxonomy":"category","embeddable":true,"href":"http:\/\/elcuartopoder.com.mx\/nw\/wp-json\/wp\/v2\/categories?post=122584"},{"taxonomy":"post_tag","embeddable":true,"href":"http:\/\/elcuartopoder.com.mx\/nw\/wp-json\/wp\/v2\/tags?post=122584"}],"curies":[{"name":"wp","href":"https:\/\/api.w.org\/{rel}","templated":true}]}}