{"id":122711,"date":"2023-10-08T12:10:41","date_gmt":"2023-10-08T17:10:41","guid":{"rendered":"http:\/\/elcuartopoder.com.mx\/nw\/?p=122711"},"modified":"2023-10-08T12:10:45","modified_gmt":"2023-10-08T17:10:45","slug":"una-baja-ingesta-de-fibra-durante-el-embarazo-puede-retrasar-el-desarrollo-cerebral-de-los-bebes","status":"publish","type":"post","link":"http:\/\/elcuartopoder.com.mx\/nw\/entretenimiento\/salud\/una-baja-ingesta-de-fibra-durante-el-embarazo-puede-retrasar-el-desarrollo-cerebral-de-los-bebes\/","title":{"rendered":"Una baja ingesta de fibra durante el embarazo puede retrasar el desarrollo cerebral de los beb\u00e9s"},"content":{"rendered":"\n<p class=\"wp-block-paragraph\">Embarazo fibra. La desnutrici\u00f3n durante el embarazo es uno de los factores vinculados a un&nbsp;<strong>mayor riesgo de enfermedades<\/strong>&nbsp;en los ni\u00f1os a medida que crecen. Sin embargo, la desnutrici\u00f3n materna sigue siendo un problema para las mujeres de todo el mundo.<\/p>\n\n\n\n<p class=\"wp-block-paragraph\">Estudios en animales han demostrado que una dieta baja en fibra durante el embarazo deteriora la funci\u00f3n nerviosa cerebral de la descendencia. Ahora, en el primer estudio de cohortes en humanos sobre la relaci\u00f3n entre el<strong>&nbsp;desequilibrio nutricional materno<\/strong>&nbsp;y el desarrollo cerebral de los beb\u00e9s, investigadores de Jap\u00f3n han investigado si pueden encontrarse los mismos efectos en los seres humanos.<\/p>\n\n\n\n<p class=\"wp-block-paragraph\">\u00abLa mayor\u00eda de las embarazadas japonesas consumen mucha menos fibra de la recomendada -afirma Kunio Miyake, investigador de la Universidad de Yamanashi y primer autor del estudio publicado en la\u00a0<strong>revista &#8216;Frontiers in Nutrition&#8217;<\/strong>-. Nuestros resultados reforzaron la evidencia de que la desnutrici\u00f3n durante el embarazo se asocia a un mayor riesgo de retraso del neurodesarrollo en los ni\u00f1os\u00bb.<\/p>\n\n\n\n<p class=\"wp-block-paragraph\">Miyake y su equipo compararon el desarrollo de los ni\u00f1os cuyas madres ten\u00edan la mayor ingesta de\u00a0<strong>fibra diet\u00e9tica<\/strong>\u00a0con grupos de madres que consumieron sucesivamente menos fibra durante el embarazo.<\/p>\n\n\n\n<p class=\"wp-block-paragraph\">En comparaci\u00f3n con el grupo de mayor ingesta, los hijos de las madres de los grupos de menor ingesta eran m\u00e1s propensos a mostrar&nbsp;<strong>retrasos en el neurodesarrollo<\/strong>. El efecto de la falta de fibra materna fue notable en varios dominios relacionados con la funci\u00f3n cerebral.<\/p>\n\n\n\n<p class=\"wp-block-paragraph\">Se vieron afectadas las habilidades de comunicaci\u00f3n, de resoluci\u00f3n de problemas y las habilidades personales y sociales. Los investigadores tambi\u00e9n detectaron retrasos en el desarrollo del movimiento y la&nbsp;<strong>coordinaci\u00f3n de grandes partes del cuerpo<\/strong>, as\u00ed como en la coordinaci\u00f3n de los m\u00fasculos m\u00e1s peque\u00f1os.<\/p>\n\n\n\n<p class=\"wp-block-paragraph\">Los resultados de los investigadores se basan en el an\u00e1lisis de m\u00e1s de 76.000 parejas madre-lactante del Estudio del Medio Ambiente y la Infancia de Jap\u00f3n. Se trata de un proyecto en curso cuyo objetivo es dilucidar c\u00f3mo afecta el medio ambiente a la salud de los ni\u00f1os, informa EP.<\/p>\n\n\n\n<p class=\"wp-block-paragraph\">Para recopilar informaci\u00f3n sobre la dieta de los participantes, los cient\u00edficos utilizaron un cuestionario de frecuencia de alimentos, en el que se preguntaba a los encuestados sobre su estado alimentario durante el segundo y tercer trimestre del embarazo. Los retrasos en el desarrollo se evaluaron en otro cuestionario que se envi\u00f3 a los padres cuando sus hijos ten\u00edan tres a\u00f1os. Bas\u00e1ndose en las respuestas de los padres, los investigadores mostraron la correlaci\u00f3n existente entre la ingesta materna de fibra y el&nbsp;<strong>desarrollo cerebral<\/strong>&nbsp;infantil.<\/p>\n\n\n\n<p class=\"wp-block-paragraph\">Los investigadores tambi\u00e9n descubrieron que la ingesta media de fibra alimentaria en Jap\u00f3n es de poco m\u00e1s de 10 gramos al d\u00eda. S\u00f3lo el 8,4% de las embarazadas japonesas consum\u00eda suficiente fibra. Tambi\u00e9n se\u00f1alaron que la ingesta de fibra recomendada para las mujeres embarazadas var\u00eda: Mientras que en Jap\u00f3n la ingesta diaria de fibra diet\u00e9tica recomendada es de 18 gramos al d\u00eda, en Estados Unidos y Canad\u00e1 es de 28 gramos.<\/p>\n\n\n\n<p class=\"wp-block-paragraph\">\u00abNuestros resultados demuestran que la orientaci\u00f3n nutricional de las madres embarazadas es\u00a0<strong>crucial para reducir el riesgo<\/strong>\u00a0de futuros problemas de salud de sus hijos\u00bb, destaca Miyake.<\/p>\n\n\n\n<p class=\"wp-block-paragraph\">Los investigadores tambi\u00e9n se\u00f1alan ciertas limitaciones de su estudio. \u00abLos estudios en humanos no pueden evaluar los efectos de la fibra diet\u00e9tica por s\u00ed sola. Aunque en este estudio se tuvo en cuenta el impacto de la ingesta de \u00e1cido f\u00f3lico durante el embarazo,\u00a0<strong>no se puede descartar<\/strong>\u00a0por completo la posibilidad de que otros nutrientes influyan -explica Miyake-. Adem\u00e1s, no se pudo investigar la ingesta de fibra diet\u00e9tica procedente de suplementos\u00bb.<\/p>\n\n\n\n<p class=\"wp-block-paragraph\">Fuente: ABC<\/p>\n","protected":false},"excerpt":{"rendered":"<p>Embarazo fibra. La desnutrici\u00f3n durante el embarazo es uno de los factores vinculados a un&nbsp;mayor riesgo de enfermedades&nbsp;en los ni\u00f1os a medida que crecen. Sin embargo, la desnutrici\u00f3n materna sigue siendo un problema para las mujeres de todo el mundo. Estudios en animales han demostrado que una dieta baja en fibra durante el embarazo deteriora [&hellip;]<\/p>\n","protected":false},"author":2,"featured_media":122712,"comment_status":"open","ping_status":"open","sticky":false,"template":"","format":"standard","meta":{"footnotes":""},"categories":[56],"tags":[],"class_list":["post-122711","post","type-post","status-publish","format-standard","has-post-thumbnail","hentry","category-salud"],"_links":{"self":[{"href":"http:\/\/elcuartopoder.com.mx\/nw\/wp-json\/wp\/v2\/posts\/122711","targetHints":{"allow":["GET"]}}],"collection":[{"href":"http:\/\/elcuartopoder.com.mx\/nw\/wp-json\/wp\/v2\/posts"}],"about":[{"href":"http:\/\/elcuartopoder.com.mx\/nw\/wp-json\/wp\/v2\/types\/post"}],"author":[{"embeddable":true,"href":"http:\/\/elcuartopoder.com.mx\/nw\/wp-json\/wp\/v2\/users\/2"}],"replies":[{"embeddable":true,"href":"http:\/\/elcuartopoder.com.mx\/nw\/wp-json\/wp\/v2\/comments?post=122711"}],"version-history":[{"count":1,"href":"http:\/\/elcuartopoder.com.mx\/nw\/wp-json\/wp\/v2\/posts\/122711\/revisions"}],"predecessor-version":[{"id":122713,"href":"http:\/\/elcuartopoder.com.mx\/nw\/wp-json\/wp\/v2\/posts\/122711\/revisions\/122713"}],"wp:featuredmedia":[{"embeddable":true,"href":"http:\/\/elcuartopoder.com.mx\/nw\/wp-json\/wp\/v2\/media\/122712"}],"wp:attachment":[{"href":"http:\/\/elcuartopoder.com.mx\/nw\/wp-json\/wp\/v2\/media?parent=122711"}],"wp:term":[{"taxonomy":"category","embeddable":true,"href":"http:\/\/elcuartopoder.com.mx\/nw\/wp-json\/wp\/v2\/categories?post=122711"},{"taxonomy":"post_tag","embeddable":true,"href":"http:\/\/elcuartopoder.com.mx\/nw\/wp-json\/wp\/v2\/tags?post=122711"}],"curies":[{"name":"wp","href":"https:\/\/api.w.org\/{rel}","templated":true}]}}