{"id":122727,"date":"2023-10-09T10:38:27","date_gmt":"2023-10-09T15:38:27","guid":{"rendered":"http:\/\/elcuartopoder.com.mx\/nw\/?p=122727"},"modified":"2023-10-09T10:38:31","modified_gmt":"2023-10-09T15:38:31","slug":"biden-confirma-a-netanyahu-el-respaldo-a-israel-nuestro-apoyo-es-solido-como-una-piedra-e-inquebrantable","status":"publish","type":"post","link":"http:\/\/elcuartopoder.com.mx\/nw\/internacionales\/biden-confirma-a-netanyahu-el-respaldo-a-israel-nuestro-apoyo-es-solido-como-una-piedra-e-inquebrantable\/","title":{"rendered":"Biden confirma a Netanyahu el respaldo a Israel: \u00abNuestro apoyo es s\u00f3lido como una piedra e inquebrantable\u00bb"},"content":{"rendered":"\n<p>Joe Biden y Benjamin Netanyahu mantuvieron una conversaci\u00f3n telef\u00f3nica este s\u00e1bado, horas\u00a0despu\u00e9s de los ataques de Ham\u00e1s\u00a0contra territorio israel\u00ed. El presidente de EE.UU. dijo en un comunicado posterior a la llamada que su Gobierno \u00ab<strong>condena de forma inequ\u00edvoca<\/strong>\u00a0este ataque espantoso contra Israel por parte de terroristas de Hamas desde Gaza\u00bb.<\/p>\n\n\n\n<p>\u00abEl terrorismo nunca est\u00e1 justificado\u00bb, a\u00f1adi\u00f3 Biden, que sostuvo que \u00abIsrael tiene derecho a defenderse a s\u00ed mismo y a su pueblo\u00bb y advirti\u00f3 \u00aba cualquier otro actor hostil a Israel que busque aprovechar esta situaci\u00f3n\u00bb que el apoyo de su Administraci\u00f3n a la seguridad de Israel es \u00abs\u00f3lido como la roca e inquebrantable\u00bb.<\/p>\n\n\n\n<p>El mandatario estadounidense asegur\u00f3 al primer ministro israel\u00ed, con el que ha mantenido turbulencias en los \u00faltimos meses\u00a0<strong>por la reforma judicial<\/strong>\u00a0que debilita\u00a0la independencia de los jueces\u00a0impulsada por Netanyahu, que \u00abestamos listos para ofrecer todas las formas de apoyo necesarias para el Gobierno y el pueblo de Israel\u00bb.<\/p>\n\n\n\n<h3 class=\"wp-block-heading\">Agradecimiento<\/h3>\n\n\n\n<p>Netanyahu agradeci\u00f3 la muestra de apoyo, seg\u00fan asegur\u00f3 la oficina del primer ministro tras la llamada, y advirti\u00f3 a Biden de que es necesaria una \u00abcampa\u00f1a contundente y prolongada\u00bb contra Ham\u00e1s en Gaza.<\/p>\n\n\n\n<p>Un gran n\u00famero de altos cargos estadounidenses, como el jefe de su diplomacia, el secretario de Estado, Antony Blinken, se unieron<strong>&nbsp;a las condenas a los ataques<\/strong>&nbsp;y a las muestras de apoyo a Israel.<\/p>\n\n\n\n<p>El secretario de Defensa, Lloyd Austin, asegur\u00f3 que el Pent\u00e1gono trabajar\u00e1 para que Israel, el gran socio pol\u00edtico, militar y estrat\u00e9gico de EE.UU. en Oriente Medio, \u00abtenga todo lo necesaria para defenderse y proteger a sus ciudadanos frente a la violencia y el terrorismo indiscriminados\u00bb.<\/p>\n\n\n\n<p>Fuente: ABC<\/p>\n","protected":false},"excerpt":{"rendered":"<p>Joe Biden y Benjamin Netanyahu mantuvieron una conversaci\u00f3n telef\u00f3nica este s\u00e1bado, horas\u00a0despu\u00e9s de los ataques de Ham\u00e1s\u00a0contra territorio israel\u00ed. El presidente de EE.UU. dijo en un comunicado posterior a la llamada que su Gobierno \u00abcondena de forma inequ\u00edvoca\u00a0este ataque espantoso contra Israel por parte de terroristas de Hamas desde Gaza\u00bb. \u00abEl terrorismo nunca est\u00e1 justificado\u00bb, [&hellip;]<\/p>\n","protected":false},"author":2,"featured_media":122728,"comment_status":"open","ping_status":"open","sticky":false,"template":"","format":"standard","meta":{"footnotes":""},"categories":[8],"tags":[],"class_list":["post-122727","post","type-post","status-publish","format-standard","has-post-thumbnail","hentry","category-internacionales"],"_links":{"self":[{"href":"http:\/\/elcuartopoder.com.mx\/nw\/wp-json\/wp\/v2\/posts\/122727","targetHints":{"allow":["GET"]}}],"collection":[{"href":"http:\/\/elcuartopoder.com.mx\/nw\/wp-json\/wp\/v2\/posts"}],"about":[{"href":"http:\/\/elcuartopoder.com.mx\/nw\/wp-json\/wp\/v2\/types\/post"}],"author":[{"embeddable":true,"href":"http:\/\/elcuartopoder.com.mx\/nw\/wp-json\/wp\/v2\/users\/2"}],"replies":[{"embeddable":true,"href":"http:\/\/elcuartopoder.com.mx\/nw\/wp-json\/wp\/v2\/comments?post=122727"}],"version-history":[{"count":1,"href":"http:\/\/elcuartopoder.com.mx\/nw\/wp-json\/wp\/v2\/posts\/122727\/revisions"}],"predecessor-version":[{"id":122729,"href":"http:\/\/elcuartopoder.com.mx\/nw\/wp-json\/wp\/v2\/posts\/122727\/revisions\/122729"}],"wp:featuredmedia":[{"embeddable":true,"href":"http:\/\/elcuartopoder.com.mx\/nw\/wp-json\/wp\/v2\/media\/122728"}],"wp:attachment":[{"href":"http:\/\/elcuartopoder.com.mx\/nw\/wp-json\/wp\/v2\/media?parent=122727"}],"wp:term":[{"taxonomy":"category","embeddable":true,"href":"http:\/\/elcuartopoder.com.mx\/nw\/wp-json\/wp\/v2\/categories?post=122727"},{"taxonomy":"post_tag","embeddable":true,"href":"http:\/\/elcuartopoder.com.mx\/nw\/wp-json\/wp\/v2\/tags?post=122727"}],"curies":[{"name":"wp","href":"https:\/\/api.w.org\/{rel}","templated":true}]}}