{"id":122783,"date":"2023-10-11T09:06:48","date_gmt":"2023-10-11T14:06:48","guid":{"rendered":"http:\/\/elcuartopoder.com.mx\/nw\/?p=122783"},"modified":"2023-10-11T09:06:51","modified_gmt":"2023-10-11T14:06:51","slug":"claudia-sheinbaum-visitara-playa-del-carmen-el-proximo-jueves","status":"publish","type":"post","link":"http:\/\/elcuartopoder.com.mx\/nw\/municipales\/claudia-sheinbaum-visitara-playa-del-carmen-el-proximo-jueves\/","title":{"rendered":"Claudia Sheinbaum visitar\u00e1 Playa del Carmen el pr\u00f3ximo jueves"},"content":{"rendered":"\n<p><strong>Claudia Sheinbaum Pardo<\/strong>, coordinadora nacional de los Comit\u00e9s de Defensa de la Cuarta Transformaci\u00f3n, llegar\u00e1 a Playa del Carmen el pr\u00f3ximo jueves al&nbsp;<strong>sindicato de taxistas L\u00e1zaro C\u00e1rdenas del R\u00edo<\/strong>, confirm\u00f3 la dirigencia estatal de Movimiento Regeneraci\u00f3n Nacional (Morena).<\/p>\n\n\n\n<p><strong>Johana Acosta Conrado<\/strong>, dirigente del Comit\u00e9 Ejecutivo Estatal de Morena, dio a conocer que la aspirante presidencial arribar\u00e1 a las 15 horas al campo deportivo de la organizaci\u00f3n gremial, ubicado en la salida sur de Playa del Carmen, cerca de los&nbsp;<strong>parques de Xcaret<\/strong>.<\/p>\n\n\n\n<p>Se trata de la primera visita de<strong>&nbsp;Claudia Sheinbaum a Quintana Roo<\/strong>, luego de ganar la encuesta nacional que la perfila como la virtual candidata rumbo a las elecciones de la presidencia de la Rep\u00fablica.<\/p>\n\n\n\n<p>Esta informaci\u00f3n fue dada a conocer en rueda de prensa en el centro de Playa del Carmen, donde llegaron diversos miembros de la dirigencia partidista.<\/p>\n\n\n\n<blockquote class=\"wp-block-quote is-layout-flow wp-block-quote-is-layout-flow\"><p>Uno de los objetivos de la visita es que se firme un acuerdo de unidad tras el proceso interno de elecci\u00f3n de la coordinaci\u00f3n nacional de Defensa de la Cuarta Transformaci\u00f3n<em>&nbsp;\u201cNos arropamos a la coordinadora nacional de todos los equipos pol\u00edticos que estuvieron apoyando a otros aspirantes. Hoy nos sumamos a esta coordinaci\u00f3n que encabeza la doctora Claudia Sheinbaum\u201d<\/em>, dijo.<\/p><\/blockquote>\n\n\n\n<p>Durante el evento se habl\u00f3 tambi\u00e9n del actual panorama pol\u00edtico rumbo a las elecciones locales que se celebrar\u00e1n tambi\u00e9n en Quintana Roo para la renovaci\u00f3n de los miembros de los ayuntamientos.<\/p>\n\n\n\n<p>Fuente: SIPSE<\/p>\n","protected":false},"excerpt":{"rendered":"<p>Claudia Sheinbaum Pardo, coordinadora nacional de los Comit\u00e9s de Defensa de la Cuarta Transformaci\u00f3n, llegar\u00e1 a Playa del Carmen el pr\u00f3ximo jueves al&nbsp;sindicato de taxistas L\u00e1zaro C\u00e1rdenas del R\u00edo, confirm\u00f3 la dirigencia estatal de Movimiento Regeneraci\u00f3n Nacional (Morena). Johana Acosta Conrado, dirigente del Comit\u00e9 Ejecutivo Estatal de Morena, dio a conocer que la aspirante presidencial [&hellip;]<\/p>\n","protected":false},"author":2,"featured_media":122784,"comment_status":"open","ping_status":"open","sticky":false,"template":"","format":"standard","meta":{"footnotes":""},"categories":[6],"tags":[],"class_list":["post-122783","post","type-post","status-publish","format-standard","has-post-thumbnail","hentry","category-municipales"],"_links":{"self":[{"href":"http:\/\/elcuartopoder.com.mx\/nw\/wp-json\/wp\/v2\/posts\/122783","targetHints":{"allow":["GET"]}}],"collection":[{"href":"http:\/\/elcuartopoder.com.mx\/nw\/wp-json\/wp\/v2\/posts"}],"about":[{"href":"http:\/\/elcuartopoder.com.mx\/nw\/wp-json\/wp\/v2\/types\/post"}],"author":[{"embeddable":true,"href":"http:\/\/elcuartopoder.com.mx\/nw\/wp-json\/wp\/v2\/users\/2"}],"replies":[{"embeddable":true,"href":"http:\/\/elcuartopoder.com.mx\/nw\/wp-json\/wp\/v2\/comments?post=122783"}],"version-history":[{"count":1,"href":"http:\/\/elcuartopoder.com.mx\/nw\/wp-json\/wp\/v2\/posts\/122783\/revisions"}],"predecessor-version":[{"id":122785,"href":"http:\/\/elcuartopoder.com.mx\/nw\/wp-json\/wp\/v2\/posts\/122783\/revisions\/122785"}],"wp:featuredmedia":[{"embeddable":true,"href":"http:\/\/elcuartopoder.com.mx\/nw\/wp-json\/wp\/v2\/media\/122784"}],"wp:attachment":[{"href":"http:\/\/elcuartopoder.com.mx\/nw\/wp-json\/wp\/v2\/media?parent=122783"}],"wp:term":[{"taxonomy":"category","embeddable":true,"href":"http:\/\/elcuartopoder.com.mx\/nw\/wp-json\/wp\/v2\/categories?post=122783"},{"taxonomy":"post_tag","embeddable":true,"href":"http:\/\/elcuartopoder.com.mx\/nw\/wp-json\/wp\/v2\/tags?post=122783"}],"curies":[{"name":"wp","href":"https:\/\/api.w.org\/{rel}","templated":true}]}}