{"id":122786,"date":"2023-10-11T09:16:22","date_gmt":"2023-10-11T14:16:22","guid":{"rendered":"http:\/\/elcuartopoder.com.mx\/nw\/?p=122786"},"modified":"2023-10-11T09:16:25","modified_gmt":"2023-10-11T14:16:25","slug":"en-esta-fecha-morena-dara-resultados-de-encuesta-de-reconocimiento-para-gubernaturas","status":"publish","type":"post","link":"http:\/\/elcuartopoder.com.mx\/nw\/nacionales\/en-esta-fecha-morena-dara-resultados-de-encuesta-de-reconocimiento-para-gubernaturas\/","title":{"rendered":"En esta fecha Morena dar\u00e1 resultados de encuesta de reconocimiento para gubernaturas"},"content":{"rendered":"\n<p>El dirigente nacional de Morena, Mario Delgado, anunci\u00f3 que el pr\u00f3ximo 12 de octubre un representante del partido viajar\u00e1 a cada uno de los nueve estados en disputa, y anunciar\u00e1 ante todos los aspirantes los resultados de las encuestas de reconocimiento.<\/p>\n\n\n\n<p>Mario Delgado dijo que al d\u00eda siguiente se har\u00e1 p\u00fablica la lista de finalistas tras una valoraci\u00f3n pol\u00edtica y el d\u00eda lunes 16 de octubre fijar\u00e1n las reglas para la encuesta que determinar\u00e1 las candidaturas.<\/p>\n\n\n\n<p>El l\u00edder morenista confirm\u00f3 que las encuestas de reconocimiento con m\u00e1s de 280 aspirantes ya concluyeron y est\u00e1n en proceso de revisi\u00f3n para darles a conocer los resultados esta misma semana.<\/p>\n\n\n\n<p>\u00abDe acuerdo con la convocatoria, los Comit\u00e9s Estatales sesionaron para hacer sus propuestas y dejemos claro que pod\u00edan cambian, las encuestas ya se hicieron y el pr\u00f3ximo jueves vamos a tener una reuni\u00f3n en cada entidad con todos los inscritos para darles a conocer los resultados, el viernes se publicar\u00e1n los nombres de qui\u00e9nes van a ir a la encuesta final, sesionar\u00e1 la comisi\u00f3n para meditar resultados de encuestas y propuestas de entidades\u201d, dijo.<\/p>\n\n\n\n<p>Agreg\u00f3: Y el lunes citaremos a reuni\u00f3n a quienes estar\u00e1n en encuesta final para darles a conocer c\u00f3mo va a ser la encuesta, que lo sepan al 100 por ciento, qu\u00e9 se va a ponderar y qu\u00e9 se va a preguntar, y que sepan que nos vamos a apegar a la paridad para garantizar que m\u00ednimo sean cuatro mujeres, si nueve mujeres ganan ah\u00ed no hay criterio y tendremos nueve coordinadoras\u00bb.<\/p>\n\n\n\n<p>Respecto al senador Alejandro Armenta, Mario Delgado dijo que s\u00ed estar\u00e1 incluido, por posicionamiento y por valoraci\u00f3n pol\u00edtica.<\/p>\n\n\n\n<p>\u00bb Se valorar\u00e1n los resultados de la encuesta, la votaci\u00f3n de los Consejos Estatales y la valoraci\u00f3n pol\u00edtica, los que est\u00e9n muy posicionados se van a incluir porque queremos ganar, por ejemplo, Puebla eligi\u00f3 a Julio Huerta y a Nacho Mier, pero casi todas las encuestas se\u00f1alan que Armenta es muy competitivo y hay mujeres tambi\u00e9n muy reconocidas. Por eso habr\u00e1 una combinaci\u00f3n para valorar, es lo que va a definir la comisi\u00f3n de encuestas\u00bb, se\u00f1al\u00f3.<\/p>\n\n\n\n<p>Fuente: Milenio<\/p>\n","protected":false},"excerpt":{"rendered":"<p>El dirigente nacional de Morena, Mario Delgado, anunci\u00f3 que el pr\u00f3ximo 12 de octubre un representante del partido viajar\u00e1 a cada uno de los nueve estados en disputa, y anunciar\u00e1 ante todos los aspirantes los resultados de las encuestas de reconocimiento. Mario Delgado dijo que al d\u00eda siguiente se har\u00e1 p\u00fablica la lista de finalistas [&hellip;]<\/p>\n","protected":false},"author":2,"featured_media":122787,"comment_status":"open","ping_status":"open","sticky":false,"template":"","format":"standard","meta":{"footnotes":""},"categories":[55],"tags":[],"class_list":["post-122786","post","type-post","status-publish","format-standard","has-post-thumbnail","hentry","category-nacionales"],"_links":{"self":[{"href":"http:\/\/elcuartopoder.com.mx\/nw\/wp-json\/wp\/v2\/posts\/122786","targetHints":{"allow":["GET"]}}],"collection":[{"href":"http:\/\/elcuartopoder.com.mx\/nw\/wp-json\/wp\/v2\/posts"}],"about":[{"href":"http:\/\/elcuartopoder.com.mx\/nw\/wp-json\/wp\/v2\/types\/post"}],"author":[{"embeddable":true,"href":"http:\/\/elcuartopoder.com.mx\/nw\/wp-json\/wp\/v2\/users\/2"}],"replies":[{"embeddable":true,"href":"http:\/\/elcuartopoder.com.mx\/nw\/wp-json\/wp\/v2\/comments?post=122786"}],"version-history":[{"count":1,"href":"http:\/\/elcuartopoder.com.mx\/nw\/wp-json\/wp\/v2\/posts\/122786\/revisions"}],"predecessor-version":[{"id":122788,"href":"http:\/\/elcuartopoder.com.mx\/nw\/wp-json\/wp\/v2\/posts\/122786\/revisions\/122788"}],"wp:featuredmedia":[{"embeddable":true,"href":"http:\/\/elcuartopoder.com.mx\/nw\/wp-json\/wp\/v2\/media\/122787"}],"wp:attachment":[{"href":"http:\/\/elcuartopoder.com.mx\/nw\/wp-json\/wp\/v2\/media?parent=122786"}],"wp:term":[{"taxonomy":"category","embeddable":true,"href":"http:\/\/elcuartopoder.com.mx\/nw\/wp-json\/wp\/v2\/categories?post=122786"},{"taxonomy":"post_tag","embeddable":true,"href":"http:\/\/elcuartopoder.com.mx\/nw\/wp-json\/wp\/v2\/tags?post=122786"}],"curies":[{"name":"wp","href":"https:\/\/api.w.org\/{rel}","templated":true}]}}