{"id":122801,"date":"2023-10-11T16:24:35","date_gmt":"2023-10-11T21:24:35","guid":{"rendered":"http:\/\/elcuartopoder.com.mx\/nw\/?p=122801"},"modified":"2023-10-11T16:24:37","modified_gmt":"2023-10-11T21:24:37","slug":"hamas-amenaza-con-ejecutar-publicamente-a-rehenes-y-transmitirlo-por-internet","status":"publish","type":"post","link":"http:\/\/elcuartopoder.com.mx\/nw\/internacionales\/hamas-amenaza-con-ejecutar-publicamente-a-rehenes-y-transmitirlo-por-internet\/","title":{"rendered":"Ham\u00e1s amenaza con ejecutar \u00abp\u00fablicamente\u00bb a rehenes y transmitirlo por internet"},"content":{"rendered":"\n<p>Luego de que el pasado\u00a0<strong>7 de octubre<\/strong>\u00a0inici\u00f3 una escalada en el\u00a0<strong>conflicto entre Israel y Palestina<\/strong>, la organizaci\u00f3n pol\u00edtica y militar palestina\u00a0<strong>Ham\u00e1s\u00a0<\/strong>amenaz\u00f3 con\u00a0<strong>ejecutar \u00abp\u00fablicamente\u00bb a sus\u00a0rehenes civiles<\/strong>\u00a0en dado caso de que<strong>\u00a0Israel contin\u00fae con los bombardeos en la Franja de Gaza sin aviso a los habitantes<\/strong>. Incluso, hizo la advertencia de que publicar\u00eda los crueles hechos por medio de Internet.\u00a0<\/p>\n\n\n\n<p>A trav\u00e9s&nbsp;de un comunicado,&nbsp;<strong>Abu Obeida,&nbsp;el portavoz de las brigadas de Al Qasam, el brazo armado de Ham\u00e1s,<\/strong>&nbsp;hizo \u00e9nfasis en que los asesinatos no ser\u00edan hacia los<a href=\"https:\/\/heraldodemexico.com.mx\/opinion\/2023\/10\/10\/la-paz-tendra-que-esperar-gaza-israel-545348.html\">&nbsp;<\/a><strong><a href=\"https:\/\/heraldodemexico.com.mx\/opinion\/2023\/10\/10\/la-paz-tendra-que-esperar-gaza-israel-545348.html\">militares.<\/a>&nbsp;<\/strong>Por el contrario,&nbsp;resalt\u00f3 que las v\u00edctimas ser\u00edan las personas civiles que han tomado durante los \u00faltimos enfrentamientos.&nbsp;<\/p>\n\n\n\n<p>\u00abCualquier ataque contra casas inocentes en Gaza sin previo aviso y alerta se enfrentar\u00e1 a la ejecuci\u00f3n p\u00fablica de un reh\u00e9n\u00bb, afirm\u00f3 en un comunicado Abu Obeida, portavoz de las brigadas de Al Qasam.&nbsp;<\/p>\n\n\n\n<figure class=\"wp-block-image\"><img decoding=\"async\" src=\"https:\/\/heraldodemexico.com.mx\/u\/fotografias\/m\/2023\/10\/10\/f768x1-819899_820026_5050.jpg\" alt=\"\"\/><figcaption>Ham\u00e1s resalt\u00f3 que las v\u00edctimas ser\u00edan las personas civiles que han tomado durante los \u00faltimos enfrentamientos. Foto: AP.&nbsp;<\/figcaption><\/figure>\n\n\n\n<h2 class=\"wp-block-heading\">\u00bfC\u00f3mo ha sido la captura de rehenes de \u00abHam\u00e1s?&nbsp;<\/h2>\n\n\n\n<p>Recordemos que a partir de los primeros ataques realizados por la<strong>&nbsp;organizaci\u00f3n Ham\u00e1s<\/strong>&nbsp;y de que el&nbsp;<strong>primer ministro de Israel,&nbsp;Benjam\u00edn Netanyahu,<\/strong>&nbsp;declar\u00f3 oficialmente la&nbsp;<strong>guerra<\/strong>, han circulado toda una serie de videos e im\u00e1genes sobre c\u00f3mo civiles han sido tomados como rehenes bajo la custodia del&nbsp;<a href=\"https:\/\/heraldodemexico.com.mx\/nacional\/2023\/10\/10\/es-apocaliptico-mexicana-que-intenta-escapar-de-israel-relata-su-cruda-experiencia-pide-ayuda-la-sre-545647.html\"><strong>grupo&nbsp;islamista<\/strong>.<\/a>&nbsp;De hecho,&nbsp;<strong>Basem Naim, jefe de relaciones internacionales de Ham\u00e1s,&nbsp;<\/strong>asegur\u00f3 para la BBC, que aunque tratar\u00e1n de forma \u00abhumana y digna\u00bb a las personas que han reclutado, no informar\u00e1n de cu\u00e1ntas se trata.<\/p>\n\n\n\n<figure class=\"wp-block-image\"><img decoding=\"async\" src=\"https:\/\/heraldodemexico.com.mx\/u\/fotografias\/m\/2023\/10\/10\/f768x1-819906_820033_15.jpg\" alt=\"\"\/><figcaption>Ham\u00e1s asegur\u00f3 que no informar\u00e1 el n\u00famero de rehenes que ha capturado. Foto: AP.&nbsp;<\/figcaption><\/figure>\n\n\n\n<p>Sin embargo, seg\u00fan las \u00faltimas estimaciones dadas a conocer por medios de comunicaci\u00f3n, cerca de&nbsp;<strong>150 personas han sido secuestradas por Ham\u00e1s&nbsp;y llevadas a Gaza.&nbsp;<\/strong>Una situaci\u00f3n que hasta el momento, no tiene precedentes incluso si se le compara con otros sucesos a nivel internacional.&nbsp;<\/p>\n\n\n\n<h2 class=\"wp-block-heading\">\u00bfQu\u00e9 es la organizaci\u00f3n \u00abHam\u00e1s\u00bb?&nbsp;<\/h2>\n\n\n\n<p>Para entender qu\u00e9 es lo que est\u00e1 pasando en<strong>\u00a0Medio Oriente,<\/strong>\u00a0es importante tomar en cuenta que el grupo<strong>\u00a0\u00abHam\u00e1s\u00bb<\/strong>\u00a0no es sin\u00f3nimo de\u00a0<strong>Palestina.<\/strong>\u00a0En este sentido el\u00a0<strong>\u00abMovimiento de Resistencia Isl\u00e1mica\u00bb\u00a0<\/strong>\u00fanicamente controla la llamada\u00a0<strong>Franja de Gaza<\/strong>\u00a0y es una organizaci\u00f3n pol\u00edtica y militar que se form\u00f3 desde el a\u00f1o de\u00a0<strong>1987<\/strong>\u00a0con el objetivo de conseguir la<strong>\u00a0\u00abliberaci\u00f3n de Palestina\u00bb<\/strong>. Aunque tambi\u00e9n hay que decir que este organismo\u00a0ha sido considerado\u00a0como\u00a0<strong>\u00abun grupo terrorista\u00bb<\/strong>\u00a0por varios pa\u00edses. Entre los que destacan<strong>\u00a0Israel y su aliado Estados Unidos.\u00a0<\/strong><\/p>\n\n\n\n<figure class=\"wp-block-image\"><img decoding=\"async\" src=\"https:\/\/heraldodemexico.com.mx\/u\/fotografias\/m\/2023\/10\/10\/f768x1-819907_820034_15.jpg\" alt=\"\"\/><figcaption>Pa\u00edses como Israel y Estados Unidos consideran a \u00abHam\u00e1s\u00bb como un grupo terrorista. Foto: AP.&nbsp;<\/figcaption><\/figure>\n\n\n\n<p>Fuente: heraldodemexico<\/p>\n","protected":false},"excerpt":{"rendered":"<p>Luego de que el pasado\u00a07 de octubre\u00a0inici\u00f3 una escalada en el\u00a0conflicto entre Israel y Palestina, la organizaci\u00f3n pol\u00edtica y militar palestina\u00a0Ham\u00e1s\u00a0amenaz\u00f3 con\u00a0ejecutar \u00abp\u00fablicamente\u00bb a sus\u00a0rehenes civiles\u00a0en dado caso de que\u00a0Israel contin\u00fae con los bombardeos en la Franja de Gaza sin aviso a los habitantes. Incluso, hizo la advertencia de que publicar\u00eda los crueles hechos por [&hellip;]<\/p>\n","protected":false},"author":2,"featured_media":122802,"comment_status":"open","ping_status":"open","sticky":false,"template":"","format":"standard","meta":{"footnotes":""},"categories":[8],"tags":[],"class_list":["post-122801","post","type-post","status-publish","format-standard","has-post-thumbnail","hentry","category-internacionales"],"_links":{"self":[{"href":"http:\/\/elcuartopoder.com.mx\/nw\/wp-json\/wp\/v2\/posts\/122801","targetHints":{"allow":["GET"]}}],"collection":[{"href":"http:\/\/elcuartopoder.com.mx\/nw\/wp-json\/wp\/v2\/posts"}],"about":[{"href":"http:\/\/elcuartopoder.com.mx\/nw\/wp-json\/wp\/v2\/types\/post"}],"author":[{"embeddable":true,"href":"http:\/\/elcuartopoder.com.mx\/nw\/wp-json\/wp\/v2\/users\/2"}],"replies":[{"embeddable":true,"href":"http:\/\/elcuartopoder.com.mx\/nw\/wp-json\/wp\/v2\/comments?post=122801"}],"version-history":[{"count":1,"href":"http:\/\/elcuartopoder.com.mx\/nw\/wp-json\/wp\/v2\/posts\/122801\/revisions"}],"predecessor-version":[{"id":122803,"href":"http:\/\/elcuartopoder.com.mx\/nw\/wp-json\/wp\/v2\/posts\/122801\/revisions\/122803"}],"wp:featuredmedia":[{"embeddable":true,"href":"http:\/\/elcuartopoder.com.mx\/nw\/wp-json\/wp\/v2\/media\/122802"}],"wp:attachment":[{"href":"http:\/\/elcuartopoder.com.mx\/nw\/wp-json\/wp\/v2\/media?parent=122801"}],"wp:term":[{"taxonomy":"category","embeddable":true,"href":"http:\/\/elcuartopoder.com.mx\/nw\/wp-json\/wp\/v2\/categories?post=122801"},{"taxonomy":"post_tag","embeddable":true,"href":"http:\/\/elcuartopoder.com.mx\/nw\/wp-json\/wp\/v2\/tags?post=122801"}],"curies":[{"name":"wp","href":"https:\/\/api.w.org\/{rel}","templated":true}]}}