{"id":122804,"date":"2023-10-11T16:26:25","date_gmt":"2023-10-11T21:26:25","guid":{"rendered":"http:\/\/elcuartopoder.com.mx\/nw\/?p=122804"},"modified":"2023-10-11T16:26:29","modified_gmt":"2023-10-11T21:26:29","slug":"la-camara-de-diputados-aprueba-dictamen-para-eliminar-fideicomisos-del-poder-judicial-de-la-federacion","status":"publish","type":"post","link":"http:\/\/elcuartopoder.com.mx\/nw\/nacionales\/la-camara-de-diputados-aprueba-dictamen-para-eliminar-fideicomisos-del-poder-judicial-de-la-federacion\/","title":{"rendered":"La C\u00e1mara de Diputados aprueba dictamen para eliminar fideicomisos del Poder Judicial de la Federaci\u00f3n"},"content":{"rendered":"\n<p>Con la mayor\u00eda de Morena y sus aliados,\u00a0<strong>la Comisi\u00f3n de Presupuesto y Cuenta P\u00fablica<\/strong>, aprob\u00f3 el dictamen que elimina los fideicomisos del Poder Judicial de la Federaci\u00f3n, que propuso el coordinador\u00a0<strong>Ignacio Mier Velasco<\/strong>.<\/p>\n\n\n\n<p>El documento aprobado con 30 a favor; 21, en contra 21 y cero abstenciones se\u00f1ala que \u201cDentro del Poder Judicial de la Federaci\u00f3n\u00a0<strong>no podr\u00e1n existir otros fondos y fideicomisos<\/strong>\u00a0de los que expresamente prevea la Ley Org\u00e1nica del Poder Judicial de la Federaci\u00f3n.<\/p>\n\n\n\n<figure class=\"wp-block-image\"><img decoding=\"async\" src=\"https:\/\/heraldodemexico.com.mx\/u\/fotografias\/m\/2023\/9\/14\/f768x1-803342_803469_5050.jpg\" alt=\"\"\/><figcaption>La iniciativa ser\u00e1 entregada al pleno del Sal\u00f3n de sesiones&nbsp;<br>Cr\u00e9ditos: Especial<\/figcaption><\/figure>\n\n\n\n<p>Tambi\u00e9n expone que \u201cLos \u00f3rganos del Poder Judicial de la Federaci\u00f3n que funjan como fideicomitentes deber\u00e1n coordinarse con las instituciones que funjan como fiduciarias para llevar a cabo los actos y procesos necesarios para extinguir los fideicomisos que no se ajusten a&nbsp;<strong>lo que establece el p\u00e1rrafo anterior y dar por terminados los mandatos correspondientes<\/strong>, con la finalidad de que en el plazo m\u00e1ximo de un a\u00f1o posterior a la entrada en vigor del presente Decreto, se suscriban los convenios de extinci\u00f3n o terminaci\u00f3n respectivamente, en t\u00e9rminos de las disposiciones aplicables\u201d.<\/p>\n\n\n\n<h2 class=\"wp-block-heading\">\u00bfCu\u00e1ntos fideicomisos cuentan con respaldo jur\u00eddico?<\/h2>\n\n\n\n<p>Seg\u00fan la iniciativa s\u00f3lo uno se encuentra contemplado en la&nbsp;<strong>Ley Org\u00e1nica del Poder Judicial de la Federaci\u00f3n<\/strong>, siendo el Fondo de Apoyo a la Administraci\u00f3n de Justicia; y otro, el&nbsp;<strong>Fondo para la Administraci\u00f3n de los Recursos provenientes de Sentencias que deriven de las Acciones Colectivas Difusas<\/strong>&nbsp;est\u00e1 contemplado en el C\u00f3digo Federal de Procedimientos Civiles; los 12 fondos y fideicomisos restantes no cuentan con<strong>&nbsp;un respaldo jur\u00eddico adecuado<\/strong>.<\/p>\n\n\n\n<p>En sesi\u00f3n presencial, luego de que la oposici\u00f3n intent\u00f3 a trav\u00e9s de l<strong>a diputada del PRI, Carolina Viggiano&nbsp;<\/strong>propusiera declinar la dictaminaci\u00f3n a las comisiones de Hacienda y de Justicia, al considerar que&nbsp;<strong>no ten\u00edan competencia para analizar la propuesta, Hamlet Garc\u00eda Almaguer,<\/strong>&nbsp;pidi\u00f3 que se dieran 24 horas para que la Va por M\u00e9xico y Movimiento Ciudadano, leyeran la pena de muerte a los excesos de jueces, magistrados y ministros.<\/p>\n\n\n\n<p>\u201cLos privilegios del Poder Judicial est\u00e1n en agon\u00eda, lo \u00fanico que los mantiene vivos es la respiraci\u00f3n artificial que les est\u00e1 otorgando la oposici\u00f3n. Pero<strong>&nbsp;hoy es un buen d\u00eda porque eso est\u00e1 por terminar<\/strong>. Aprobaremos esa extinci\u00f3n en comisiones y con toda pausa diputado presidente le solicitar\u00eda que, atendiendo a los presidentes de la SCJN,&nbsp;<strong>dej\u00e1ramos entre la declaratoria de publicidad del dictamen y el inicio de la discusi\u00f3n<\/strong>, por lo menos 24 horas para que la oposici\u00f3n tenga oportunidad de leer y releer esta pena de muerte a los privilegios del PJF\u201d, dijo.<\/p>\n\n\n\n<h3 class=\"wp-block-heading\">\u00bfCu\u00e1l es&nbsp;la opini\u00f3n de los partidos pol\u00edticos respecto a los fideicomisos?<\/h3>\n\n\n\n<p><strong>H\u00e9ctor Sa\u00fal T\u00e9llez&nbsp;<\/strong>del&nbsp;<strong>Partido Acci\u00f3n Nacional&nbsp;<\/strong>indic\u00f3 que con la iniciativa se perpetra la estrategia de asfixiar a todo \u00f3rgano o poder que<strong>&nbsp;no tenga consonancia con el gobierno federal<\/strong>, como lo intent\u00f3 con el Instituto Nacional Electoral y el INAI, con una propuesta agresiva que menoscaba al<strong>&nbsp;Poder Judicial<\/strong>&nbsp;pero, adem\u00e1s, que afecta los derechos de los trabajadores.<\/p>\n\n\n\n<p>\u201cTotalmente va en contra de la progresividad de los derechos laborales de los trabajadores de base, de los trabajadores y mandos medios del<strong>&nbsp;poder judicial de la Federaci\u00f3n toda vez que ah\u00ed que se prev\u00e9n prestaciones<\/strong>&nbsp;que han adquirido a trav\u00e9s de d\u00e9cadas y luchas de los trabajadores del PJF, y que se pretenden borrar de un solo plumazo\u201d, denunci\u00f3.<\/p>\n\n\n\n<p><strong>Mario Miguel Carrillo<\/strong>, afirm\u00f3 que, con la propuesta, no se meten con el presupuesto del Poder Judicial, y lo que buscan es que se d\u00e9 total transparencia a los recursos ya que no hay claridad en la forma en c\u00f3mo se gastan dichos recursos, que puntualiz\u00f3, provienen del erario p\u00fablico.<\/p>\n\n\n\n<p>\u201cAqu\u00ed lo que nosotros estamos buscando es que no exista opacidad, que no existan excesos del Poder Judicial pero, sobre todo, que el Poder Judicial no pretenda burlar la ley, porque se supone que ellos est\u00e1n para garantizar la ley, \u00bfCu\u00e1l ley? Ustedes se preguntar\u00e1n, pues la ley de disciplina financiera, simple y sencillamente<strong>, la mayor\u00eda de estos fideicomisos son de principios de los a\u00f1os noventa<\/strong>.<\/p>\n\n\n\n<p>Indic\u00f3 que, por lo menos hay tres fideicomisos de los 14, que han recibido aportaciones a trav\u00e9s de recursos del Presupuesto de Egresos de la Federaci\u00f3n, que son:&nbsp;<strong>el Fondo Nacional para el Fortalecimiento y Modernizaci\u00f3n de la Impartici\u00f3n de Justicia<\/strong>, las pensiones complementarias de magistrados y jueces jubilados y el desarrollo de infraestructura que implementan las reformas constitucionales que son cerca de 10 mil millones de pesos \u201cque no se sabe de qu\u00e9 manera se ejercen\u201d.<\/p>\n\n\n\n<p>Margarita Zavala, quien adelant\u00f3 que van a litigar la imposici\u00f3n de<strong>&nbsp;Morena en la SCJN, indic\u00f3 que la iniciativa violenta un principio de autonom\u00eda a los poderes<\/strong>, y es una falta de respeto al Poder Judicial que m\u00e1s parece una venganza y una perversidad que vulnera su trabajo y los pone en riesgo ante el crimen organizado.<\/p>\n\n\n\n<p>\u201c<strong>Es absolutamente perverso y cruel&nbsp;<\/strong>decirles que todos sus derechos adquiridos, no importa que sea el Poder Judicial de la Federaci\u00f3n o los poderes judiciales donde haya menos expectativa de vida por la tensi\u00f3n en la que est\u00e1n, donde a veces se les tenga que ayudar con una camioneta blindada porque est\u00e1n juzgando a alguien del crimen organizado, as\u00ed actuarios, as\u00ed proyectistas, as\u00ed hasta secretarias que vienen amenazadas en materia penal\u201d, coment\u00f3.<\/p>\n\n\n\n<p>La iniciativa se enviar\u00e1 a<strong>\u00a0la Mesa Directiva, y se espera que este mi\u00e9rcoles se d\u00e9 la declaratoria de publicidad\u00a0<\/strong>para que el pr\u00f3ximo martes se suba al pleno del Sal\u00f3n de sesiones y sea discutida y en su caso aprobada.<\/p>\n\n\n\n<p>Fuente: heraldodemexico<\/p>\n","protected":false},"excerpt":{"rendered":"<p>Con la mayor\u00eda de Morena y sus aliados,\u00a0la Comisi\u00f3n de Presupuesto y Cuenta P\u00fablica, aprob\u00f3 el dictamen que elimina los fideicomisos del Poder Judicial de la Federaci\u00f3n, que propuso el coordinador\u00a0Ignacio Mier Velasco. El documento aprobado con 30 a favor; 21, en contra 21 y cero abstenciones se\u00f1ala que \u201cDentro del Poder Judicial de la [&hellip;]<\/p>\n","protected":false},"author":2,"featured_media":122805,"comment_status":"open","ping_status":"open","sticky":false,"template":"","format":"standard","meta":{"footnotes":""},"categories":[55],"tags":[],"class_list":["post-122804","post","type-post","status-publish","format-standard","has-post-thumbnail","hentry","category-nacionales"],"_links":{"self":[{"href":"http:\/\/elcuartopoder.com.mx\/nw\/wp-json\/wp\/v2\/posts\/122804","targetHints":{"allow":["GET"]}}],"collection":[{"href":"http:\/\/elcuartopoder.com.mx\/nw\/wp-json\/wp\/v2\/posts"}],"about":[{"href":"http:\/\/elcuartopoder.com.mx\/nw\/wp-json\/wp\/v2\/types\/post"}],"author":[{"embeddable":true,"href":"http:\/\/elcuartopoder.com.mx\/nw\/wp-json\/wp\/v2\/users\/2"}],"replies":[{"embeddable":true,"href":"http:\/\/elcuartopoder.com.mx\/nw\/wp-json\/wp\/v2\/comments?post=122804"}],"version-history":[{"count":1,"href":"http:\/\/elcuartopoder.com.mx\/nw\/wp-json\/wp\/v2\/posts\/122804\/revisions"}],"predecessor-version":[{"id":122806,"href":"http:\/\/elcuartopoder.com.mx\/nw\/wp-json\/wp\/v2\/posts\/122804\/revisions\/122806"}],"wp:featuredmedia":[{"embeddable":true,"href":"http:\/\/elcuartopoder.com.mx\/nw\/wp-json\/wp\/v2\/media\/122805"}],"wp:attachment":[{"href":"http:\/\/elcuartopoder.com.mx\/nw\/wp-json\/wp\/v2\/media?parent=122804"}],"wp:term":[{"taxonomy":"category","embeddable":true,"href":"http:\/\/elcuartopoder.com.mx\/nw\/wp-json\/wp\/v2\/categories?post=122804"},{"taxonomy":"post_tag","embeddable":true,"href":"http:\/\/elcuartopoder.com.mx\/nw\/wp-json\/wp\/v2\/tags?post=122804"}],"curies":[{"name":"wp","href":"https:\/\/api.w.org\/{rel}","templated":true}]}}