{"id":122843,"date":"2023-10-12T14:42:34","date_gmt":"2023-10-12T19:42:34","guid":{"rendered":"http:\/\/elcuartopoder.com.mx\/nw\/?p=122843"},"modified":"2023-10-12T14:42:37","modified_gmt":"2023-10-12T19:42:37","slug":"paridad-inevitable","status":"publish","type":"post","link":"http:\/\/elcuartopoder.com.mx\/nw\/editorial\/paridad-inevitable\/","title":{"rendered":"\u00bfParidad inevitable?"},"content":{"rendered":"\n<p>De las nueve entidades donde renovar\u00e1n las gubernaturas en el 2024, solo en Veracruz una mujer est\u00e1 al frente de las preferencias. Cuando las mediciones de Morena lo ratifiquen, Roc\u00edo Nahle renunciar\u00e1 a la secretar\u00eda de Energ\u00eda y asumir\u00e1 las riendas de los comit\u00e9s de defensa de la transformaci\u00f3n.<\/p>\n\n\n\n<p>Mario Delgado, a nombre de la dirigencia morenista, anunci\u00f3 que cuatro candidaturas est\u00e1n aseguradas para mujeres. En el INE, empero, buscan implantar un criterio que obligar\u00eda al partido en el poder a postular a cinco mujeres, de las cuales solo habr\u00eda certeza de dos: Claudia Sheinbaum, para el Ejecutivo federal, y Nahle, para Veracruz.<\/p>\n\n\n\n<p>Puebla, Morelos y Chiapas ser\u00edan las entidades donde \u2014en caso de que prevalezca ese criterio\u2014, Morena postular\u00eda mujeres. La decisi\u00f3n final al respecto tal vez demore unas semanas y ocurra despu\u00e9s de que el partido levante sus encuestas.<\/p>\n\n\n\n<p>En la v\u00edspera, \u201cmi trabajo es posicionarme y antes del 30 de octubre llegar al segundo lugar en las mediciones\u201d, dice Olivia Salom\u00f3n, quien hace cuatro semanas dej\u00f3 la secretaria de econom\u00eda en el gobierno poblano para competir con el senador Alejandro Armenta \u2014el indiscutible puntero\u2014 y el diputado federal Ignacio Mier.<\/p>\n\n\n\n<p>Las encuestas m\u00e1s recientes \u2014publicadas en El Universal y El Heraldo\u2014 la ubican en segundo plano, empatada con la exalcaldesa de la capital, Claudia Rivera. A diferencia de sus competidores, apenas lleva tres semanas de proselitismo.<\/p>\n\n\n\n<p>Salom\u00f3n Vibaldo reniega de la clase pol\u00edtica. Originaria de la capital \u2014de la colonia San Manuel, un barrio clasemediero\u2014 y de innegable ascendente liban\u00e9s, apenas lleva cuatro a\u00f1os en la cosa p\u00fablica. Del emporio inmobiliario que construy\u00f3 con su exmarido salt\u00f3 al gobierno, como secretaria de econom\u00eda, por invitaci\u00f3n del finado Luis Miguel Barbosa Huerta.<\/p>\n\n\n\n<p>Ingres\u00f3 al gabinete estatal como emergente, pues el mandatario originalmente hab\u00eda invitado a su paisano, Rodrigo Osorio D\u00edaz a esa posici\u00f3n, aunque no cumpl\u00eda con la edad m\u00ednima requerida por la Constituci\u00f3n local. La entrepeneur sali\u00f3 de su zona de confort y propuso implantar un programa de desarrollo econ\u00f3mico para el progreso social que se tradujo en la consolidaci\u00f3n de tres clusters productivos.<\/p>\n\n\n\n<p>\u201cNo voy por un premio de consolaci\u00f3n\u201d, insiste Salom\u00f3n.<\/p>\n\n\n\n<p>Por iniciativa de la consejera Carla Humphrey, los partidos quedar\u00edan obligados implementar la paridad sustantiva, en la postulaci\u00f3n de sus candidatos en el 2024. Y Gracias al INE, Morena podr\u00eda tener una docena de gobernadores el pr\u00f3ximo a\u00f1o.<\/p>\n\n\n\n<p>En Chiapas, Morena tendr\u00eda que postular a la senadora Sas\u00edl de Le\u00f3n, quien apenas en una d\u00e9cada ha desarrollado una s\u00f3lida carrera pol\u00edtica, que inici\u00f3 como secretaria para el Desarrollo y Empoderamiento de las Mujeres en el gobierno de Manuel Velasco y sigui\u00f3 como diputada federal, entre 2015 y 2018.<\/p>\n\n\n\n<p>En 2023 se afili\u00f3 a Morena y apenas el pasado 15 de junio anunci\u00f3 su intenci\u00f3n de contender por la candidatura al gobierno de esa entidad.<\/p>\n\n\n\n<p>En Morelos, la exdirectora de la Loter\u00eda Nacional, Margarita Gonz\u00e1lez Saravia, har\u00eda valer su militancia de varias d\u00e9cadas en la izquierda mexicana para obtener la nominaci\u00f3n.<\/p>\n\n\n\n<p>Fuente: eleconomista<\/p>\n","protected":false},"excerpt":{"rendered":"<p>De las nueve entidades donde renovar\u00e1n las gubernaturas en el 2024, solo en Veracruz una mujer est\u00e1 al frente de las preferencias. Cuando las mediciones de Morena lo ratifiquen, Roc\u00edo Nahle renunciar\u00e1 a la secretar\u00eda de Energ\u00eda y asumir\u00e1 las riendas de los comit\u00e9s de defensa de la transformaci\u00f3n. Mario Delgado, a nombre de la [&hellip;]<\/p>\n","protected":false},"author":2,"featured_media":122844,"comment_status":"open","ping_status":"open","sticky":false,"template":"","format":"standard","meta":{"footnotes":""},"categories":[63],"tags":[],"class_list":["post-122843","post","type-post","status-publish","format-standard","has-post-thumbnail","hentry","category-editorial"],"_links":{"self":[{"href":"http:\/\/elcuartopoder.com.mx\/nw\/wp-json\/wp\/v2\/posts\/122843","targetHints":{"allow":["GET"]}}],"collection":[{"href":"http:\/\/elcuartopoder.com.mx\/nw\/wp-json\/wp\/v2\/posts"}],"about":[{"href":"http:\/\/elcuartopoder.com.mx\/nw\/wp-json\/wp\/v2\/types\/post"}],"author":[{"embeddable":true,"href":"http:\/\/elcuartopoder.com.mx\/nw\/wp-json\/wp\/v2\/users\/2"}],"replies":[{"embeddable":true,"href":"http:\/\/elcuartopoder.com.mx\/nw\/wp-json\/wp\/v2\/comments?post=122843"}],"version-history":[{"count":1,"href":"http:\/\/elcuartopoder.com.mx\/nw\/wp-json\/wp\/v2\/posts\/122843\/revisions"}],"predecessor-version":[{"id":122845,"href":"http:\/\/elcuartopoder.com.mx\/nw\/wp-json\/wp\/v2\/posts\/122843\/revisions\/122845"}],"wp:featuredmedia":[{"embeddable":true,"href":"http:\/\/elcuartopoder.com.mx\/nw\/wp-json\/wp\/v2\/media\/122844"}],"wp:attachment":[{"href":"http:\/\/elcuartopoder.com.mx\/nw\/wp-json\/wp\/v2\/media?parent=122843"}],"wp:term":[{"taxonomy":"category","embeddable":true,"href":"http:\/\/elcuartopoder.com.mx\/nw\/wp-json\/wp\/v2\/categories?post=122843"},{"taxonomy":"post_tag","embeddable":true,"href":"http:\/\/elcuartopoder.com.mx\/nw\/wp-json\/wp\/v2\/tags?post=122843"}],"curies":[{"name":"wp","href":"https:\/\/api.w.org\/{rel}","templated":true}]}}