{"id":123524,"date":"2023-11-04T11:08:55","date_gmt":"2023-11-04T16:08:55","guid":{"rendered":"http:\/\/elcuartopoder.com.mx\/nw\/?p=123524"},"modified":"2023-11-04T11:08:59","modified_gmt":"2023-11-04T16:08:59","slug":"canal-de-la-compania-asi-es-el-desague-donde-cayeron-13-personas-tras-colapsar-un-puente","status":"publish","type":"post","link":"http:\/\/elcuartopoder.com.mx\/nw\/editorial\/canal-de-la-compania-asi-es-el-desague-donde-cayeron-13-personas-tras-colapsar-un-puente\/","title":{"rendered":"Canal de la Compa\u00f1\u00eda: As\u00ed es el desag\u00fce donde cayeron 13 personas tras colapsar un puente"},"content":{"rendered":"\n<p>Durante las celebraciones del D\u00eda de Muertos, cerca del pante\u00f3n Los Rosales, en la zona l\u00edmite de Nezahualc\u00f3yotl y Chimalhuac\u00e1n, Estado de M\u00e9xico,\u00a0cay\u00f3 un puente peatonal la tarde de este jueves 2 de noviembre sobre el Canal de la Compa\u00f1\u00eda,\u00a0<strong>dejando al menos a 13 personas heridas<\/strong>.<\/p>\n\n\n\n<p>Adolfo Cerqueda, presidente municipal de Nezahualc\u00f3yotl, fue quien confirm\u00f3 el hecho y dijo que&nbsp;<strong>las lesiones en las personas no eran de gravedad<\/strong>&nbsp;y fueron atendidos por personal de seguridad del municipio.<\/p>\n\n\n\n<p>Sin embargo, el hecho provoc\u00f3 enojo e indignaci\u00f3n en la ciudadan\u00eda a trav\u00e9s de redes sociales,&nbsp;<strong>primero por la ca\u00edda de los afectados<\/strong>, que fue sobre un canal de aguas negras, y segundo por las malas condiciones del puente, que luc\u00eda deteriorado y oxidado, y a pesar de tal situaci\u00f3n, las autoridades no lo hab\u00edan cerrado.<\/p>\n\n\n\n<p>El\u00a0Canal de la Compa\u00f1\u00eda tiene una historia que se remonta a tiempos del porfiriato, y\u00a0<strong>hasta la fecha es un referente en el oriente del Valle de M\u00e9xico<\/strong>, ya sea por su labor de drenaje o por su rompimiento ocurrido en el a\u00f1o 2000, que dej\u00f3 cientos de casas inundadas.<\/p>\n\n\n\n<hr class=\"wp-block-separator\"\/>\n\n\n\n<h2 class=\"wp-block-heading\">Esta es la historia del Canal de la Compa\u00f1\u00eda<\/h2>\n\n\n\n<p>Ubicado en el oriente de la Zona Metropolitana del Valle de M\u00e9xico,\u00a0el Canal de la Compa\u00f1\u00eda es fundamental para el paso de aguas negras en la capital del pa\u00eds, esto\u00a0<strong>debido a su recorrido y su uni\u00f3n entre dos de los principales lagos<\/strong>\u00a0de la regi\u00f3n.<\/p>\n\n\n\n<p>La Ciudad de M\u00e9xico y el Estado de M\u00e9xico<strong>\u00a0desde hace siglos han tenido problemas de inundaciones\u00a0<\/strong>y hundimiento de la tierra, por lo que decenas de gobernadores y presidentes han intentado sistemas de drenaje de aguas a fin de evitar complicaciones sobre todo en temporada de lluvias.<\/p>\n\n\n\n<p>Si bien el proyecto de un gran canal de desag\u00fce naci\u00f3 desde el a\u00f1o 1555, cuando a\u00fan era la Nueva Espa\u00f1a, fue hasta finales del siglo XX que se llev\u00f3 a cabo,&nbsp;<strong>y el principal objetivo era conectar un canal del lago de Texcoco hacia la regi\u00f3n noroeste de Tequixquiac<\/strong>, en el norte del Estado de M\u00e9xico.<\/p>\n\n\n\n<p>El proyecto fue propuesto y llevado entonces por Francisco de Garay, quien era director de Aguas del Valle, y fue para 1894 que&nbsp;<strong>el gobierno de Porfirio D\u00edaz firm\u00f3 el decreto que permit\u00eda la creaci\u00f3n del gran canal de desag\u00fce<\/strong>&nbsp;del Valle de M\u00e9xico, en el que se incorporaba una compleja red de alcantarillado de diferentes edificios de la metropoli.<\/p>\n\n\n\n<p>El&nbsp;<strong>proyecto tambi\u00e9n ten\u00eda previsto una ampliaci\u00f3n del canal de desag\u00fce hasta el sur del Valle de M\u00e9xico<\/strong>, y para 1895 se public\u00f3 un decreto en el que se permiti\u00f3 desecar el lago de Chalco, que era unos metros m\u00e1s alto que el de Texcoco.<\/p>\n\n\n\n<p>La soluci\u00f3n fue la creaci\u00f3n del Canal de la Compa\u00f1\u00eda, mismo que corre desde el lago de Chalco y<strong>&nbsp;se integra a la red de canales de Texcoco<\/strong>&nbsp;que opera actualmente y que llega hasta la laguna de Zumpango, en el norte del Estado de M\u00e9xico.<\/p>\n\n\n\n<p>La historia del Canal de la Compa\u00f1\u00eda en este siglo ha sido de deterioro y denuncias de abandono. Fue en junio del 2000 que\u00a0se report\u00f3 una rotura de este a las alturas de Chimalhuac\u00e1n, provocando<strong>\u00a0cientos de casas inundadas, as\u00ed como la propagaci\u00f3n de enfermedades<\/strong>\u00a0e importantes da\u00f1os a la vivienda de las personas en el oriente.<\/p>\n\n\n\n<p>En 2010 la historia se repiti\u00f3 y se report\u00f3 la ruptura del canal, provocando la salida de\u00a06 mil litros de aguas negras que inundaron la zona de Chimalhuac\u00e1n.\u00a0Para\u00a0<strong>mayo de 2011 la situaci\u00f3n fue la misma<\/strong>, provocando el desespero de las comunidades mexiquenses.<\/p>\n\n\n\n<p>Este 2 de noviembre, el\u00a0Canal de la Compa\u00f1\u00eda volvi\u00f3 a la conversaci\u00f3n p\u00fablica debido a la ca\u00edda de un puente, lo que provoc\u00f3 que\u00a0<strong>al menos 13 personas resultaran heridas a la altura de Nezahualc\u00f3yotl.<\/strong><\/p>\n\n\n\n<figure class=\"wp-block-image\"><img decoding=\"async\" src=\"https:\/\/www.elfinanciero.com.mx\/resizer\/I19JC9L4ke0Ee-BmK8Y7h_o0bZ0=\/1440x0\/filters:format(jpg):quality(70)\/cloudfront-us-east-1.images.arcpublishing.com\/elfinanciero\/YU4X3BXJVNEDDBXJAO4Z7YR5J4.jpg\" alt=\"\"\/><figcaption>(Gobierno de Chimalhuac\u00e1n)<\/figcaption><\/figure>\n","protected":false},"excerpt":{"rendered":"<p>Durante las celebraciones del D\u00eda de Muertos, cerca del pante\u00f3n Los Rosales, en la zona l\u00edmite de Nezahualc\u00f3yotl y Chimalhuac\u00e1n, Estado de M\u00e9xico,\u00a0cay\u00f3 un puente peatonal la tarde de este jueves 2 de noviembre sobre el Canal de la Compa\u00f1\u00eda,\u00a0dejando al menos a 13 personas heridas. Adolfo Cerqueda, presidente municipal de Nezahualc\u00f3yotl, fue quien confirm\u00f3 [&hellip;]<\/p>\n","protected":false},"author":2,"featured_media":123525,"comment_status":"open","ping_status":"open","sticky":false,"template":"","format":"standard","meta":{"footnotes":""},"categories":[63],"tags":[],"class_list":["post-123524","post","type-post","status-publish","format-standard","has-post-thumbnail","hentry","category-editorial"],"_links":{"self":[{"href":"http:\/\/elcuartopoder.com.mx\/nw\/wp-json\/wp\/v2\/posts\/123524","targetHints":{"allow":["GET"]}}],"collection":[{"href":"http:\/\/elcuartopoder.com.mx\/nw\/wp-json\/wp\/v2\/posts"}],"about":[{"href":"http:\/\/elcuartopoder.com.mx\/nw\/wp-json\/wp\/v2\/types\/post"}],"author":[{"embeddable":true,"href":"http:\/\/elcuartopoder.com.mx\/nw\/wp-json\/wp\/v2\/users\/2"}],"replies":[{"embeddable":true,"href":"http:\/\/elcuartopoder.com.mx\/nw\/wp-json\/wp\/v2\/comments?post=123524"}],"version-history":[{"count":1,"href":"http:\/\/elcuartopoder.com.mx\/nw\/wp-json\/wp\/v2\/posts\/123524\/revisions"}],"predecessor-version":[{"id":123526,"href":"http:\/\/elcuartopoder.com.mx\/nw\/wp-json\/wp\/v2\/posts\/123524\/revisions\/123526"}],"wp:featuredmedia":[{"embeddable":true,"href":"http:\/\/elcuartopoder.com.mx\/nw\/wp-json\/wp\/v2\/media\/123525"}],"wp:attachment":[{"href":"http:\/\/elcuartopoder.com.mx\/nw\/wp-json\/wp\/v2\/media?parent=123524"}],"wp:term":[{"taxonomy":"category","embeddable":true,"href":"http:\/\/elcuartopoder.com.mx\/nw\/wp-json\/wp\/v2\/categories?post=123524"},{"taxonomy":"post_tag","embeddable":true,"href":"http:\/\/elcuartopoder.com.mx\/nw\/wp-json\/wp\/v2\/tags?post=123524"}],"curies":[{"name":"wp","href":"https:\/\/api.w.org\/{rel}","templated":true}]}}