{"id":123782,"date":"2023-11-15T09:15:02","date_gmt":"2023-11-15T14:15:02","guid":{"rendered":"http:\/\/elcuartopoder.com.mx\/nw\/?p=123782"},"modified":"2023-11-15T09:15:07","modified_gmt":"2023-11-15T14:15:07","slug":"solidaridad-sera-la-primera-ciudad-inteligente-en-el-estad","status":"publish","type":"post","link":"http:\/\/elcuartopoder.com.mx\/nw\/municipales\/solidaridad-sera-la-primera-ciudad-inteligente-en-el-estad\/","title":{"rendered":"Solidaridad ser\u00e1 la primera ciudad inteligente en el estad"},"content":{"rendered":"\n<p>Playa del Carmen, Solidaridad.- Tal y como lo prometi\u00f3 la presidenta Lili Campos, hoy el municipio vuelve a brillar, pues al inicio de su administraci\u00f3n la iluminaci\u00f3n se encontraba en un 60 por ciento, con l\u00e1mparas obsoletas y en mal estado, sin embargo, hasta el momento el municipio se lleva un avance de m\u00e1s del 95%.<\/p>\n\n\n\n<p>\u201cPorque queremos que Playa del Carmen sea la primera Ciudad Inteligente de Quintana Roo se ha reforzado la iluminaci\u00f3n en las zonas de circulaci\u00f3n vehicular como parte de un proyecto integral, iluminando las avenidas primarias y colonias populares como Zazil-Ha, Colosio, Nict\u00e9-Ha, as\u00ed como en el primer cuadro de la ciudad\u201d, destac\u00f3 la presidenta Lili Campos.<\/p>\n\n\n\n<p>Asimismo, la edil solidarense puntualiz\u00f3 que este sistema de iluminaci\u00f3n, adem\u00e1s de ser amigables con el medio ambiente, tienen 10 a\u00f1os de garant\u00eda con la empresa productora y un c\u00f3digo QR para que puedan ser reportadas por cualquier ciudadano. \u201cPueden hacer su reporte al n\u00famero de WA 984-156-3991 o llamar al n\u00famero 984-8773050 ext. 10020 de lunes a viernes de 9:00 am a 4:00 pm y los s\u00e1bados de 9:00 am a 1:00 pm, lo que nos va a ayudar a poder brindarles un mejor servicio, pero adem\u00e1s a inhibir la delincuencia con espacios m\u00e1s seguros y mejor iluminados\u201d.<\/p>\n\n\n\n<p>Lili Campos recalc\u00f3 que este proyecto es un plan maestro de iluminaci\u00f3n y semaforizaci\u00f3n, abarcando una visi\u00f3n de 360\u00b0, creando una infraestructura propia del alumbrado p\u00fablico en beneficio de todos los sectores de la poblaci\u00f3n.<\/p>\n\n\n\n<figure class=\"wp-block-gallery has-nested-images columns-default is-cropped wp-block-gallery-1 is-layout-flex wp-block-gallery-is-layout-flex\">\n<figure class=\"wp-block-image size-large\"><img loading=\"lazy\" decoding=\"async\" width=\"1024\" height=\"682\" data-id=\"123784\" src=\"http:\/\/elcuartopoder.com.mx\/nw\/wp-content\/uploads\/2023\/11\/unnamed-1-1024x682.jpg\" alt=\"\" class=\"wp-image-123784\" srcset=\"http:\/\/elcuartopoder.com.mx\/nw\/wp-content\/uploads\/2023\/11\/unnamed-1-1024x682.jpg 1024w, http:\/\/elcuartopoder.com.mx\/nw\/wp-content\/uploads\/2023\/11\/unnamed-1-300x200.jpg 300w, http:\/\/elcuartopoder.com.mx\/nw\/wp-content\/uploads\/2023\/11\/unnamed-1-768x512.jpg 768w, http:\/\/elcuartopoder.com.mx\/nw\/wp-content\/uploads\/2023\/11\/unnamed-1-696x464.jpg 696w, http:\/\/elcuartopoder.com.mx\/nw\/wp-content\/uploads\/2023\/11\/unnamed-1.jpg 1280w\" sizes=\"auto, (max-width: 1024px) 100vw, 1024px\" \/><\/figure>\n\n\n\n<figure class=\"wp-block-image size-large\"><img loading=\"lazy\" decoding=\"async\" width=\"800\" height=\"533\" data-id=\"123783\" src=\"http:\/\/elcuartopoder.com.mx\/nw\/wp-content\/uploads\/2023\/11\/unnamed-2.jpg\" alt=\"\" class=\"wp-image-123783\" srcset=\"http:\/\/elcuartopoder.com.mx\/nw\/wp-content\/uploads\/2023\/11\/unnamed-2.jpg 800w, http:\/\/elcuartopoder.com.mx\/nw\/wp-content\/uploads\/2023\/11\/unnamed-2-300x200.jpg 300w, http:\/\/elcuartopoder.com.mx\/nw\/wp-content\/uploads\/2023\/11\/unnamed-2-768x512.jpg 768w, http:\/\/elcuartopoder.com.mx\/nw\/wp-content\/uploads\/2023\/11\/unnamed-2-696x464.jpg 696w\" sizes=\"auto, (max-width: 800px) 100vw, 800px\" \/><\/figure>\n\n\n\n<figure class=\"wp-block-image size-large\"><img loading=\"lazy\" decoding=\"async\" width=\"1024\" height=\"575\" data-id=\"123785\" src=\"http:\/\/elcuartopoder.com.mx\/nw\/wp-content\/uploads\/2023\/11\/unnamed-1024x575.jpg\" alt=\"\" class=\"wp-image-123785\" srcset=\"http:\/\/elcuartopoder.com.mx\/nw\/wp-content\/uploads\/2023\/11\/unnamed-1024x575.jpg 1024w, http:\/\/elcuartopoder.com.mx\/nw\/wp-content\/uploads\/2023\/11\/unnamed-300x169.jpg 300w, http:\/\/elcuartopoder.com.mx\/nw\/wp-content\/uploads\/2023\/11\/unnamed-768x431.jpg 768w, http:\/\/elcuartopoder.com.mx\/nw\/wp-content\/uploads\/2023\/11\/unnamed-696x391.jpg 696w, http:\/\/elcuartopoder.com.mx\/nw\/wp-content\/uploads\/2023\/11\/unnamed.jpg 1280w\" sizes=\"auto, (max-width: 1024px) 100vw, 1024px\" \/><\/figure>\n<\/figure>\n","protected":false},"excerpt":{"rendered":"<p>Playa del Carmen, Solidaridad.- Tal y como lo prometi\u00f3 la presidenta Lili Campos, hoy el municipio vuelve a brillar, pues al inicio de su administraci\u00f3n la iluminaci\u00f3n se encontraba en un 60 por ciento, con l\u00e1mparas obsoletas y en mal estado, sin embargo, hasta el momento el municipio se lleva un avance de m\u00e1s del [&hellip;]<\/p>\n","protected":false},"author":2,"featured_media":123785,"comment_status":"open","ping_status":"open","sticky":false,"template":"","format":"standard","meta":{"footnotes":""},"categories":[6],"tags":[],"class_list":["post-123782","post","type-post","status-publish","format-standard","has-post-thumbnail","hentry","category-municipales"],"_links":{"self":[{"href":"http:\/\/elcuartopoder.com.mx\/nw\/wp-json\/wp\/v2\/posts\/123782","targetHints":{"allow":["GET"]}}],"collection":[{"href":"http:\/\/elcuartopoder.com.mx\/nw\/wp-json\/wp\/v2\/posts"}],"about":[{"href":"http:\/\/elcuartopoder.com.mx\/nw\/wp-json\/wp\/v2\/types\/post"}],"author":[{"embeddable":true,"href":"http:\/\/elcuartopoder.com.mx\/nw\/wp-json\/wp\/v2\/users\/2"}],"replies":[{"embeddable":true,"href":"http:\/\/elcuartopoder.com.mx\/nw\/wp-json\/wp\/v2\/comments?post=123782"}],"version-history":[{"count":1,"href":"http:\/\/elcuartopoder.com.mx\/nw\/wp-json\/wp\/v2\/posts\/123782\/revisions"}],"predecessor-version":[{"id":123786,"href":"http:\/\/elcuartopoder.com.mx\/nw\/wp-json\/wp\/v2\/posts\/123782\/revisions\/123786"}],"wp:featuredmedia":[{"embeddable":true,"href":"http:\/\/elcuartopoder.com.mx\/nw\/wp-json\/wp\/v2\/media\/123785"}],"wp:attachment":[{"href":"http:\/\/elcuartopoder.com.mx\/nw\/wp-json\/wp\/v2\/media?parent=123782"}],"wp:term":[{"taxonomy":"category","embeddable":true,"href":"http:\/\/elcuartopoder.com.mx\/nw\/wp-json\/wp\/v2\/categories?post=123782"},{"taxonomy":"post_tag","embeddable":true,"href":"http:\/\/elcuartopoder.com.mx\/nw\/wp-json\/wp\/v2\/tags?post=123782"}],"curies":[{"name":"wp","href":"https:\/\/api.w.org\/{rel}","templated":true}]}}