{"id":123793,"date":"2023-11-15T17:39:57","date_gmt":"2023-11-15T22:39:57","guid":{"rendered":"http:\/\/elcuartopoder.com.mx\/nw\/?p=123793"},"modified":"2023-11-15T17:40:01","modified_gmt":"2023-11-15T22:40:01","slug":"definidos-los-selectivos-municipales-de-aguas-abiertas-y-triatlon","status":"publish","type":"post","link":"http:\/\/elcuartopoder.com.mx\/nw\/municipales\/definidos-los-selectivos-municipales-de-aguas-abiertas-y-triatlon\/","title":{"rendered":"DEFINIDOS LOS SELECTIVOS MUNICIPALES DE AGUAS ABIERTAS Y TRIATL\u00d3N"},"content":{"rendered":"\n<p>Tras la realizaci\u00f3n de las eliminatorias municipales, quedaron definidos los selectivos de Cozumel de las disciplinas de nataci\u00f3n en aguas abiertas y triatl\u00f3n, que estar\u00e1n participando en la fase estatal rumbo a los Juegos Nacionales CONADE 2024.<\/p>\n\n\n\n<p>En cumplimiento a la encomienda de la presidenta municipal Juanita Alonso Marrufo, de impulsar el desarrollo de los atletas con el fin de estar bien representados en las diversas competencias y tras&nbsp; llevarse a cabo los respectivos procesos eliminatorios, los selectivos municipales de las disciplinas mencionadas quedaron conformados como a continuaci\u00f3n se relaciona.<\/p>\n\n\n\n<p>En nataci\u00f3n en aguas abiertas la selecci\u00f3n de Cozumel est\u00e1 integrada por las ondinas Estrella Lugo, Daniela D\u00edaz y Karol Rivero, as\u00ed como los tritones Rommel Mendoza, Ludwig Barrera, Emiliano D\u00edaz, Zahir Pineda, Ian Bautista y Erwin Zetina.<\/p>\n\n\n\n<p>En tanto que el representativo de triatl\u00f3n est\u00e1 conformado por Minor Carrillo, Rodrigo Moreno, Mat\u00edas Hern\u00e1ndez, Noelia Mandar\u00edn, Clara Alcocer, Faride Achach, Emiliano D\u00edaz, Fausto Valdez, Karol Garc\u00eda, Daniela D\u00edaz, Rommel Mendoza, Ian Bautista y El\u00edas Bautista. Cabe se\u00f1alar que el selectivo de aguas abiertas estar\u00e1 a cargo de los entrenadores Gustavo Romero y Giovany Eu\u00e1n, en tanto que el de triatl\u00f3n estar\u00e1 al mando de Gustavo Romero y William Villanueva, quienes contin\u00faan trabajando con los seleccionados de cara a la fase estatal rumbo a la m\u00e1xima justa deportiva juvenil a nivel nacional.<\/p>\n\n\n\n<figure class=\"wp-block-gallery has-nested-images columns-default is-cropped wp-block-gallery-1 is-layout-flex wp-block-gallery-is-layout-flex\">\n<figure class=\"wp-block-image size-large\"><img loading=\"lazy\" decoding=\"async\" width=\"1024\" height=\"768\" data-id=\"123799\" src=\"http:\/\/elcuartopoder.com.mx\/nw\/wp-content\/uploads\/2023\/11\/1-1-1024x768.jpg\" alt=\"\" class=\"wp-image-123799\" srcset=\"http:\/\/elcuartopoder.com.mx\/nw\/wp-content\/uploads\/2023\/11\/1-1-1024x768.jpg 1024w, http:\/\/elcuartopoder.com.mx\/nw\/wp-content\/uploads\/2023\/11\/1-1-300x225.jpg 300w, http:\/\/elcuartopoder.com.mx\/nw\/wp-content\/uploads\/2023\/11\/1-1-768x576.jpg 768w, http:\/\/elcuartopoder.com.mx\/nw\/wp-content\/uploads\/2023\/11\/1-1-1536x1153.jpg 1536w, http:\/\/elcuartopoder.com.mx\/nw\/wp-content\/uploads\/2023\/11\/1-1-80x60.jpg 80w, http:\/\/elcuartopoder.com.mx\/nw\/wp-content\/uploads\/2023\/11\/1-1-265x198.jpg 265w, http:\/\/elcuartopoder.com.mx\/nw\/wp-content\/uploads\/2023\/11\/1-1-696x522.jpg 696w, http:\/\/elcuartopoder.com.mx\/nw\/wp-content\/uploads\/2023\/11\/1-1.jpg 1599w\" sizes=\"auto, (max-width: 1024px) 100vw, 1024px\" \/><\/figure>\n\n\n\n<figure class=\"wp-block-image size-large\"><img loading=\"lazy\" decoding=\"async\" width=\"716\" height=\"1024\" data-id=\"123794\" src=\"http:\/\/elcuartopoder.com.mx\/nw\/wp-content\/uploads\/2023\/11\/2-1-716x1024.jpg\" alt=\"\" class=\"wp-image-123794\" srcset=\"http:\/\/elcuartopoder.com.mx\/nw\/wp-content\/uploads\/2023\/11\/2-1-716x1024.jpg 716w, http:\/\/elcuartopoder.com.mx\/nw\/wp-content\/uploads\/2023\/11\/2-1-210x300.jpg 210w, http:\/\/elcuartopoder.com.mx\/nw\/wp-content\/uploads\/2023\/11\/2-1-768x1098.jpg 768w, http:\/\/elcuartopoder.com.mx\/nw\/wp-content\/uploads\/2023\/11\/2-1-696x995.jpg 696w, http:\/\/elcuartopoder.com.mx\/nw\/wp-content\/uploads\/2023\/11\/2-1.jpg 871w\" sizes=\"auto, (max-width: 716px) 100vw, 716px\" \/><\/figure>\n\n\n\n<figure class=\"wp-block-image size-large\"><img loading=\"lazy\" decoding=\"async\" width=\"682\" height=\"1024\" data-id=\"123796\" src=\"http:\/\/elcuartopoder.com.mx\/nw\/wp-content\/uploads\/2023\/11\/3-1-682x1024.jpg\" alt=\"\" class=\"wp-image-123796\" srcset=\"http:\/\/elcuartopoder.com.mx\/nw\/wp-content\/uploads\/2023\/11\/3-1-682x1024.jpg 682w, http:\/\/elcuartopoder.com.mx\/nw\/wp-content\/uploads\/2023\/11\/3-1-200x300.jpg 200w, http:\/\/elcuartopoder.com.mx\/nw\/wp-content\/uploads\/2023\/11\/3-1-768x1153.jpg 768w, http:\/\/elcuartopoder.com.mx\/nw\/wp-content\/uploads\/2023\/11\/3-1-1023x1536.jpg 1023w, http:\/\/elcuartopoder.com.mx\/nw\/wp-content\/uploads\/2023\/11\/3-1-696x1045.jpg 696w, http:\/\/elcuartopoder.com.mx\/nw\/wp-content\/uploads\/2023\/11\/3-1.jpg 1066w\" sizes=\"auto, (max-width: 682px) 100vw, 682px\" \/><\/figure>\n\n\n\n<figure class=\"wp-block-image size-large\"><img loading=\"lazy\" decoding=\"async\" width=\"1024\" height=\"873\" data-id=\"123798\" src=\"http:\/\/elcuartopoder.com.mx\/nw\/wp-content\/uploads\/2023\/11\/4-1-1024x873.jpg\" alt=\"\" class=\"wp-image-123798\" srcset=\"http:\/\/elcuartopoder.com.mx\/nw\/wp-content\/uploads\/2023\/11\/4-1-1024x873.jpg 1024w, http:\/\/elcuartopoder.com.mx\/nw\/wp-content\/uploads\/2023\/11\/4-1-300x256.jpg 300w, http:\/\/elcuartopoder.com.mx\/nw\/wp-content\/uploads\/2023\/11\/4-1-768x655.jpg 768w, http:\/\/elcuartopoder.com.mx\/nw\/wp-content\/uploads\/2023\/11\/4-1-1536x1309.jpg 1536w, http:\/\/elcuartopoder.com.mx\/nw\/wp-content\/uploads\/2023\/11\/4-1-696x593.jpg 696w, http:\/\/elcuartopoder.com.mx\/nw\/wp-content\/uploads\/2023\/11\/4-1.jpg 1600w\" sizes=\"auto, (max-width: 1024px) 100vw, 1024px\" \/><\/figure>\n\n\n\n<figure class=\"wp-block-image size-large\"><img loading=\"lazy\" decoding=\"async\" width=\"1024\" height=\"682\" data-id=\"123797\" src=\"http:\/\/elcuartopoder.com.mx\/nw\/wp-content\/uploads\/2023\/11\/5-1-1024x682.jpg\" alt=\"\" class=\"wp-image-123797\" srcset=\"http:\/\/elcuartopoder.com.mx\/nw\/wp-content\/uploads\/2023\/11\/5-1-1024x682.jpg 1024w, http:\/\/elcuartopoder.com.mx\/nw\/wp-content\/uploads\/2023\/11\/5-1-300x200.jpg 300w, http:\/\/elcuartopoder.com.mx\/nw\/wp-content\/uploads\/2023\/11\/5-1-768x512.jpg 768w, http:\/\/elcuartopoder.com.mx\/nw\/wp-content\/uploads\/2023\/11\/5-1-1536x1023.jpg 1536w, http:\/\/elcuartopoder.com.mx\/nw\/wp-content\/uploads\/2023\/11\/5-1-696x464.jpg 696w, http:\/\/elcuartopoder.com.mx\/nw\/wp-content\/uploads\/2023\/11\/5-1.jpg 1600w\" sizes=\"auto, (max-width: 1024px) 100vw, 1024px\" \/><\/figure>\n\n\n\n<figure class=\"wp-block-image size-large\"><img loading=\"lazy\" decoding=\"async\" width=\"960\" height=\"640\" data-id=\"123795\" src=\"http:\/\/elcuartopoder.com.mx\/nw\/wp-content\/uploads\/2023\/11\/6-1.jpg\" alt=\"\" class=\"wp-image-123795\" srcset=\"http:\/\/elcuartopoder.com.mx\/nw\/wp-content\/uploads\/2023\/11\/6-1.jpg 960w, http:\/\/elcuartopoder.com.mx\/nw\/wp-content\/uploads\/2023\/11\/6-1-300x200.jpg 300w, http:\/\/elcuartopoder.com.mx\/nw\/wp-content\/uploads\/2023\/11\/6-1-768x512.jpg 768w, http:\/\/elcuartopoder.com.mx\/nw\/wp-content\/uploads\/2023\/11\/6-1-696x464.jpg 696w\" sizes=\"auto, (max-width: 960px) 100vw, 960px\" \/><\/figure>\n<\/figure>\n","protected":false},"excerpt":{"rendered":"<p>Tras la realizaci\u00f3n de las eliminatorias municipales, quedaron definidos los selectivos de Cozumel de las disciplinas de nataci\u00f3n en aguas abiertas y triatl\u00f3n, que estar\u00e1n participando en la fase estatal rumbo a los Juegos Nacionales CONADE 2024. En cumplimiento a la encomienda de la presidenta municipal Juanita Alonso Marrufo, de impulsar el desarrollo de los [&hellip;]<\/p>\n","protected":false},"author":2,"featured_media":123799,"comment_status":"open","ping_status":"open","sticky":false,"template":"","format":"standard","meta":{"footnotes":""},"categories":[6],"tags":[],"class_list":["post-123793","post","type-post","status-publish","format-standard","has-post-thumbnail","hentry","category-municipales"],"_links":{"self":[{"href":"http:\/\/elcuartopoder.com.mx\/nw\/wp-json\/wp\/v2\/posts\/123793","targetHints":{"allow":["GET"]}}],"collection":[{"href":"http:\/\/elcuartopoder.com.mx\/nw\/wp-json\/wp\/v2\/posts"}],"about":[{"href":"http:\/\/elcuartopoder.com.mx\/nw\/wp-json\/wp\/v2\/types\/post"}],"author":[{"embeddable":true,"href":"http:\/\/elcuartopoder.com.mx\/nw\/wp-json\/wp\/v2\/users\/2"}],"replies":[{"embeddable":true,"href":"http:\/\/elcuartopoder.com.mx\/nw\/wp-json\/wp\/v2\/comments?post=123793"}],"version-history":[{"count":1,"href":"http:\/\/elcuartopoder.com.mx\/nw\/wp-json\/wp\/v2\/posts\/123793\/revisions"}],"predecessor-version":[{"id":123800,"href":"http:\/\/elcuartopoder.com.mx\/nw\/wp-json\/wp\/v2\/posts\/123793\/revisions\/123800"}],"wp:featuredmedia":[{"embeddable":true,"href":"http:\/\/elcuartopoder.com.mx\/nw\/wp-json\/wp\/v2\/media\/123799"}],"wp:attachment":[{"href":"http:\/\/elcuartopoder.com.mx\/nw\/wp-json\/wp\/v2\/media?parent=123793"}],"wp:term":[{"taxonomy":"category","embeddable":true,"href":"http:\/\/elcuartopoder.com.mx\/nw\/wp-json\/wp\/v2\/categories?post=123793"},{"taxonomy":"post_tag","embeddable":true,"href":"http:\/\/elcuartopoder.com.mx\/nw\/wp-json\/wp\/v2\/tags?post=123793"}],"curies":[{"name":"wp","href":"https:\/\/api.w.org\/{rel}","templated":true}]}}