{"id":123805,"date":"2023-11-15T17:57:03","date_gmt":"2023-11-15T22:57:03","guid":{"rendered":"http:\/\/elcuartopoder.com.mx\/nw\/?p=123805"},"modified":"2023-11-15T17:57:06","modified_gmt":"2023-11-15T22:57:06","slug":"unicef-alerta-que-uno-de-cada-3-ninos-esta-expuesto-a-una-grave-escasez-de-agua","status":"publish","type":"post","link":"http:\/\/elcuartopoder.com.mx\/nw\/destacadas\/unicef-alerta-que-uno-de-cada-3-ninos-esta-expuesto-a-una-grave-escasez-de-agua\/","title":{"rendered":"Unicef alerta que uno de cada 3 ni\u00f1os est\u00e1 expuesto a una grave escasez de agua"},"content":{"rendered":"\n<p>739 millones de ni\u00f1os en todo el planeta pasan sed y \u00abel cambio clim\u00e1tico amenaza con empeorar la situaci\u00f3n\u00bb. Esta es la alerta de Unicef en un informe hecho p\u00fablico este lunes que alerta de la vulnerabilidad del agua en diferentes regiones del planeta.<\/p>\n\n\n\n<p>Seg\u00fan su investigaci\u00f3n, uno de cada tres ni\u00f1os vive en zonas expuestas a una escasez de agua y de unos servicios inadecuados de saneamiento que pone a los menores en una situaci\u00f3n de grave riesgo para su salud. Los hallazgos de este informe revelan que la mayor proporci\u00f3n de los j\u00f3venes habitan en Oriente Medio, en el norte de \u00c1frica y en el sur de Asia. \u00abMuchos de ellos enfrentan una doble carga de escasez de agua con un nivel muy bajo de salubridad\u00bb, destaca el informe Climate Changed Child. \u00abEs una de las principales causas de muerte entre ni\u00f1os menores de 5 a\u00f1os por enfermedades prevenibles\u00bb, advierten.<\/p>\n\n\n\n<p>El informe tambi\u00e9n describe la mir\u00edada de otras formas en que los ni\u00f1os soportan la peor parte de los impactos de la crisis clim\u00e1tica, incluidas las enfermedades, la contaminaci\u00f3n del aire y los fen\u00f3menos meteorol\u00f3gicos extremos como inundaciones y sequ\u00edas. Desde el momento de la concepci\u00f3n hasta la edad adulta, la salud y el desarrollo del cerebro, los pulmones, el sistema inmunol\u00f3gico y otras funciones cr\u00edticas de los ni\u00f1os se ven afectados por el entorno en el que crecen. Por ejemplo, los ni\u00f1os tienen m\u00e1s probabilidades de sufrir la contaminaci\u00f3n del aire que los ni\u00f1os. adultos. Generalmente respiran m\u00e1s r\u00e1pido que los adultos y su cerebro, pulmones y otros \u00f3rganos a\u00fan est\u00e1n en desarrollo.<\/p>\n\n\n\n<p>\u00abLas consecuencias del cambio clim\u00e1tico son devastadoras para los ni\u00f1os\u00bb, afirma Catherine Russell, directora ejecutiva de Unicef. \u00abSus cuerpos y mentes son particularmente vulnerables al aire contaminado, la mala nutrici\u00f3n y el calor extremo\u00bb.<\/p>\n\n\n\n<p>A pesar de su vulnerabilidad, los ni\u00f1os han sido ignorados o en gran medida ignorados en los debates sobre el cambio clim\u00e1tico. Por ejemplo, solo el 2,4% del financiamiento clim\u00e1tico proveniente de fondos clim\u00e1ticos multilaterales clave apoya proyectos que incorporan actividades que tienen en cuenta a los ni\u00f1os.<\/p>\n\n\n\n<p>En estas circunstancias, la inversi\u00f3n en agua potable y servicios de saneamiento es una primera l\u00ednea de defensa esencial para proteger a los ni\u00f1os de los impactos del cambio clim\u00e1tico. El cambio clim\u00e1tico tambi\u00e9n est\u00e1 provocando un aumento del estr\u00e9s h\u00eddrico (la relaci\u00f3n entre la demanda de agua y los suministros renovables disponibles), advierte el informe. Para 2050, se prev\u00e9 que 35 millones m\u00e1s de ni\u00f1os estar\u00e1n expuestos a niveles altos o muy altos de estr\u00e9s h\u00eddrico, siendo Oriente Medio, el norte de \u00c1frica y el sur de Asia los que actualmente enfrentan los mayores cambios.<\/p>\n\n\n\n<p>\u00abLos ni\u00f1os y j\u00f3venes han hecho consistentemente llamados urgentes para que se escuchen sus voces sobre la crisis clim\u00e1tica, pero casi no tienen un papel formal en la pol\u00edtica y la toma de decisiones clim\u00e1ticas. Rara vez se consideran en los planes y acciones existentes de adaptaci\u00f3n, mitigaci\u00f3n o financiamiento del clima\u00bb, denuncia Russell.<\/p>\n\n\n\n<p>Fuente: ABC<\/p>\n","protected":false},"excerpt":{"rendered":"<p>739 millones de ni\u00f1os en todo el planeta pasan sed y \u00abel cambio clim\u00e1tico amenaza con empeorar la situaci\u00f3n\u00bb. Esta es la alerta de Unicef en un informe hecho p\u00fablico este lunes que alerta de la vulnerabilidad del agua en diferentes regiones del planeta. Seg\u00fan su investigaci\u00f3n, uno de cada tres ni\u00f1os vive en zonas [&hellip;]<\/p>\n","protected":false},"author":2,"featured_media":123806,"comment_status":"open","ping_status":"open","sticky":false,"template":"","format":"standard","meta":{"footnotes":""},"categories":[59],"tags":[],"class_list":["post-123805","post","type-post","status-publish","format-standard","has-post-thumbnail","hentry","category-destacadas"],"_links":{"self":[{"href":"http:\/\/elcuartopoder.com.mx\/nw\/wp-json\/wp\/v2\/posts\/123805","targetHints":{"allow":["GET"]}}],"collection":[{"href":"http:\/\/elcuartopoder.com.mx\/nw\/wp-json\/wp\/v2\/posts"}],"about":[{"href":"http:\/\/elcuartopoder.com.mx\/nw\/wp-json\/wp\/v2\/types\/post"}],"author":[{"embeddable":true,"href":"http:\/\/elcuartopoder.com.mx\/nw\/wp-json\/wp\/v2\/users\/2"}],"replies":[{"embeddable":true,"href":"http:\/\/elcuartopoder.com.mx\/nw\/wp-json\/wp\/v2\/comments?post=123805"}],"version-history":[{"count":1,"href":"http:\/\/elcuartopoder.com.mx\/nw\/wp-json\/wp\/v2\/posts\/123805\/revisions"}],"predecessor-version":[{"id":123807,"href":"http:\/\/elcuartopoder.com.mx\/nw\/wp-json\/wp\/v2\/posts\/123805\/revisions\/123807"}],"wp:featuredmedia":[{"embeddable":true,"href":"http:\/\/elcuartopoder.com.mx\/nw\/wp-json\/wp\/v2\/media\/123806"}],"wp:attachment":[{"href":"http:\/\/elcuartopoder.com.mx\/nw\/wp-json\/wp\/v2\/media?parent=123805"}],"wp:term":[{"taxonomy":"category","embeddable":true,"href":"http:\/\/elcuartopoder.com.mx\/nw\/wp-json\/wp\/v2\/categories?post=123805"},{"taxonomy":"post_tag","embeddable":true,"href":"http:\/\/elcuartopoder.com.mx\/nw\/wp-json\/wp\/v2\/tags?post=123805"}],"curies":[{"name":"wp","href":"https:\/\/api.w.org\/{rel}","templated":true}]}}