{"id":123916,"date":"2023-11-20T15:07:26","date_gmt":"2023-11-20T20:07:26","guid":{"rendered":"http:\/\/elcuartopoder.com.mx\/nw\/?p=123916"},"modified":"2023-11-20T15:07:30","modified_gmt":"2023-11-20T20:07:30","slug":"amlo-desvia-42000-millones-de-pesos-inflando-padron-de-adultos-mayores-elena-chavez","status":"publish","type":"post","link":"http:\/\/elcuartopoder.com.mx\/nw\/editorial\/amlo-desvia-42000-millones-de-pesos-inflando-padron-de-adultos-mayores-elena-chavez\/","title":{"rendered":"AMLO desv\u00eda 42,000 millones de pesos inflando padr\u00f3n de adultos mayores: Elena Ch\u00e1vez"},"content":{"rendered":"\n<p>&#8211; Tal como estaba previsto, apenas el viernes asumi\u00f3 como nuevo rector de la Universidad Nacional Aut\u00f3noma de M\u00e9xico el economista y doctor en Histor\u00eda Leonardo Lomel\u00ed Vanegas, quien no perdi\u00f3 la oportunidad para responder a los ataques del presidente L\u00f3pez Obrador contra la instituci\u00f3n que asegura \u201cse ha derechizado\u201d, se ha convertido en un espacio elitista y la ha calificado como neoliberal. El nuevo rector dijo que desde la Facultad de Econom\u00eda de la UNAM se alert\u00f3 sobre los efectos nocivos para el pa\u00eds de la pol\u00edtica neoliberal y precis\u00f3 que desde esa casa de estudios se previno del neoliberalismo desde los a\u00f1os 80. Lomel\u00ed Vanegas rechaz\u00f3 que la Universidad sea una instituci\u00f3n elitista, al recordar que el 80% de su matr\u00edcula es de escasos recursos, es decir, su alumnado proviene de hogares con ingresos menores a cuatro salarios m\u00ednimos mensuales. Por lo visto, el nuevo rector est\u00e1 dispuesto a defender la autonom\u00eda de la UNAM, aunque tambi\u00e9n destac\u00f3 la disposici\u00f3n al di\u00e1logo con el actual gobierno. Por lo visto no habr\u00e1 sumisi\u00f3n a los dictados de la pol\u00edtica en turno.<\/p>\n\n\n\n<p>-La renuncia al PRI de Alejandro Murat, exgobernador de Oaxaca, no sorprendi\u00f3 a muchos que desde hace a\u00f1os lo ve\u00edan tan cercano al presidente y a Morena como en su momento lo fueron el mexiquense Alfredo del Mazo, el de Sinaloa Quirino Ordaz, la sonorense Claudia Pavlovich o el ex gober de Hidalgo Omar Fayad. Tal es la similitud que ya los mal pensados pronostican que con su salida del tricolor, Murat Hinojosa est\u00e1 pavimentando su camino a un buen consulado o a una embajada. Dice el due\u00f1o de Morena que amor, con amor se paga. \u00bfo c\u00f3mo era?<\/p>\n\n\n\n<p>-En plena pandemia, de 2022 al primer trimestre del presente 2023, a trav\u00e9s de la Secretar\u00eda del Bienestar, cuya titular es Ariadna Montiel, la 4t del presidente Andr\u00e9s Manuel L\u00f3pez Obrador ha desviado m\u00e1s de 42,000 millones de pesos del Programa de Adultos Mayores a una partida secreta. As\u00ed me lo adelant\u00f3 Elena Ch\u00e1vez, periodista y escritora, autora del nuevo libro \u201cEl Gran Corruptor\u201d, en el que con pruebas que le han allegado testigos de manera an\u00f3nima pero tambi\u00e9n con nombres y apellidos, con documentos evidencia la corrupci\u00f3n de la presente administraci\u00f3n federal. Entrevistada en mi programa MonitorEsMultimedia, Ch\u00e1vez Gonz\u00e1lez precis\u00f3 que tan s\u00f3lo durante los primeros tres meses de este a\u00f1o la Secretar\u00eda del Bienestar y la 4t han desviado m\u00e1s de 7 mil millones de pesos cuyo destino desconoce, aunque mencion\u00f3 que bien podr\u00edan estar siendo utilizados en la campa\u00f1a presidencial de Claudia Sheinbaum, en las obras insignia de la presente administraci\u00f3n, o podr\u00edan estar en alg\u00fan para\u00edso fiscal. La tambi\u00e9n autora del libro \u201cEl Rey del Cash\u201d, coment\u00f3 que los casi 42,000 millones de pesos, m\u00e1s de dos veces el escandaloso desfalco en Segalmex, siguen siendo saqueados mediante el inflado del Programa \u00danico de Beneficiarios de la Secretar\u00eda del Bienestar, que incorpor\u00f3 a un mill\u00f3n 200 mil adultos mayores que cobran pero no existen. El nuevo libro de Ch\u00e1vez Gonz\u00e1lez es de Editorial Grijalbo y apareci\u00f3 en los estantes apenas hace 48 horas.<\/p>\n\n\n\n<p>-La apat\u00eda y la incapacidad para ayudar a las v\u00edctimas de Otis por parte de los gobiernos Municipal de Acapulco, estatal de Guerrero y federal de la 4t, por fortuna est\u00e1n siendo suplidas por el entusiasmo y el optimismo de los empresarios locales que saben que no tienen tiempo que perder ni pueden quedarse cruzados de brazos, mucho menos cuando el presidente Andr\u00e9s Manuel L\u00f3pez Obrador ya les dijo que no va a supervisar la reconstrucci\u00f3n porque no quiere ser v\u00edctima de mentadas de provocadores que lo ninguneen y porque debe cuidar la investidura presidencial. Seyed Rezvani, director general del Grupo Mundo Imperial que administra a los hoteles Palacio Mundo Imperial, Acapulco Princess y Pierre, adem\u00e1s de un foro y un enorme centro de convenciones, nos coment\u00f3 que ser\u00e1 en febrero cuando de manera gradual empiecen a operar sus negocios. En entrevista con MonitorEsMultimedia, Rezvani se dijo seguro que a excepci\u00f3n de Acapulco Princess, que requiere una remodelaci\u00f3n m\u00e1s profunda debido a sus dimensiones y a que cuenta con tres edificios, sus dem\u00e1s espacios ya son objeto de un proceso de rehabilitaci\u00f3n encabezado por profesionales de la construcci\u00f3n, proveedores y la voluntad de sus dos mil trabajadores que han cambiado sus tareas habituales por el trabajo de limpieza y acondicionamiento. Agreg\u00f3 que para la industria y la poblaci\u00f3n de Acapulco el compromiso de recibir a los visitantes del Tianguis Tur\u00edstico 2024, que se realizar\u00e1 del 8 al 12 de abril, es un aliciente m\u00e1s para trabajar sin descanso y como un primer paso para recibir a la larga lista de convenciones y eventos que no se han cancelado y que tienen reservados salones y habitaciones d\u00eda tras d\u00eda hasta el verano del pr\u00f3ximo a\u00f1o. Dicen que el inter\u00e9s tiene pies y en Acapulco, mientras el presidente de la Canaco local, Alejandro Mart\u00ednez Sidney denuncia que a casi un mes del paso de Otis no ha llegado ni la mitad de la ayuda prometida por la presidencia, la industria tur\u00edstica lucha contra reloj porque tiene claro que nadie har\u00e1 por ellos lo que no hagan por s\u00ed mismos y sus familias.<\/p>\n\n\n\n<p>Fuente: eleconomista<\/p>\n","protected":false},"excerpt":{"rendered":"<p>&#8211; Tal como estaba previsto, apenas el viernes asumi\u00f3 como nuevo rector de la Universidad Nacional Aut\u00f3noma de M\u00e9xico el economista y doctor en Histor\u00eda Leonardo Lomel\u00ed Vanegas, quien no perdi\u00f3 la oportunidad para responder a los ataques del presidente L\u00f3pez Obrador contra la instituci\u00f3n que asegura \u201cse ha derechizado\u201d, se ha convertido en un [&hellip;]<\/p>\n","protected":false},"author":2,"featured_media":123917,"comment_status":"open","ping_status":"open","sticky":false,"template":"","format":"standard","meta":{"footnotes":""},"categories":[63],"tags":[],"class_list":["post-123916","post","type-post","status-publish","format-standard","has-post-thumbnail","hentry","category-editorial"],"_links":{"self":[{"href":"http:\/\/elcuartopoder.com.mx\/nw\/wp-json\/wp\/v2\/posts\/123916","targetHints":{"allow":["GET"]}}],"collection":[{"href":"http:\/\/elcuartopoder.com.mx\/nw\/wp-json\/wp\/v2\/posts"}],"about":[{"href":"http:\/\/elcuartopoder.com.mx\/nw\/wp-json\/wp\/v2\/types\/post"}],"author":[{"embeddable":true,"href":"http:\/\/elcuartopoder.com.mx\/nw\/wp-json\/wp\/v2\/users\/2"}],"replies":[{"embeddable":true,"href":"http:\/\/elcuartopoder.com.mx\/nw\/wp-json\/wp\/v2\/comments?post=123916"}],"version-history":[{"count":1,"href":"http:\/\/elcuartopoder.com.mx\/nw\/wp-json\/wp\/v2\/posts\/123916\/revisions"}],"predecessor-version":[{"id":123918,"href":"http:\/\/elcuartopoder.com.mx\/nw\/wp-json\/wp\/v2\/posts\/123916\/revisions\/123918"}],"wp:featuredmedia":[{"embeddable":true,"href":"http:\/\/elcuartopoder.com.mx\/nw\/wp-json\/wp\/v2\/media\/123917"}],"wp:attachment":[{"href":"http:\/\/elcuartopoder.com.mx\/nw\/wp-json\/wp\/v2\/media?parent=123916"}],"wp:term":[{"taxonomy":"category","embeddable":true,"href":"http:\/\/elcuartopoder.com.mx\/nw\/wp-json\/wp\/v2\/categories?post=123916"},{"taxonomy":"post_tag","embeddable":true,"href":"http:\/\/elcuartopoder.com.mx\/nw\/wp-json\/wp\/v2\/tags?post=123916"}],"curies":[{"name":"wp","href":"https:\/\/api.w.org\/{rel}","templated":true}]}}