{"id":123919,"date":"2023-11-20T15:11:47","date_gmt":"2023-11-20T20:11:47","guid":{"rendered":"http:\/\/elcuartopoder.com.mx\/nw\/?p=123919"},"modified":"2023-11-20T15:11:51","modified_gmt":"2023-11-20T20:11:51","slug":"en-acapulco-fallo-comunicar-el-riesgo-que-representaba-otis-expertos","status":"publish","type":"post","link":"http:\/\/elcuartopoder.com.mx\/nw\/nacionales\/en-acapulco-fallo-comunicar-el-riesgo-que-representaba-otis-expertos\/","title":{"rendered":"En Acapulco fall\u00f3 comunicar el riesgo que representaba Otis: expertos"},"content":{"rendered":"\n<p>En el episodio que representa el azote del&nbsp;<strong>hurac\u00e1n Otis&nbsp;<\/strong>\u2014que convirti\u00f3 en&nbsp;<strong>zona de desastre Acapulco<\/strong>&nbsp;y&nbsp;<strong>Coyuca de Ben\u00edtez<\/strong>, Guerrero\u2014, los organismos t\u00e9cnicos comunicaron bien la evoluci\u00f3n del cicl\u00f3n; sin embargo, las autoridades fallaron al comunicar el riesgo y la gente no hizo todo lo que pudo haber hecho para ponerse a salvo, as\u00ed como a sus bienes. Comunicaron por redes sociales, pero pocos hicieron caso.<\/p>\n\n\n\n<p>Raymundo Padilla Lozoya, acad\u00e9mico de la Universidad de Colima, expuso que, desde el punto de vista t\u00e9cnico meteorol\u00f3gico, se comunic\u00f3 bastante bien\u00a0<strong>la amenaza que representaba Otis<\/strong>, es decir explicando las caracter\u00edsticas evolutivas del fen\u00f3meno; pero, no se comunic\u00f3 de manera efectiva el riesgo. Eso fue lo que fall\u00f3.<\/p>\n\n\n\n<p>En opini\u00f3n del experto, desde que se identific\u00f3 que era categor\u00eda uno o dos, se debieron tomar medidas especiales, porque sabemos que un hurac\u00e1n no necesita ser categor\u00eda cinco, para generar da\u00f1os importantes.<\/p>\n\n\n\n<p>Explic\u00f3 que comunicar el riesgo implica poner en marcha una estrategia planificada \u2014con antelaci\u00f3n por supuesto\u2014, que permita viralizar la informaci\u00f3n para advertir a la poblaci\u00f3n las caracter\u00edsticas del fen\u00f3meno, as\u00ed como las acciones que se deben hacer inmediatamente, como irse a refugios. \u201cNo se comunic\u00f3 de manera efectiva el riesgo que representaba el fen\u00f3meno\u201d, insisti\u00f3.<\/p>\n\n\n\n<p>Por su parte, Anaxelli Ruiz Rivera, acad\u00e9mica del Instituto de Geograf\u00eda de la UNAM, recalc\u00f3 que comunicar la amenaza no es lo mismo que comunicar el riesgo.<\/p>\n\n\n\n<p>Quien comunica el riesgo tiene que usar otras formas de llegar a las personas posibles afectadas para que realicen conductas de autoprotecci\u00f3n.<\/p>\n\n\n\n<p>Raymundo Padilla Lozoya destac\u00f3 que hay una cronolog\u00eda muy precisa de qu\u00e9 se inform\u00f3 y en qu\u00e9 momento, al menos por parte de la Coordinaci\u00f3n Nacional de Protecci\u00f3n Civil, quien desde las 15:00 horas del 24 de octubre dio a conocer que se trataba ya de un hurac\u00e1n categor\u00eda dos; a las 16:00 horas inform\u00f3 que hab\u00eda evolucionado a categor\u00eda tres; a las 18:00 horas que hab\u00eda escalado a categor\u00eda cuatro y a las 21:00 horas, que era categor\u00eda cinco, relat\u00f3.<\/p>\n\n\n\n<p>El investigador llam\u00f3 la atenci\u00f3n en que la p\u00e1gina en Facebook de ese organismo cuenta con 238,000 seguidores. A las 16:00 horas, cuando inform\u00f3 que Otis era ya categor\u00eda tres, solo reaccionaron con un \u201cme gusta\u201d, \u201cme encanta\u201d o \u201cme enoja\u201d \u00fanicamente 53 seguidores y, a las 21:00 horas, cuando se avis\u00f3 que era categor\u00eda cinco, s\u00f3lo 285 reaccionaron con \u201cme gusta\u201d, \u201cme encanta\u201d o \u201cme enoja\u201d y 27 comentarios, la mayor\u00eda diciendo \u201c(\u2026) que Dios los bendiga\u201d o \u201cesperemos que no ocurra una tragedia\u201d.<\/p>\n\n\n\n<p>En tanto, la presidenta municipal de Acapulco, Avelina L\u00f3pez Rodr\u00edguez, quien tiene 94,000 seguidores en Facebook y gobierna una ciudad de 846,000 habitantes, coloc\u00f3 en su cuenta 22 mensajes, entre las 20:49 horas del 22 de octubre y las 22:16 horas del 24 de octubre, es decir alrededor de dos horas antes de que entrara el hurac\u00e1n y destrozara todo a su paso en Acapulco.<\/p>\n\n\n\n<p>Llama la atenci\u00f3n uno que coloc\u00f3 a las 18:35 horas del 24 de octubre, alrededor de seis horas antes de que tocara tierra el cicl\u00f3n.<\/p>\n\n\n\n<p>Se trata de un video que grab\u00f3 en el cruce de los canales Del Perro y Del Muerto, en la colonia Libertadores, donde dijo que fue a comunicar a los vecinos que en esos momentos el cicl\u00f3n era ya un hurac\u00e1n categor\u00eda tres y con altas probabilidades de que por la noche se convirtiera en cuatro y que iba rumbo a Acapulco, con vientos de m\u00e1s de 200 kil\u00f3metros por hora. \u201cEstamos en alarma roja\u201d, \u201cvine a decirles que se tienen que salir de aqu\u00ed\u201d, mencion\u00f3.<\/p>\n\n\n\n<p>A unos metros de ella unos j\u00f3venes re\u00edan entorno a una sombrilla de un vendedor ambulante, junto al canal.<\/p>\n\n\n\n<p>El \u00faltimo mensaje que emiti\u00f3 por esa v\u00eda la alcaldesa fue a las 22:16 horas del 24 de octubre, en el que informa de la habilitaci\u00f3n de cinco refugios y cuatro macroalbergues y puso un mapa de ubicaci\u00f3n.<\/p>\n\n\n\n<p>Ese mensaje tuvo como reacci\u00f3n 70 comentarios, se comparti\u00f3 197 veces y tuvo 158 \u201cme gusta\u201d, \u201cme encanta\u201d o \u201cme enoja\u201d.<\/p>\n\n\n\n<p>Las cifras no se comparan con las que llegan a tener personas famosas en redes sociales. Por ejemplo ese mismo d\u00eda, pero a las 20:29 horas, el youtuber, Javier mejor conocido como El Zorrito Youtubero, subi\u00f3 un post en su cuenta de X que dec\u00eda \u201cReggaet\u00f3n champagne pan pan pan pan pan\u201d, que tuvo 294,000 visualizaciones, 95 republicaciones y 2,562 me gusta. Muy lejos de las marcas de la alcaldesa.<\/p>\n\n\n\n<h2 class=\"wp-block-heading\">Hab\u00eda protocolos y planes de acci\u00f3n, pero no se activaron como se debe<\/h2>\n\n\n\n<p>Por su parte Mar\u00eda de Lourdes Romo Aguilar, investigadora de El Colegio de la Frontera Norte, expuso que Acapulco cuenta con un&nbsp;<strong>Atlas de Riesgo actualizado a 2021<\/strong>&nbsp;y cuenta con un Programa de Desarrollo Urbano actualizado.<\/p>\n\n\n\n<p>Dijo que seg\u00fan el Atlas \u201cest\u00e1n perfectos\u201d, pues consigna que cuenta con una unidad de protecci\u00f3n civil, un plan de emergencia, un consejo municipal en la materia, que colabora con otros actores, para atender cuestiones de emergencia; que existe un programa para la prevenci\u00f3n y mitigaci\u00f3n del riesgo y que hay mecanismos de alerta temprana, etc\u00e9tera, etc\u00e9tera.<\/p>\n\n\n\n<p>Asimismo, refiere, Acapulco cuenta con un mapa de vulnerabilidad; sin embargo, lo que ah\u00ed expone es, por mucho, menor a la que existe y que se vio con la devastaci\u00f3n que ocasion\u00f3 Otis.<\/p>\n\n\n\n<p>Dijo que, en el episodio que represent\u00f3 el desastre ocasionado por ese<strong>&nbsp;hurac\u00e1n en Acapulco<\/strong>, lo que ocurri\u00f3 es que, adem\u00e1s de que no se comunic\u00f3 la vulnerabilidad de los habitantes de esa ciudad ante los huracanes, no hubo trabajo previo ni protocolos de actuaci\u00f3n para autoridades que toman decisiones al respecto y menos para la poblaci\u00f3n en general, para mitigar los efectos del impacto del cicl\u00f3n.<\/p>\n\n\n\n<p>\u201cTodo parece indicar que no supieron qu\u00e9 hacer el momento del evento y despu\u00e9s del evento\u201d, dijo.<\/p>\n\n\n\n<p>Por otra parte, consider\u00f3 que los documentos en materia de protecci\u00f3n civil no se comunican entre s\u00ed. \u201cEl&nbsp;<strong>Atlas de Riesgo<\/strong>&nbsp;va por su camino, identificando las&nbsp;<strong>zonas de riesgo<\/strong>&nbsp;y de&nbsp;<strong>vulnerabilidad<\/strong>, pero eso no se contempla en los planes de desarrollo. Se reconoce que hay zonas de riesgo y de vulnerabilidad, pero no hay comunicaci\u00f3n entre los instrumentos\u201d.<\/p>\n\n\n\n<p>Indic\u00f3 que todo eso hace suponer que tampoco hay comunicaci\u00f3n entre los funcionarios que toman las decisiones para prevenir y reaccionar ante este tipo de fen\u00f3menos. Eso explica, al menos en parte, la dimensi\u00f3n de la tragedia.<\/p>\n\n\n\n<p>Fuente: eleconomista<\/p>\n","protected":false},"excerpt":{"rendered":"<p>En el episodio que representa el azote del&nbsp;hurac\u00e1n Otis&nbsp;\u2014que convirti\u00f3 en&nbsp;zona de desastre Acapulco&nbsp;y&nbsp;Coyuca de Ben\u00edtez, Guerrero\u2014, los organismos t\u00e9cnicos comunicaron bien la evoluci\u00f3n del cicl\u00f3n; sin embargo, las autoridades fallaron al comunicar el riesgo y la gente no hizo todo lo que pudo haber hecho para ponerse a salvo, as\u00ed como a sus bienes. [&hellip;]<\/p>\n","protected":false},"author":2,"featured_media":123920,"comment_status":"open","ping_status":"open","sticky":false,"template":"","format":"standard","meta":{"footnotes":""},"categories":[55],"tags":[],"class_list":["post-123919","post","type-post","status-publish","format-standard","has-post-thumbnail","hentry","category-nacionales"],"_links":{"self":[{"href":"http:\/\/elcuartopoder.com.mx\/nw\/wp-json\/wp\/v2\/posts\/123919","targetHints":{"allow":["GET"]}}],"collection":[{"href":"http:\/\/elcuartopoder.com.mx\/nw\/wp-json\/wp\/v2\/posts"}],"about":[{"href":"http:\/\/elcuartopoder.com.mx\/nw\/wp-json\/wp\/v2\/types\/post"}],"author":[{"embeddable":true,"href":"http:\/\/elcuartopoder.com.mx\/nw\/wp-json\/wp\/v2\/users\/2"}],"replies":[{"embeddable":true,"href":"http:\/\/elcuartopoder.com.mx\/nw\/wp-json\/wp\/v2\/comments?post=123919"}],"version-history":[{"count":1,"href":"http:\/\/elcuartopoder.com.mx\/nw\/wp-json\/wp\/v2\/posts\/123919\/revisions"}],"predecessor-version":[{"id":123921,"href":"http:\/\/elcuartopoder.com.mx\/nw\/wp-json\/wp\/v2\/posts\/123919\/revisions\/123921"}],"wp:featuredmedia":[{"embeddable":true,"href":"http:\/\/elcuartopoder.com.mx\/nw\/wp-json\/wp\/v2\/media\/123920"}],"wp:attachment":[{"href":"http:\/\/elcuartopoder.com.mx\/nw\/wp-json\/wp\/v2\/media?parent=123919"}],"wp:term":[{"taxonomy":"category","embeddable":true,"href":"http:\/\/elcuartopoder.com.mx\/nw\/wp-json\/wp\/v2\/categories?post=123919"},{"taxonomy":"post_tag","embeddable":true,"href":"http:\/\/elcuartopoder.com.mx\/nw\/wp-json\/wp\/v2\/tags?post=123919"}],"curies":[{"name":"wp","href":"https:\/\/api.w.org\/{rel}","templated":true}]}}