{"id":123957,"date":"2023-11-22T16:43:22","date_gmt":"2023-11-22T21:43:22","guid":{"rendered":"http:\/\/elcuartopoder.com.mx\/nw\/?p=123957"},"modified":"2023-11-22T16:43:26","modified_gmt":"2023-11-22T21:43:26","slug":"diputados-votaran-reforma-de-la-jornada-laboral-antes-del-15-de-diciembre","status":"publish","type":"post","link":"http:\/\/elcuartopoder.com.mx\/nw\/nacionales\/diputados-votaran-reforma-de-la-jornada-laboral-antes-del-15-de-diciembre\/","title":{"rendered":"Diputados votar\u00e1n reforma de la jornada laboral antes del 15 de diciembre"},"content":{"rendered":"\n<p>La&nbsp;<strong>reforma para reducir la jornada laboral<\/strong>&nbsp;ser\u00e1 discutida por la C\u00e1mara de Diputados antes de que concluya el actual periodo ordinario de sesiones el&nbsp;<strong>15 de diciembre<\/strong>, sin embargo, todav\u00eda no hay un consenso general en torno a la redacci\u00f3n final del texto, ya que todav\u00eda hay diferencias entre los grupos parlamentarias.<\/p>\n\n\n\n<p>\u201cNosotros aqu\u00ed, C\u00e1mara de origen, C\u00e1mara de Diputadas y Diputados vamos a hacer todo nuestro esfuerzo para que pueda salir en este periodo, sin que esto \u2013y eso es una aclaraci\u00f3n que para nosotros es important\u00edsima\u2013 signifique que nosotros vamos a descuidar su contenido\u201d, expres\u00f3 el panista Jorge Romero, presidente de\u00a0<strong>la Junta de Coordinado Pol\u00edtica<\/strong>\u00a0(Jucopo) en san L\u00e1zaro.<\/p>\n\n\n\n<p>Sin embargo, el legislador aclar\u00f3 que es casi imposible que la reforma al&nbsp;<a href=\"https:\/\/www.eleconomista.com.mx\/capitalhumano\/Reduccion-de-la-jornada-laboral-Cuatro-peticiones-de-las-empresas-extranjeras-en-Mexico-20231109-0111.html\">art\u00edculo 123 de la Constituci\u00f3n<\/a>&nbsp;se materialice este a\u00f1o, ya que para que pueda concretarse, la modificaci\u00f3n todav\u00eda debe ser avalada por el Senado de la Rep\u00fablica y por la mitad de los congresos estatales.<\/p>\n\n\n\n<p>El proyecto impulsado inicialmente por la diputada Susana Prieto (Morena) establece que por cada cinco d\u00edas de trabajo se tendr\u00e1n dos d\u00edas de descanso, esto autom\u00e1ticamente reduce de&nbsp;<a href=\"https:\/\/www.eleconomista.com.mx\/capitalhumano\/Ya-pasaron-muchos-anos-es-tiempo-de-votar-la-reforma-de-la-jornada-laboral-20231114-0097.html\">48 a 40 horas la jornada semanal<\/a>. El diputado Jorge \u00c1lvarez M\u00e1ynez (Movimiento Ciudadano) present\u00f3 posteriormente una iniciativa en el mismo sentido.<\/p>\n\n\n\n<p>En abril pasado, antes de que concluyera el periodo ordinario de sesiones anterior, la Comisi\u00f3n de Puntos Constitucionales de la C\u00e1mara Baja aprob\u00f3 el dictamen de estas propuestas y el siguiente paso era llevarlo al pleno cameral. Pero ante la resistencia del sector empresarial y de la bancada del PAN, la Jucopo decidi\u00f3 convocar a un&nbsp;<strong>Parlamento Abierto<\/strong>&nbsp;para escuchar a todas las voces antes de tomar una decisi\u00f3n.<\/p>\n\n\n\n<p>La principal demanda de las c\u00e1maras empresariales es que la reforma se implemente&nbsp;<strong>de manera gradual<\/strong>&nbsp;tal como ha ocurrido en otros pa\u00edses que han realizado cambios similares. De esta manera, La intenci\u00f3n del PAN y de legisladores y legisladoras de otros partidos es modificar el dictamen.<\/p>\n\n\n\n<h2 class=\"wp-block-heading\">Diferencias en torno a la reforma<\/h2>\n\n\n\n<p>\u201cNadie est\u00e1 en contra de que los derechos de los trabajadores deben ir aumentando. Lo que hemos dicho es que las pymes preocupan. A m\u00ed s\u00ed me preocupa que una empresa tenga que subir el precio de sus insumos y que as\u00ed aumente la cadena de valor, y eso repercuta en la&nbsp;<strong>econom\u00eda de las familias<\/strong>\u201d, dijo la diputada Noem\u00ed Berenice Luna Ayala (PAN) en las conclusiones del Parlamento Abierto.<\/p>\n\n\n\n<p>A lo largo de cinco encuentros, que se realizaron entre el 16 de octubre y 13 de noviembre, las representaciones empresariales pintaron un&nbsp;<strong>panorama de crisis econ\u00f3mica<\/strong>, desempleo e inflaci\u00f3n de aprobarse la reforma. Ya vimos que \u201caument\u00f3 el salario m\u00ednimo\u201d y subi\u00f3 el costo de la canasta b\u00e1sica, agreg\u00f3 la panista como ejemplo de que estas modificaciones traen consecuencias negativas.<\/p>\n\n\n\n<p>El otro diputado promovente de la reforma, Jorge \u00c1lvarez M\u00e1ynez, no asisti\u00f3 al Parlamento. Pero de MC estuvo presente el diputado Sergio Barrera, quien desde la primera mesa de di\u00e1logo indic\u00f3: \u201cEs importante analizar los&nbsp;<a href=\"https:\/\/www.eleconomista.com.mx\/capitalhumano\/Empresarios-y-diputados-se-enfrentan-por-la-reduccion-de-la-jornada-laboral-20231016-0147.html\">riesgos que esta reforma implicar\u00eda<\/a>&nbsp;para los sectores productivos y empresariales del pa\u00eds\u201d.<\/p>\n\n\n\n<p>Seg\u00fan indic\u00f3 el legislador, de aprobarse el dictamen en sus t\u00e9rminos, \u201cexiste un riesgo de que los emprendedores, y en general el empresariado, caiga en una&nbsp;<strong>informalidad laboral<\/strong>&nbsp;debido al costo adicional que representa para las empresas el pago de las horas extras\u201d.<\/p>\n\n\n\n<p>Dijo que \u201cse requiere de una&nbsp;<strong>implementaci\u00f3n gradual<\/strong>&nbsp;de este tipo de reformas, de tal manera que se brinde la facilidad a estos sectores para que hagan los cambios operativos necesarios\u201d.<\/p>\n\n\n\n<h2 class=\"wp-block-heading\">Los definidos y los indefinidos<\/h2>\n\n\n\n<p>Previo al inicio del Parlamento Abierto, el diputado Tereso Medina Ram\u00edrez (PRI) se\u00f1al\u00f3 a este medio que su bancada apoyar\u00eda el dictamen&nbsp;<a href=\"https:\/\/www.eleconomista.com.mx\/capitalhumano\/Sindicatos-apostaran-por-reduccion-de-la-jornada-laboral-sin-esquema-de-transicion-20231012-0112.html\">sin un r\u00e9gimen de transici\u00f3n<\/a>. Y en el \u00faltimo foro del Parlamento Abierto pidi\u00f3 a sus compa\u00f1eros y compa\u00f1eras atender \u201cde una vez por todas y para siempre este viejo y a\u00f1ejo anhelo de los trabajadores de M\u00e9xico\u201d.<\/p>\n\n\n\n<p>Deseo, dijo, \u201cque logremos legislar por la&nbsp;<strong>jornada laboral de 40 horas<\/strong>\u201d y que sea un cambio irreversible. Hizo un llamado a que los empresarios muestren un \u201cesp\u00edritu nacionalista y compromiso por M\u00e9xico\u201d.<\/p>\n\n\n\n<p>Tambi\u00e9n convoc\u00f3 a la unidad de todas las fuerzas pol\u00edticas para lograr que \u201csea la hora de los trabajadores manuales e intelectuales y del campo y de las ciudades, que sea la hora por la justicia social\u201d.<\/p>\n\n\n\n<p>Del lado de Morena, la diputada&nbsp;<strong>Susana Prieto<\/strong>&nbsp;ha sido la m\u00e1s f\u00e9rrea defensora de su propuesta.<\/p>\n\n\n\n<p>Ante la petici\u00f3n de m\u00e1s tiempo para analizar la reforma o para crear&nbsp;<strong>un plan de gradualidad<\/strong>, la legisladora les refut\u00f3 que \u201cdesde hace m\u00e1s de un a\u00f1o la iniciativa se public\u00f3 en la Gaceta Parlamentaria\u201d, tuvieron tiempo. Repudi\u00f3 la postura del PAN y MC, y sostuvo: \u201cAlgunas diputadas y diputados no vamos a ceder ante el&nbsp;<a href=\"https:\/\/www.eleconomista.com.mx\/capitalhumano\/Cabildeo-empresarial-ha-frenado-17-intentos-de-reforma-de-la-jornada-laboral-20231113-0122.html\">cabildeo empresarial<\/a>\u201d.<\/p>\n\n\n\n<p>El Partido del Trabajo (<strong>PT<\/strong>) y el Partido Verde Ecologista de M\u00e9xico (<strong>PVEM<\/strong>) no acudieron a ninguna de las mesas de di\u00e1logo del Parlamento Abierto. Sin embargo, al ser aliados de Morena, se esperar\u00eda que voten a favor.<\/p>\n\n\n\n<p>En tanto, el Partido de la Revoluci\u00f3n Democr\u00e1tica (<strong>PRD<\/strong>) tampoco envi\u00f3 representantes y no ha fijado postura, pero es aliado del PAN.<\/p>\n\n\n\n<p>Fuente: eleconomista<\/p>\n","protected":false},"excerpt":{"rendered":"<p>La&nbsp;reforma para reducir la jornada laboral&nbsp;ser\u00e1 discutida por la C\u00e1mara de Diputados antes de que concluya el actual periodo ordinario de sesiones el&nbsp;15 de diciembre, sin embargo, todav\u00eda no hay un consenso general en torno a la redacci\u00f3n final del texto, ya que todav\u00eda hay diferencias entre los grupos parlamentarias. \u201cNosotros aqu\u00ed, C\u00e1mara de origen, [&hellip;]<\/p>\n","protected":false},"author":2,"featured_media":123958,"comment_status":"open","ping_status":"open","sticky":false,"template":"","format":"standard","meta":{"footnotes":""},"categories":[55],"tags":[],"class_list":["post-123957","post","type-post","status-publish","format-standard","has-post-thumbnail","hentry","category-nacionales"],"_links":{"self":[{"href":"http:\/\/elcuartopoder.com.mx\/nw\/wp-json\/wp\/v2\/posts\/123957","targetHints":{"allow":["GET"]}}],"collection":[{"href":"http:\/\/elcuartopoder.com.mx\/nw\/wp-json\/wp\/v2\/posts"}],"about":[{"href":"http:\/\/elcuartopoder.com.mx\/nw\/wp-json\/wp\/v2\/types\/post"}],"author":[{"embeddable":true,"href":"http:\/\/elcuartopoder.com.mx\/nw\/wp-json\/wp\/v2\/users\/2"}],"replies":[{"embeddable":true,"href":"http:\/\/elcuartopoder.com.mx\/nw\/wp-json\/wp\/v2\/comments?post=123957"}],"version-history":[{"count":1,"href":"http:\/\/elcuartopoder.com.mx\/nw\/wp-json\/wp\/v2\/posts\/123957\/revisions"}],"predecessor-version":[{"id":123959,"href":"http:\/\/elcuartopoder.com.mx\/nw\/wp-json\/wp\/v2\/posts\/123957\/revisions\/123959"}],"wp:featuredmedia":[{"embeddable":true,"href":"http:\/\/elcuartopoder.com.mx\/nw\/wp-json\/wp\/v2\/media\/123958"}],"wp:attachment":[{"href":"http:\/\/elcuartopoder.com.mx\/nw\/wp-json\/wp\/v2\/media?parent=123957"}],"wp:term":[{"taxonomy":"category","embeddable":true,"href":"http:\/\/elcuartopoder.com.mx\/nw\/wp-json\/wp\/v2\/categories?post=123957"},{"taxonomy":"post_tag","embeddable":true,"href":"http:\/\/elcuartopoder.com.mx\/nw\/wp-json\/wp\/v2\/tags?post=123957"}],"curies":[{"name":"wp","href":"https:\/\/api.w.org\/{rel}","templated":true}]}}