{"id":123967,"date":"2023-11-23T16:27:12","date_gmt":"2023-11-23T21:27:12","guid":{"rendered":"http:\/\/elcuartopoder.com.mx\/nw\/?p=123967"},"modified":"2023-11-23T16:27:16","modified_gmt":"2023-11-23T21:27:16","slug":"exigen-en-cdmx-liberacion-de-39-menores-secuestrados-por-hamas","status":"publish","type":"post","link":"http:\/\/elcuartopoder.com.mx\/nw\/internacionales\/exigen-en-cdmx-liberacion-de-39-menores-secuestrados-por-hamas\/","title":{"rendered":"Exigen en CDMX liberaci\u00f3n de 39 menores secuestrados por Hamas"},"content":{"rendered":"\n<p><em>Ciudad de M\u00e9xico.<\/em>&nbsp;Un grupo manifestantes exigi\u00f3 este martes en la Ciudad de M\u00e9xico la liberaci\u00f3n de 39 ni\u00f1os secuestrados por el grupo palestino extremista Ham\u00e1s.<\/p>\n\n\n\n<p>En una protesta frente a las oficinas de la sede del Fondo de las Naciones Unidas para la Infancia (UNICEF), a la que la prensa fue convocada por la Embajada de Israel, los inconformes pidieron la intervenci\u00f3n del organismo internacional para poner fin al cautiverio de los menores.<\/p>\n\n\n\n<p>\u201cLib\u00e9renlos ya, lib\u00e9renlos ya\u201d, pidieron los participantes en la manifestaci\u00f3n, entre los que hab\u00eda ni\u00f1os con globos y pancartas con mensajes en los que clamaban por que los secuestrados regresen a sus hogares.<\/p>\n\n\n\n<p>Hoy en la Ciudad de M\u00e9xico cerca de 300 personas se manifestaron en frente de las oficinas de UNICEF exigiendo que la organizaci\u00f3n act\u00fae inmediatamente para liberar a los ni\u00f1os y a todos los israel\u00edes secuestrados.<\/p>\n\n\n\n<p>De acuerdo con informaci\u00f3n de la delegaci\u00f3n diplom\u00e1tica israel\u00ed, los manifestantes entregaron una petici\u00f3n dirigida a Catherine Russell, directora ejecutiva de UNICEF, y a Fernando Carrera, representante en M\u00e9xico, en la que se enfatiza la responsabilidad de UNICEF como organismo protector de la infancia.<\/p>\n\n\n\n<p>\u201cHoy no se trata de grupos religiosos ni reclamos pol\u00edticos; es una obligaci\u00f3n de UNICEF, organismo protector de la infancia, velar por la seguridad moral y material de todos los ni\u00f1os, incluyendo a estos ni\u00f1os secuestrados. Solicitamos su intervenci\u00f3n para lograr la liberaci\u00f3n inmediata de los 39 menores secuestrados por el terrorismo, ya que no deben pasar ni un d\u00eda m\u00e1s en cautiverio. Deben regresar hoy a su hogar\u201d, dice el texto.<\/p>\n\n\n\n<p>Fuente: jornada<\/p>\n","protected":false},"excerpt":{"rendered":"<p>Ciudad de M\u00e9xico.&nbsp;Un grupo manifestantes exigi\u00f3 este martes en la Ciudad de M\u00e9xico la liberaci\u00f3n de 39 ni\u00f1os secuestrados por el grupo palestino extremista Ham\u00e1s. En una protesta frente a las oficinas de la sede del Fondo de las Naciones Unidas para la Infancia (UNICEF), a la que la prensa fue convocada por la Embajada [&hellip;]<\/p>\n","protected":false},"author":2,"featured_media":123968,"comment_status":"open","ping_status":"open","sticky":false,"template":"","format":"standard","meta":{"footnotes":""},"categories":[8],"tags":[],"class_list":["post-123967","post","type-post","status-publish","format-standard","has-post-thumbnail","hentry","category-internacionales"],"_links":{"self":[{"href":"http:\/\/elcuartopoder.com.mx\/nw\/wp-json\/wp\/v2\/posts\/123967","targetHints":{"allow":["GET"]}}],"collection":[{"href":"http:\/\/elcuartopoder.com.mx\/nw\/wp-json\/wp\/v2\/posts"}],"about":[{"href":"http:\/\/elcuartopoder.com.mx\/nw\/wp-json\/wp\/v2\/types\/post"}],"author":[{"embeddable":true,"href":"http:\/\/elcuartopoder.com.mx\/nw\/wp-json\/wp\/v2\/users\/2"}],"replies":[{"embeddable":true,"href":"http:\/\/elcuartopoder.com.mx\/nw\/wp-json\/wp\/v2\/comments?post=123967"}],"version-history":[{"count":1,"href":"http:\/\/elcuartopoder.com.mx\/nw\/wp-json\/wp\/v2\/posts\/123967\/revisions"}],"predecessor-version":[{"id":123969,"href":"http:\/\/elcuartopoder.com.mx\/nw\/wp-json\/wp\/v2\/posts\/123967\/revisions\/123969"}],"wp:featuredmedia":[{"embeddable":true,"href":"http:\/\/elcuartopoder.com.mx\/nw\/wp-json\/wp\/v2\/media\/123968"}],"wp:attachment":[{"href":"http:\/\/elcuartopoder.com.mx\/nw\/wp-json\/wp\/v2\/media?parent=123967"}],"wp:term":[{"taxonomy":"category","embeddable":true,"href":"http:\/\/elcuartopoder.com.mx\/nw\/wp-json\/wp\/v2\/categories?post=123967"},{"taxonomy":"post_tag","embeddable":true,"href":"http:\/\/elcuartopoder.com.mx\/nw\/wp-json\/wp\/v2\/tags?post=123967"}],"curies":[{"name":"wp","href":"https:\/\/api.w.org\/{rel}","templated":true}]}}