{"id":123970,"date":"2023-11-23T16:30:24","date_gmt":"2023-11-23T21:30:24","guid":{"rendered":"http:\/\/elcuartopoder.com.mx\/nw\/?p=123970"},"modified":"2023-11-23T16:30:26","modified_gmt":"2023-11-23T21:30:26","slug":"insumos-clima-y-la-inseguridad-preocupan-en-el-campo-mexicano","status":"publish","type":"post","link":"http:\/\/elcuartopoder.com.mx\/nw\/qtp\/insumos-clima-y-la-inseguridad-preocupan-en-el-campo-mexicano\/","title":{"rendered":"Insumos, clima y la inseguridad preocupan en el campo mexicano"},"content":{"rendered":"\n<p>El 46.3% de todos los productores agropecuarios del pa\u00eds se consideran ind\u00edgenas los cuales se concentran en el sureste del pa\u00eds, de los cuales 61% s\u00ed habla una lengua ind\u00edgena y el resto (39%) no.<\/p>\n\n\n\n<p>Los altos costos de insumos, p\u00e9rdidas por clima, disminuci\u00f3n de ventas o incluso la inseguridad son algunos de los problemas a los que se enfrentaron los productores y las productoras agropecuarios en nuestro pa\u00eds, de acuerdo con el Inegi.<\/p>\n\n\n\n<p>Lo anterior forma parte como uno de los principales resultados definitivos del Censo Agropecuario 2022 elaborado por el Instituto Nacional de Estad\u00edstica y Geograf\u00eda (Inegi) con base en informaci\u00f3n recopilada entre octubre de 2021 y septiembre de 2022.<\/p>\n\n\n\n<p>De acuerdo con las cifras oficiales, los productores reportaron que los altos costos de insumos y servicios fue el principal motivo que afect\u00f3 la producci\u00f3n y productividad de las unidades de producci\u00f3n con 88.8% de los casos.<\/p>\n\n\n\n<p>En segundo lugar, se ubic\u00f3 la categor\u00eda de p\u00e9rdidas por alg\u00fan factor clim\u00e1tico o biol\u00f3gico con 61 por ciento.<\/p>\n\n\n\n<p>Mientras que la baja de precios o disminuci\u00f3n de ventas a causa de la pandemia del Covid-19 fue el motivo n\u00famero tres con 40.2 por ciento.<\/p>\n\n\n\n<p>La p\u00e9rdida de la fertilidad del suelo fue el motivo n\u00famero cuatro con 29.9%, mientras que la inseguridad se ubic\u00f3 en la quinta posici\u00f3n con 22.8 por ciento.<\/p>\n\n\n\n<h2 class=\"wp-block-heading\">Producci\u00f3n<\/h2>\n\n\n\n<p>A su vez, el Inegi report\u00f3 que, de las 25 millones 703,081 hect\u00e1reas de superficie agr\u00edcola de las unidades de producci\u00f3n agropecuaria activas, 21 millones 635,876 correspondi\u00f3 al \u00e1rea sembrada.<\/p>\n\n\n\n<p>Los principales cultivos anuales fueron ma\u00edz en grano blanco, con una producci\u00f3n de 21 millones 926,226 toneladas en una superficie sembrada de 6 millones 77,029 hect\u00e1reas.<\/p>\n\n\n\n<p>El segundo lugar lo ocup\u00f3 el sorgo grano con 4 millones 393,719 toneladas en 1 mill\u00f3n 472,605 de hect\u00e1reas. Y en tercer lugar el Ma\u00edz grano amarillo con una producci\u00f3n de 3 millones 476,543 toneladas en 710,273 hect\u00e1reas.<\/p>\n\n\n\n<p>Por segmentos, el Inegi inform\u00f3 que, en nuestro pa\u00eds, entre octubre del 2021 y septiembre del 2022, se obtuvieron 34.6 millones de toneladas de los principales granos que se producen (arroz, cebada grano, frijol, ma\u00edz grano amarillo, ma\u00edz grano blanco, sorgo grano y trigo grano).<\/p>\n\n\n\n<p>De ese total, 45.6 % se produjo en los estados del Pac\u00edfico (Sinaloa, Nayarit, Jalisco, Colima, Michoac\u00e1n de Ocampo y Guerrero) y con 27.0 % sigui\u00f3 la producci\u00f3n en las entidades del norte (Sonora, Chihuahua, Coahuila de Zaragoza, Nuevo Le\u00f3n, Tamaulipas, Durango y Zacatecas).<\/p>\n\n\n\n<p>En cuanto a los principales frutos que se producen en el pa\u00eds (aguacate, cacao, coco, fresa, guayaba, lim\u00f3n, mango, manzana, naranja, nuez, papaya, pi\u00f1a y pl\u00e1tano) se obtuvieron 18.3 millones de toneladas\u201d, revel\u00f3 el censo.<\/p>\n\n\n\n<p>De igual manera se obtuvieron, a cielo abierto, 10.4 millones de toneladas de las principales hortalizas que se producen en el territorio nacional (br\u00f3coli, calabaza-calabacita, cebolla, chile, jitomate (tomate rojo), mel\u00f3n, papa, sand\u00eda, tomate de c\u00e1scara (tomatillo), esp\u00e1rrago y nopal verdura).<\/p>\n\n\n\n<h2 class=\"wp-block-heading\">Demograf\u00eda<\/h2>\n\n\n\n<p>Otro de los elementos destacados del estudio fue que 46.3% de todos los productores agropecuarios del pa\u00eds se consideran ind\u00edgenas los cuales se concentran en el sureste del pa\u00eds, de los cuales 61% s\u00ed habla una lengua ind\u00edgena y el resto (39%) no.<\/p>\n\n\n\n<p>Por otro lado, el Inegi indic\u00f3 que en los \u00faltimos 15 a\u00f1os, ha disminuido la participaci\u00f3n de la mujer en las labores agropecuarias y de campo.<\/p>\n\n\n\n<p>En el Censo del 2007, la participaci\u00f3n era de 19.7 y 80.3% para los hombres, mientras que para este 2022, la cifra se ubic\u00f3 en 16 y 84%, respectivamente.<\/p>\n\n\n\n<p>Por \u00faltimo, el Censo Agropecuario 2022 registr\u00f3 un incremento en el nivel de escolaridad de las y los productores. Los niveles de secundaria, preparatoria o bachillerato, licenciatura, ingenier\u00eda y posgrado incrementaron sus datos en 15 a\u00f1os.<\/p>\n\n\n\n<p>Fuente: eleconomista<\/p>\n\n\n\n<p><a rel=\"noreferrer noopener\" href=\"https:\/\/api.whatsapp.com\/send?text=https%3A%2F%2Fwww.eleconomista.com.mx%2Fpolitica%2FInsumos-clima-y-la-inseguridad-preocupan-en-el-campo-mexicano-20231121-0147.html\" target=\"_blank\"><\/a><a rel=\"noreferrer noopener\" href=\"https:\/\/twitter.com\/intent\/tweet?text=Insumos,%20clima%20y%20la%20inseguridad%20preocupan%20en%20el%20campo%20mexicano?&amp;url=https%3A%2F%2Fwww.eleconomista.com.mx%2Fpolitica%2FInsumos-clima-y-la-inseguridad-preocupan-en-el-campo-mexicano-20231121-0147.html\" target=\"_blank\"><\/a><a rel=\"noreferrer noopener\" href=\"https:\/\/www.facebook.com\/sharer\/sharer.php?u=https%3A%2F%2Fwww.eleconomista.com.mx%2Fpolitica%2FInsumos-clima-y-la-inseguridad-preocupan-en-el-campo-mexicano-20231121-0147.html\" target=\"_blank\"><\/a><a rel=\"noreferrer noopener\" href=\"https:\/\/www.linkedin.com\/sharing\/share-offsite\/?url=https%3A%2F%2Fwww.eleconomista.com.mx%2Fpolitica%2FInsumos-clima-y-la-inseguridad-preocupan-en-el-campo-mexicano-20231121-0147.html\" target=\"_blank\"><\/a><\/p>\n","protected":false},"excerpt":{"rendered":"<p>El 46.3% de todos los productores agropecuarios del pa\u00eds se consideran ind\u00edgenas los cuales se concentran en el sureste del pa\u00eds, de los cuales 61% s\u00ed habla una lengua ind\u00edgena y el resto (39%) no. Los altos costos de insumos, p\u00e9rdidas por clima, disminuci\u00f3n de ventas o incluso la inseguridad son algunos de los problemas [&hellip;]<\/p>\n","protected":false},"author":2,"featured_media":123971,"comment_status":"open","ping_status":"open","sticky":false,"template":"","format":"standard","meta":{"footnotes":""},"categories":[58],"tags":[],"class_list":["post-123970","post","type-post","status-publish","format-standard","has-post-thumbnail","hentry","category-qtp"],"_links":{"self":[{"href":"http:\/\/elcuartopoder.com.mx\/nw\/wp-json\/wp\/v2\/posts\/123970","targetHints":{"allow":["GET"]}}],"collection":[{"href":"http:\/\/elcuartopoder.com.mx\/nw\/wp-json\/wp\/v2\/posts"}],"about":[{"href":"http:\/\/elcuartopoder.com.mx\/nw\/wp-json\/wp\/v2\/types\/post"}],"author":[{"embeddable":true,"href":"http:\/\/elcuartopoder.com.mx\/nw\/wp-json\/wp\/v2\/users\/2"}],"replies":[{"embeddable":true,"href":"http:\/\/elcuartopoder.com.mx\/nw\/wp-json\/wp\/v2\/comments?post=123970"}],"version-history":[{"count":1,"href":"http:\/\/elcuartopoder.com.mx\/nw\/wp-json\/wp\/v2\/posts\/123970\/revisions"}],"predecessor-version":[{"id":123972,"href":"http:\/\/elcuartopoder.com.mx\/nw\/wp-json\/wp\/v2\/posts\/123970\/revisions\/123972"}],"wp:featuredmedia":[{"embeddable":true,"href":"http:\/\/elcuartopoder.com.mx\/nw\/wp-json\/wp\/v2\/media\/123971"}],"wp:attachment":[{"href":"http:\/\/elcuartopoder.com.mx\/nw\/wp-json\/wp\/v2\/media?parent=123970"}],"wp:term":[{"taxonomy":"category","embeddable":true,"href":"http:\/\/elcuartopoder.com.mx\/nw\/wp-json\/wp\/v2\/categories?post=123970"},{"taxonomy":"post_tag","embeddable":true,"href":"http:\/\/elcuartopoder.com.mx\/nw\/wp-json\/wp\/v2\/tags?post=123970"}],"curies":[{"name":"wp","href":"https:\/\/api.w.org\/{rel}","templated":true}]}}