{"id":124165,"date":"2023-11-28T15:01:44","date_gmt":"2023-11-28T20:01:44","guid":{"rendered":"http:\/\/elcuartopoder.com.mx\/nw\/?p=124165"},"modified":"2023-11-28T15:01:49","modified_gmt":"2023-11-28T20:01:49","slug":"entregan-reconocimientos-a-maestras-y-maestros-destacados-por-sus-practicas-educativas","status":"publish","type":"post","link":"http:\/\/elcuartopoder.com.mx\/nw\/estatales\/entregan-reconocimientos-a-maestras-y-maestros-destacados-por-sus-practicas-educativas\/","title":{"rendered":"Entregan reconocimientos a maestras y maestros destacados por sus pr\u00e1cticas educativas"},"content":{"rendered":"\n<p>Canc\u00fan.- Con la participaci\u00f3n de docentes de Quintana Roo, Campeche, Tabasco y Yucat\u00e1n, que recibieron el Reconocimiento a la Pr\u00e1ctica Educativa 2023, se llev\u00f3 a cabo la sesi\u00f3n plenaria del Sexto Foro Regional de Intercambio de Experiencias, de la Unidad del Sistema para la Carrera de las Maestras y los Maestros (USICAMM).<\/p>\n\n\n\n<p>El Nuevo Acuerdo por el Bienestar y Desarrollo de Quintana Roo que impulsa la gobernadora Mara Lezama Espinosa, tiene como una de sus principales prioridades brindar una educaci\u00f3n de calidad para ni\u00f1os, ni\u00f1as y adolescentes, contando con el compromiso y profesionalismo de las maestras y maestros, que de manera permanente se siguen preparando para contribuir al cumplimiento de ese objetivo.<\/p>\n\n\n\n<p>Se reconoci\u00f3 a las 111 maestras y maestros que destacaron por el desarrollo de sus pr\u00e1cticas educativas con estrategias pedag\u00f3gicas creativas e innovadoras, con el objetivo de contribuir al cumplimiento al derecho a la educaci\u00f3n de las ni\u00f1as, ni\u00f1os, j\u00f3venes y adolescentes de los pueblos y comunidades ind\u00edgenas, afromexicanas, migrantes y jornaleros agr\u00edcolas de los estados de Yucat\u00e1n, Campeche, Quintana Roo y Tabasco.<\/p>\n\n\n\n<p>La titular de la USICAMM, Adela Pi\u00f1a Bernal, habl\u00f3 sobre la importancia de la Nueva Escuela Mexicana y de la gran transformaci\u00f3n que vive M\u00e9xico en la educaci\u00f3n, por ello reconoci\u00f3 el trabajo realizado por los docentes de los estados participantes en este Foro Regional.<\/p>\n\n\n\n<p>De agosto de 2022 a abril de 2023, las maestras y maestros presentaron sus narrativas de la pr\u00e1ctica educativa creativa, innovadora, original, eficaz y excepcional para la atenci\u00f3n de nivel b\u00e1sico y media superior, que coadyuvar\u00e1n al m\u00e1ximo logro de aprendizaje de las alumnas y los alumnos.<\/p>\n\n\n\n<p>Los docentes compartieron las estrategias educativas que los han llevado a experiencias exitosas, las cuales se dieron a conocer a trav\u00e9s de las relator\u00edas de las cuatro mesas de trabajo, acci\u00f3n que se dio al finalizar el evento.<\/p>\n","protected":false},"excerpt":{"rendered":"<p>Canc\u00fan.- Con la participaci\u00f3n de docentes de Quintana Roo, Campeche, Tabasco y Yucat\u00e1n, que recibieron el Reconocimiento a la Pr\u00e1ctica Educativa 2023, se llev\u00f3 a cabo la sesi\u00f3n plenaria del Sexto Foro Regional de Intercambio de Experiencias, de la Unidad del Sistema para la Carrera de las Maestras y los Maestros (USICAMM). El Nuevo Acuerdo [&hellip;]<\/p>\n","protected":false},"author":2,"featured_media":124166,"comment_status":"open","ping_status":"open","sticky":false,"template":"","format":"standard","meta":{"footnotes":""},"categories":[60],"tags":[],"class_list":["post-124165","post","type-post","status-publish","format-standard","has-post-thumbnail","hentry","category-estatales"],"_links":{"self":[{"href":"http:\/\/elcuartopoder.com.mx\/nw\/wp-json\/wp\/v2\/posts\/124165","targetHints":{"allow":["GET"]}}],"collection":[{"href":"http:\/\/elcuartopoder.com.mx\/nw\/wp-json\/wp\/v2\/posts"}],"about":[{"href":"http:\/\/elcuartopoder.com.mx\/nw\/wp-json\/wp\/v2\/types\/post"}],"author":[{"embeddable":true,"href":"http:\/\/elcuartopoder.com.mx\/nw\/wp-json\/wp\/v2\/users\/2"}],"replies":[{"embeddable":true,"href":"http:\/\/elcuartopoder.com.mx\/nw\/wp-json\/wp\/v2\/comments?post=124165"}],"version-history":[{"count":1,"href":"http:\/\/elcuartopoder.com.mx\/nw\/wp-json\/wp\/v2\/posts\/124165\/revisions"}],"predecessor-version":[{"id":124167,"href":"http:\/\/elcuartopoder.com.mx\/nw\/wp-json\/wp\/v2\/posts\/124165\/revisions\/124167"}],"wp:featuredmedia":[{"embeddable":true,"href":"http:\/\/elcuartopoder.com.mx\/nw\/wp-json\/wp\/v2\/media\/124166"}],"wp:attachment":[{"href":"http:\/\/elcuartopoder.com.mx\/nw\/wp-json\/wp\/v2\/media?parent=124165"}],"wp:term":[{"taxonomy":"category","embeddable":true,"href":"http:\/\/elcuartopoder.com.mx\/nw\/wp-json\/wp\/v2\/categories?post=124165"},{"taxonomy":"post_tag","embeddable":true,"href":"http:\/\/elcuartopoder.com.mx\/nw\/wp-json\/wp\/v2\/tags?post=124165"}],"curies":[{"name":"wp","href":"https:\/\/api.w.org\/{rel}","templated":true}]}}