{"id":124171,"date":"2023-11-29T09:17:33","date_gmt":"2023-11-29T14:17:33","guid":{"rendered":"http:\/\/elcuartopoder.com.mx\/nw\/?p=124171"},"modified":"2023-11-29T09:17:35","modified_gmt":"2023-11-29T14:17:35","slug":"detienen-a-yolanda-n-en-edomex-mantuvo-esclavizada-a-una-mujer-para-cobrar-la-deuda-de-su-esposo","status":"publish","type":"post","link":"http:\/\/elcuartopoder.com.mx\/nw\/policiacas\/detienen-a-yolanda-n-en-edomex-mantuvo-esclavizada-a-una-mujer-para-cobrar-la-deuda-de-su-esposo\/","title":{"rendered":"Detienen a Yolanda \u00abN\u00bb en Edomex, mantuvo esclavizada a una mujer para cobrar la deuda de su esposo"},"content":{"rendered":"\n<p><strong>Yolanda \u00abN\u00bb\u00a0<\/strong>fue detenida en el Estado de M\u00e9xico, luego de que una mujer\u00a0escapara\u00a0de una casa donde la manten\u00edan\u00a0<strong>esclavizada<\/strong>, la obligaban a hacer la\u00a0<strong>limpieza<\/strong>\u00a0todos los d\u00edas, entre otras injusticias que denunci\u00f3 de manera inmediata ante las autoridades locales, quienes comenzaron con las\u00a0<strong>investigaciones<\/strong>.<\/p>\n\n\n\n<p>La\u00a0<strong>Fiscal\u00eda<\/strong>\u00a0General de Justicia del Edomex inform\u00f3 a trav\u00e9s de un comunicado, que\u00a0<strong>Yolanda<\/strong>\u00a0\u00abN\u00bb cay\u00f3 en\u00a0<strong>Valle de Chalco<\/strong>, donde los agentes cumplimentaron una orden de aprehensi\u00f3n librada por el presunto delito de\u00a0<strong>trata de personas<\/strong>, en modalidad del que reciba a una persona y la mantenga con fines de\u00a0explotaci\u00f3n\u00a0a trav\u00e9s de la condici\u00f3n de siervo por\u00a0<strong>deuda<\/strong>.<\/p>\n\n\n\n<p>De acuerdo con las indagatorias de los agentes, el 30 de mayo de 2018, un se\u00f1or del que todav\u00eda no han revelado su identidad, acudi\u00f3 con Yolanda \u00abN\u00bb para&nbsp;<strong>entregar<\/strong>&nbsp;a su&nbsp;<strong>pareja<\/strong>&nbsp;como&nbsp;<strong>pago<\/strong>&nbsp;de una&nbsp;<strong>deuda<\/strong>&nbsp;monetaria que ten\u00eda con ella. Desde entonces comenz\u00f3 el infierno para la v\u00edctima.<\/p>\n\n\n\n<p>Supuestamente, la imputada llev\u00f3 a su v\u00edctima hasta un domicilio en la colonia&nbsp;<strong>Alfredo Baranda<\/strong>, en el municipio de&nbsp;<strong>Valle de Chalco<\/strong>. \u00c9sta habr\u00eda sido obligada a realizar&nbsp;<strong>labores dom\u00e9sticas<\/strong>&nbsp;todos los d\u00edas de la semana, y en caso de negarse, la amenazaba con causarle da\u00f1o a toda su familia. As\u00ed la mantuvo durante&nbsp;<strong>dos a\u00f1os<\/strong>.<\/p>\n\n\n\n<p>En el 2020, el d\u00eda 5 de agosto, la mujer fue\u00a0<strong>trasladada<\/strong>\u00a0hasta otra casa, pero ahora en el municipio\u00a0de Nezahualc\u00f3yotl, donde pudo\u00a0<strong>escapar<\/strong>\u00a0y\u00a0<strong>regresar<\/strong>\u00a0con sus familiares; adem\u00e1s, inicio con el proceso de\u00a0<strong>denuncia<\/strong>\u00a0ante un agente del Ministerio P\u00fablico, y comenz\u00f3 a integrar la indagatoria por el delito de trata de personas.<\/p>\n\n\n\n<p>Durante las investigaciones, el \u00d3rgano Jurisdiccional libraron una\u00a0<strong>orden de aprehensi\u00f3n<\/strong>\u00a0en contra de Yolanda \u00abN\u00bb por su presunta participaci\u00f3n en el delito. Lograron su detenci\u00f3n en el municipio del\u00a0<strong>Valle de Chalco<\/strong>, y fue presentada ante la autoridad judicial en el Centro Penitenciario y de Reinserci\u00f3n Social de Chalco.<\/p>\n\n\n\n<p>A la detenida se le considerar\u00e1&nbsp;<strong>inocente<\/strong>&nbsp;hasta que sea dictada una&nbsp;<strong>sentencia condenatoria<\/strong>&nbsp;en su contra; si llegas a reconocerla en alg\u00fan&nbsp;<strong>otro delito<\/strong>, puedes denunciarlo a trav\u00e9s de los medios puestos a disposici\u00f3n de la gente por parte de la Fiscal\u00eda General de Justicia del Estado de M\u00e9xico:<\/p>\n\n\n\n<ul class=\"wp-block-list\"><li>Correo electr\u00f3nico: cerotolerancia@fiscaliaedomex.gob.mx<\/li><li>Tel\u00e9fono: 8007028770<\/li><li>En la aplicaci\u00f3n para Android y iOs: FGJEdomex<\/li><\/ul>\n\n\n\n<p>Fuente: heraldodemexico<\/p>\n","protected":false},"excerpt":{"rendered":"<p>Yolanda \u00abN\u00bb\u00a0fue detenida en el Estado de M\u00e9xico, luego de que una mujer\u00a0escapara\u00a0de una casa donde la manten\u00edan\u00a0esclavizada, la obligaban a hacer la\u00a0limpieza\u00a0todos los d\u00edas, entre otras injusticias que denunci\u00f3 de manera inmediata ante las autoridades locales, quienes comenzaron con las\u00a0investigaciones. La\u00a0Fiscal\u00eda\u00a0General de Justicia del Edomex inform\u00f3 a trav\u00e9s de un comunicado, que\u00a0Yolanda\u00a0\u00abN\u00bb cay\u00f3 en\u00a0Valle [&hellip;]<\/p>\n","protected":false},"author":2,"featured_media":124172,"comment_status":"open","ping_status":"open","sticky":false,"template":"","format":"standard","meta":{"footnotes":""},"categories":[23],"tags":[],"class_list":["post-124171","post","type-post","status-publish","format-standard","has-post-thumbnail","hentry","category-policiacas"],"_links":{"self":[{"href":"http:\/\/elcuartopoder.com.mx\/nw\/wp-json\/wp\/v2\/posts\/124171","targetHints":{"allow":["GET"]}}],"collection":[{"href":"http:\/\/elcuartopoder.com.mx\/nw\/wp-json\/wp\/v2\/posts"}],"about":[{"href":"http:\/\/elcuartopoder.com.mx\/nw\/wp-json\/wp\/v2\/types\/post"}],"author":[{"embeddable":true,"href":"http:\/\/elcuartopoder.com.mx\/nw\/wp-json\/wp\/v2\/users\/2"}],"replies":[{"embeddable":true,"href":"http:\/\/elcuartopoder.com.mx\/nw\/wp-json\/wp\/v2\/comments?post=124171"}],"version-history":[{"count":1,"href":"http:\/\/elcuartopoder.com.mx\/nw\/wp-json\/wp\/v2\/posts\/124171\/revisions"}],"predecessor-version":[{"id":124173,"href":"http:\/\/elcuartopoder.com.mx\/nw\/wp-json\/wp\/v2\/posts\/124171\/revisions\/124173"}],"wp:featuredmedia":[{"embeddable":true,"href":"http:\/\/elcuartopoder.com.mx\/nw\/wp-json\/wp\/v2\/media\/124172"}],"wp:attachment":[{"href":"http:\/\/elcuartopoder.com.mx\/nw\/wp-json\/wp\/v2\/media?parent=124171"}],"wp:term":[{"taxonomy":"category","embeddable":true,"href":"http:\/\/elcuartopoder.com.mx\/nw\/wp-json\/wp\/v2\/categories?post=124171"},{"taxonomy":"post_tag","embeddable":true,"href":"http:\/\/elcuartopoder.com.mx\/nw\/wp-json\/wp\/v2\/tags?post=124171"}],"curies":[{"name":"wp","href":"https:\/\/api.w.org\/{rel}","templated":true}]}}