{"id":124240,"date":"2023-12-03T15:11:33","date_gmt":"2023-12-03T20:11:33","guid":{"rendered":"http:\/\/elcuartopoder.com.mx\/nw\/?p=124240"},"modified":"2023-12-03T15:11:39","modified_gmt":"2023-12-03T20:11:39","slug":"cuando-aumentara-del-salario-minimo-en-mexico-y-quienes-seran-beneficiados","status":"publish","type":"post","link":"http:\/\/elcuartopoder.com.mx\/nw\/economia\/cuando-aumentara-del-salario-minimo-en-mexico-y-quienes-seran-beneficiados\/","title":{"rendered":"\u00bfCu\u00e1ndo aumentar\u00e1 del salario m\u00ednimo en M\u00e9xico y qui\u00e9nes ser\u00e1n beneficiados?"},"content":{"rendered":"\n<p><strong>Andr\u00e9s Manuel L\u00f3pez Obrador<\/strong>, presidente de M\u00e9xico, anunci\u00f3 que para el a\u00f1o 2024 subir\u00e1 el\u00a0<strong>salario m\u00ednimo<\/strong>\u00a0de todos los trabajadores. Se trata de un aumento del\u00a0<strong>20%\u00a0<\/strong>con respecto al pago que ya es obligatorio hoy d\u00eda, y que pretende mejorar la\u00a0calidad de vida\u00a0de quienes resulten beneficiados.<\/p>\n\n\n\n<h2 class=\"wp-block-heading\">\u00bfEn cu\u00e1nto quedar\u00e1 el salario m\u00ednimo con el aumento de 2024? Esto cobrar\u00e1n los trabajadores mexicanos con un 20% extra anunciado por AMLO<\/h2>\n\n\n\n<p>De acuerdo con la\u00a0Comisi\u00f3n Nacional de los Salarios M\u00ednimos (<strong>Consami<\/strong>), el\u00a0salario de los trabajadores mexicanos\u00a0pasar\u00e1 de\u00a0un m\u00ednimo general de\u00a0207.44 a los\u00a0<strong>248.93 pesos<\/strong>\u00a0diarios; pero\u00a0en la Zona Libre de la Frontera Norte cambiar\u00e1 de los de 312.41 hasta los\u00a0<strong>374.89 pesos<\/strong>\u00a0diarios.<\/p>\n\n\n\n<p>Agregaron que el&nbsp;<strong>aumento<\/strong>&nbsp;de los&nbsp;<strong>salarios m\u00ednimos<\/strong>&nbsp;generales se integran con la cantidad vigente para el a\u00f1o 2023, y la suma del \u00abmonto Independiente de Recuperaci\u00f3n\u00bb que es de&nbsp;<strong>41.26 pesos<\/strong>&nbsp;para la Zona Libre de la Frontera Norte, mientras que el resto del pa\u00eds tendr\u00e1 una suma de&nbsp;<strong>27.40 pesos<\/strong>.&nbsp;<\/p>\n\n\n\n<p>El denominado \u00abMIR\u00bb, explica la dependencia, es un. mecanismo que se utiliza para recuperar el\u00a0<strong>poder adquisitivo<\/strong>\u00a0a trav\u00e9s de los salarios m\u00ednimos. Dicha cantidad absoluta en pesos no debe ser utilizada como referente para fijar otros salarios vigentes como los contractuales, federales, estatales o municipales.<\/p>\n\n\n\n<h2 class=\"wp-block-heading\">\u00bfCu\u00e1ndo entra en vigor el nuevo salario m\u00ednimo y a qui\u00e9n beneficia?<\/h2>\n\n\n\n<p>Todos los trabajadores mexicanos empezar\u00e1n a&nbsp;<strong>cobrar<\/strong>&nbsp;lo antes mencionado a partir del d\u00eda&nbsp;<strong>1 de enero de 2024<\/strong>, cuando empiece el \u00faltimo a\u00f1o del sexenio del gobierno encabezado por el presidente Andr\u00e9s Manuel L\u00f3pez Obrador, y&nbsp;<strong>beneficiar\u00e1<\/strong>&nbsp;a toda la poblaci\u00f3n&nbsp;<strong>que trabaje formalmente<\/strong>&nbsp;dentro de la Rep\u00fablica.<\/p>\n\n\n\n<p>Es decir, aquellos en\u00a0<strong>empresas<\/strong>\u00a0conformadas legalmente (\u00fanicas obligadas a implementar esta disposici\u00f3n), que tengan un\u00a0<strong>contrato vigente<\/strong>\u00a0y que ganen \u00fanicamente el salario m\u00ednimo, ver\u00e1n reflejado el\u00a0<strong>aumento por Ley\u00a0<\/strong>durante sus pr\u00f3ximas jornadas laborales a partir del primer d\u00eda de 2024. Esto quiere decir que tus\u00a0<strong>ingresos mensuales<\/strong>\u00a0deben ser de\u00a0<strong>6 mil 113.2 pesos<\/strong>, mientras que en la frontera deben ser de\u00a0<strong>9 mil 372.3 pesos<\/strong>.<\/p>\n\n\n\n<p>En el caso de que ganes al mes m\u00e1s del salario m\u00ednimo establecido para el a\u00f1o 2024, no ver\u00e1s un aumento dentro de tu n\u00f3mina quincenal o mensual, pues en caso de que tengas un aumento como \u00e9ste, tendr\u00e1 que ser directamente negociado con la empresa en la que est\u00e1s laborando.<\/p>\n\n\n\n<p>Fuente: heraldodemexico<\/p>\n","protected":false},"excerpt":{"rendered":"<p>Andr\u00e9s Manuel L\u00f3pez Obrador, presidente de M\u00e9xico, anunci\u00f3 que para el a\u00f1o 2024 subir\u00e1 el\u00a0salario m\u00ednimo\u00a0de todos los trabajadores. Se trata de un aumento del\u00a020%\u00a0con respecto al pago que ya es obligatorio hoy d\u00eda, y que pretende mejorar la\u00a0calidad de vida\u00a0de quienes resulten beneficiados. \u00bfEn cu\u00e1nto quedar\u00e1 el salario m\u00ednimo con el aumento de 2024? [&hellip;]<\/p>\n","protected":false},"author":2,"featured_media":124241,"comment_status":"open","ping_status":"open","sticky":false,"template":"","format":"standard","meta":{"footnotes":""},"categories":[1],"tags":[],"class_list":["post-124240","post","type-post","status-publish","format-standard","has-post-thumbnail","hentry","category-economia"],"_links":{"self":[{"href":"http:\/\/elcuartopoder.com.mx\/nw\/wp-json\/wp\/v2\/posts\/124240","targetHints":{"allow":["GET"]}}],"collection":[{"href":"http:\/\/elcuartopoder.com.mx\/nw\/wp-json\/wp\/v2\/posts"}],"about":[{"href":"http:\/\/elcuartopoder.com.mx\/nw\/wp-json\/wp\/v2\/types\/post"}],"author":[{"embeddable":true,"href":"http:\/\/elcuartopoder.com.mx\/nw\/wp-json\/wp\/v2\/users\/2"}],"replies":[{"embeddable":true,"href":"http:\/\/elcuartopoder.com.mx\/nw\/wp-json\/wp\/v2\/comments?post=124240"}],"version-history":[{"count":1,"href":"http:\/\/elcuartopoder.com.mx\/nw\/wp-json\/wp\/v2\/posts\/124240\/revisions"}],"predecessor-version":[{"id":124242,"href":"http:\/\/elcuartopoder.com.mx\/nw\/wp-json\/wp\/v2\/posts\/124240\/revisions\/124242"}],"wp:featuredmedia":[{"embeddable":true,"href":"http:\/\/elcuartopoder.com.mx\/nw\/wp-json\/wp\/v2\/media\/124241"}],"wp:attachment":[{"href":"http:\/\/elcuartopoder.com.mx\/nw\/wp-json\/wp\/v2\/media?parent=124240"}],"wp:term":[{"taxonomy":"category","embeddable":true,"href":"http:\/\/elcuartopoder.com.mx\/nw\/wp-json\/wp\/v2\/categories?post=124240"},{"taxonomy":"post_tag","embeddable":true,"href":"http:\/\/elcuartopoder.com.mx\/nw\/wp-json\/wp\/v2\/tags?post=124240"}],"curies":[{"name":"wp","href":"https:\/\/api.w.org\/{rel}","templated":true}]}}