{"id":124244,"date":"2023-12-03T21:03:53","date_gmt":"2023-12-04T02:03:53","guid":{"rendered":"http:\/\/elcuartopoder.com.mx\/nw\/?p=124244"},"modified":"2023-12-03T21:03:57","modified_gmt":"2023-12-04T02:03:57","slug":"ruleta-rusa-no-hay-peor-ciego-que-el-que-no-quiere-ver","status":"publish","type":"post","link":"http:\/\/elcuartopoder.com.mx\/nw\/opinion\/ruleta-rusa-no-hay-peor-ciego-que-el-que-no-quiere-ver\/","title":{"rendered":"Ruleta rusa: no hay peor ciego, que el que no quiere ver"},"content":{"rendered":"\n<p>Est\u00e1 claro que quienes formamos parte de los<strong>&nbsp;procesos pol\u00edticos<\/strong>&nbsp;de cualquier manera, vivimos en un autoenga\u00f1o compartido y normalizado por los partidos, los ciudadanos, los medios y hasta la autoridad electoral&#8230;<\/p>\n\n\n\n<p><strong>Vienen los tiempos de intercampa\u00f1a y, como no se respetar\u00e1n tampoco<\/strong>, en la opini\u00f3n de un servidor deber\u00e1n resultar en una profunda reflexi\u00f3n del \u00e1rbitro electoral y los partidos, para modificar algunos par\u00e1metros.<\/p>\n\n\n\n<p>Los procesos democr\u00e1ticos internos me parecen una gran medida para elegir candidatos, siempre y cuando se entiendan dos cosas:<\/p>\n\n\n\n<p>1) Una leyenda de<strong>&nbsp;\u201cdirigido a militantes\u201d<\/strong>&nbsp;no acota el proceso de ninguna manera<\/p>\n\n\n\n<p>2) Los simpatizantes deber\u00edan poder participar y, por lo tanto, formar parte de la toma de decisiones; esto es un avance democr\u00e1tico y no deber\u00eda ser castigado.<\/p>\n\n\n\n<p>La realidad est\u00e1 superando a las normas y, por lo tanto, las normas no est\u00e1n siendo acatadas. La autoridad deber\u00e1 saber que&nbsp;<strong>si la Ley no alcanza a la realidad, entonces todos vamos a seguir fingiendo ceguera.<\/strong><\/p>\n\n\n\n<p>Ser\u00e1 materia de las pr\u00f3ximas Legislaturas analizar tambi\u00e9n esta situaci\u00f3n, por lo que no podemos excluir a los partidos pol\u00edticos de este texto.<\/p>\n\n\n\n<p>A \u00faltimas fechas, se han planteado algunas opciones, sin embargo, me parece que una Reforma con esta relevancia deber\u00eda ser tomada en un consenso entre todas las fuerzas pol\u00edticas y el&nbsp;<strong>INE;<\/strong>&nbsp;\u00bfimposible? Bueno, desearlo no cuesta nada.<\/p>\n\n\n\n<p>En la opini\u00f3n de un servidor, la&nbsp;<strong>Reforma Electoral&nbsp;<\/strong>deber\u00eda considerar s\u00ed o s\u00ed:<\/p>\n\n\n\n<p>1) Poner la<strong>&nbsp;libertad de expresi\u00f3n por encima de todo<\/strong>&nbsp;y permitir a los pol\u00edticos y actores p\u00fablicos pasar del eterno diagn\u00f3stico a las propuestas concretas sin tiempos electorales;<\/p>\n\n\n\n<p>2) la&nbsp;<strong>fiscalizaci\u00f3n digital, continua y transparente<\/strong>&nbsp;para evitar el uso de recursos p\u00fablicos o de recursos mal habidos;<\/p>\n\n\n\n<p>3) y -por \u00faltimo pero no menos importante- se deber\u00e1 discutir sobre los procesos actuales para definir tiempos electorales realistas, que puedan cumplirse, porque las \u201cprimarias\u201d van a seguir sucediendo, eso es un hecho, entonces que se regulen y que se conecten, en un calendario realista, a los tiempos de precampa\u00f1a y campa\u00f1a,<strong>&nbsp;para evitar el despilfarro innecesario<\/strong>&nbsp;-y evidente- de recursos.<\/p>\n\n\n\n<p>Sobre el periodo de intercampa\u00f1a, es muy pronto para decir puesto que no ha sucedido, sin embargo, por experiencias previas, creo que deber\u00eda reducirse esta brecha para evitar que se incumpla la Ley, porque aunque la Ley es la Ley, la oferta y demanda tambi\u00e9n importan&#8230;<\/p>\n\n\n\n<p>Los ciudadanos estamos atentos y queremos escuchar, participar y decidir, es decir:&nbsp;<strong>hay demanda<\/strong>; por lo tanto, creo que&nbsp;<strong>tienen que existir las condiciones para que los pol\u00edticos tengan una oferta dentro de los marcos legales y morales establecidos y acordados.<\/strong><\/p>\n\n\n\n<p>La estrategia de Movimiento Ciudadano ser\u00e1 materia de la pr\u00f3xima columna, pero si me pidieran apostar, les jugar\u00eda cien a que Samuel ser\u00e1 candidato a la Presidencia y dejar\u00e1 a su propuesta de gobernador interino.<\/p>\n\n\n\n<p>POR FEDERICO ARANDA<\/p>\n","protected":false},"excerpt":{"rendered":"<p>Est\u00e1 claro que quienes formamos parte de los&nbsp;procesos pol\u00edticos&nbsp;de cualquier manera, vivimos en un autoenga\u00f1o compartido y normalizado por los partidos, los ciudadanos, los medios y hasta la autoridad electoral&#8230; Vienen los tiempos de intercampa\u00f1a y, como no se respetar\u00e1n tampoco, en la opini\u00f3n de un servidor deber\u00e1n resultar en una profunda reflexi\u00f3n del \u00e1rbitro [&hellip;]<\/p>\n","protected":false},"author":2,"featured_media":124245,"comment_status":"open","ping_status":"open","sticky":false,"template":"","format":"standard","meta":{"footnotes":""},"categories":[62],"tags":[],"class_list":["post-124244","post","type-post","status-publish","format-standard","has-post-thumbnail","hentry","category-opinion"],"_links":{"self":[{"href":"http:\/\/elcuartopoder.com.mx\/nw\/wp-json\/wp\/v2\/posts\/124244","targetHints":{"allow":["GET"]}}],"collection":[{"href":"http:\/\/elcuartopoder.com.mx\/nw\/wp-json\/wp\/v2\/posts"}],"about":[{"href":"http:\/\/elcuartopoder.com.mx\/nw\/wp-json\/wp\/v2\/types\/post"}],"author":[{"embeddable":true,"href":"http:\/\/elcuartopoder.com.mx\/nw\/wp-json\/wp\/v2\/users\/2"}],"replies":[{"embeddable":true,"href":"http:\/\/elcuartopoder.com.mx\/nw\/wp-json\/wp\/v2\/comments?post=124244"}],"version-history":[{"count":1,"href":"http:\/\/elcuartopoder.com.mx\/nw\/wp-json\/wp\/v2\/posts\/124244\/revisions"}],"predecessor-version":[{"id":124246,"href":"http:\/\/elcuartopoder.com.mx\/nw\/wp-json\/wp\/v2\/posts\/124244\/revisions\/124246"}],"wp:featuredmedia":[{"embeddable":true,"href":"http:\/\/elcuartopoder.com.mx\/nw\/wp-json\/wp\/v2\/media\/124245"}],"wp:attachment":[{"href":"http:\/\/elcuartopoder.com.mx\/nw\/wp-json\/wp\/v2\/media?parent=124244"}],"wp:term":[{"taxonomy":"category","embeddable":true,"href":"http:\/\/elcuartopoder.com.mx\/nw\/wp-json\/wp\/v2\/categories?post=124244"},{"taxonomy":"post_tag","embeddable":true,"href":"http:\/\/elcuartopoder.com.mx\/nw\/wp-json\/wp\/v2\/tags?post=124244"}],"curies":[{"name":"wp","href":"https:\/\/api.w.org\/{rel}","templated":true}]}}