{"id":124259,"date":"2023-12-04T09:22:39","date_gmt":"2023-12-04T14:22:39","guid":{"rendered":"http:\/\/elcuartopoder.com.mx\/nw\/?p=124259"},"modified":"2023-12-04T09:22:42","modified_gmt":"2023-12-04T14:22:42","slug":"quinto-ano-de-gobierno-de-amlo-las-fallas-en-las-inauguraciones-de-sus-megaobras","status":"publish","type":"post","link":"http:\/\/elcuartopoder.com.mx\/nw\/politica\/quinto-ano-de-gobierno-de-amlo-las-fallas-en-las-inauguraciones-de-sus-megaobras\/","title":{"rendered":"Quinto a\u00f1o de gobierno de AMLO: Las \u2018fallas\u2019 en las inauguraciones de sus megaobras"},"content":{"rendered":"\n<p>El presidente Andr\u00e9s Manuel L\u00f3pez Obrador celebr\u00f3 sus cinco a\u00f1os de Gobierno con la\u00a0inauguraci\u00f3n del Aeropuerto Internacional Felipe Carrillo Puerto en Tulum, Quintana Roo, este viernes 1 de diciembre, y\u00a0<strong>uno de los detalles que marcaron la apertura del puerto fue que comenz\u00f3 con retrasos\u00a0<\/strong>en vuelos de hasta tres horas.<\/p>\n\n\n\n<p><strong>Cirium, proveedor de informaci\u00f3n sobre vuelos que nutre el estatus que informa Google,<\/strong>\u00a0report\u00f3 poco tiempo antes de la inauguraci\u00f3n del\u00a0Aeropuerto de Tulum que hab\u00edan retrasos en vuelos de hasta tres horas\u00a0en su primer d\u00eda.<\/p>\n\n\n\n<p>Un ejemplo de ello fue el vuelo 592 de Aerom\u00e9xico, ruta que corresponde al\u00a0Aeropuerto Internacional de la Ciudad de M\u00e9xico a Tulum (AICM-Tulum),\u00a0que\u00a0<strong>estaba programado para las 8:30 horas del viernes<\/strong>\u00a0y que sali\u00f3 cerca de tres horas con 25 minutos despu\u00e9s.<\/p>\n\n\n\n<p>Otro de los vuelos retrasados fue el 9360 de&nbsp;<strong>Viva Aerobus que sal\u00eda del Aeropuerto Internacional Felipe \u00c1ngeles (AIFA) a Tulum<\/strong>, mismo que, de acuerdo con Google, tuvo un retraso de cerca de dos horas.<\/p>\n\n\n\n<hr class=\"wp-block-separator\"\/>\n\n\n\n<h2 class=\"wp-block-heading\">\u00bfCu\u00e1les han sido las pol\u00e9micas en las inauguraciones de AMLO?<\/h2>\n\n\n\n<p>En sus cinco a\u00f1os de gobierno, el presidente L\u00f3pez Obrador&nbsp;<strong>ha inaugurado diferentes mega obras que se han caracterizado por que a\u00fan no operan al 100 por ciento<\/strong>&nbsp;de sus capacidades o que presentan ciertos problemas en sus servicios, y estos son algunos ejemplos:<\/p>\n\n\n\n<h3 class=\"wp-block-heading\">AIFA<\/h3>\n\n\n\n<p>El\u00a0Aeropuerto Internacional Felipe \u00c1ngles (AIFA) no lleg\u00f3 solo, ya que con \u00e9l comenz\u00f3 una serie de proyectos de infraestructura\u00a0con el objetivo de que las personas que viven en la Ciudad de M\u00e9xico\u00a0<strong>puedan llegar r\u00e1pidamente a las instalaciones del puero ubicado en Santa Luc\u00eda,<\/strong>\u00a0perteneciente al municipio de Zumpango, en el Estado de M\u00e9xico.<\/p>\n\n\n\n<p>A pesar de que se inaugur\u00f3 el lunes 21 de marzo del a\u00f1o pasado, es hasta la fecha que&nbsp;<strong>ciertas obras como el Tren Suburbano que conectar\u00e1 de Buenavista hasta el AIFA&nbsp;<\/strong>a\u00fan no est\u00e1n concluidas, esto a pesar de que en su informe de gobierno del a\u00f1o pasado, L\u00f3pez Obrador prometi\u00f3 que estar\u00eda listo a finales de 2023.<\/p>\n\n\n\n<p>Desde sus primeros d\u00edas,\u00a0el AIFA fue criticado por los pocos vuelos que tiene, ya que en su primer a\u00f1o apenas tuvo 14 mil 500\u00a0operaciones,\u00a0<strong>una cifra que al AICM le toma 12 d\u00edas en hacer.<\/strong><\/p>\n\n\n\n<p>Otro de los problemas, de acuerdo con expertos, es que hasta la fecha no ha dado un mercado a\u00e9reo atractivo, y&nbsp;<strong>tampoco ha logrado la disminuci\u00f3n en la saturaci\u00f3n del AICM.<\/strong><\/p>\n\n\n\n<h3 class=\"wp-block-heading\">Refiner\u00eda de Dos Bocas<\/h3>\n\n\n\n<p>El\u00a01 de julio del a\u00f1o pasado se inaugur\u00f3 la refiner\u00eda de Dos Bocas, en Tabasco. A pesar del gran evento que tuvo, ese d\u00eda\u00a0<strong>no refin\u00f3 ning\u00fan barril de petr\u00f3leo, y a casi un a\u00f1o y medio sigue sin operar.<\/strong><\/p>\n\n\n\n<p>L\u00f3pez Obrador dijo que en ese entonces hab\u00edan comenzado los trabajos de prueba y que antes de que terminara el<strong>&nbsp;2022 ya comenzar\u00edan las labores de refinaci\u00f3n petrolera; sin embargo, esto no ocurri\u00f3<\/strong>.<\/p>\n\n\n\n<p>Hay expertos que se\u00f1alan que\u00a0la refiner\u00eda de Dos Bocas fue un error, esto debido a que la Secretar\u00eda de Hacienda y Cr\u00e9dito P\u00fablico (SHCP) inform\u00f3 que el precio final del proyecto de L\u00f3pez Obrador ser\u00e1 de\u00a0<strong>entre 16 mil y 17 mil millones de d\u00f3lares, poco m\u00e1s del doble de los 8 mil millones<\/strong>\u00a0que se ten\u00edan contemplados en un principio.<\/p>\n\n\n\n<p>Luis Chavarr\u00eda, CEO de Kepler Oil and Gas, dijo en octubre que\u00a0se espera que el proyecto recupere su inversi\u00f3n en 80 a\u00f1os, cuando es posible\u00a0<strong>que ya no exista el mercado de la gasolina y el diesel<\/strong>.<\/p>\n\n\n\n<h3 class=\"wp-block-heading\">Tren Interurbano<\/h3>\n\n\n\n<p>El 15 de septiembre de este a\u00f1o se inaugur\u00f3 la primera etapa del\u00a0Tren Interurbano, mismo que unir\u00e1 al Valle de Toluca con la Zona Metropolitana del Valle de M\u00e9xico.<\/p>\n\n\n\n<p>La obra, que viene desde el gobierno de Enrique Pe\u00f1a Nieto,<strong>&nbsp;fue abierta parcialmente, ya que solo se inauguraron las estaciones ubicadas en el Valle de Toluca<\/strong>&nbsp;y las de la Ciudad de M\u00e9xico a\u00fan est\u00e1n en construcci\u00f3n.<\/p>\n\n\n\n<p>La pol\u00e9mica que acompa\u00f1a a esta obra son los retrasos,&nbsp;<strong>ya que el mandatario hab\u00eda prometido que funcionar\u00eda en su totalidad antes de que acabara el a\u00f1o<\/strong>; sin embargo, el nuevo pron\u00f3stico es que para el primer trimestre del a\u00f1o terminar\u00e1n las obras y para junio las pruebas del servicio completo.<\/p>\n\n\n\n<h3 class=\"wp-block-heading\">Aeropuerto de Tulum<\/h3>\n\n\n\n<p>El\u00a0Aeropuerto de Tulum es una nueva opci\u00f3n de movilidad a Quintana Roo, estado l\u00edder en turismo a nivel nacional.<\/p>\n\n\n\n<p>Se espera que el aeropuerto brinde m\u00e1s opciones a turistas internacionales;<strong>&nbsp;sin embargo, los retrasos en vuelos procedentes de la Ciudad de M\u00e9xico<\/strong>&nbsp;\u2018mancharon\u2019 su primer d\u00eda.<\/p>\n","protected":false},"excerpt":{"rendered":"<p>El presidente Andr\u00e9s Manuel L\u00f3pez Obrador celebr\u00f3 sus cinco a\u00f1os de Gobierno con la\u00a0inauguraci\u00f3n del Aeropuerto Internacional Felipe Carrillo Puerto en Tulum, Quintana Roo, este viernes 1 de diciembre, y\u00a0uno de los detalles que marcaron la apertura del puerto fue que comenz\u00f3 con retrasos\u00a0en vuelos de hasta tres horas. Cirium, proveedor de informaci\u00f3n sobre vuelos [&hellip;]<\/p>\n","protected":false},"author":2,"featured_media":124260,"comment_status":"open","ping_status":"open","sticky":false,"template":"","format":"standard","meta":{"footnotes":""},"categories":[61],"tags":[],"class_list":["post-124259","post","type-post","status-publish","format-standard","has-post-thumbnail","hentry","category-politica"],"_links":{"self":[{"href":"http:\/\/elcuartopoder.com.mx\/nw\/wp-json\/wp\/v2\/posts\/124259","targetHints":{"allow":["GET"]}}],"collection":[{"href":"http:\/\/elcuartopoder.com.mx\/nw\/wp-json\/wp\/v2\/posts"}],"about":[{"href":"http:\/\/elcuartopoder.com.mx\/nw\/wp-json\/wp\/v2\/types\/post"}],"author":[{"embeddable":true,"href":"http:\/\/elcuartopoder.com.mx\/nw\/wp-json\/wp\/v2\/users\/2"}],"replies":[{"embeddable":true,"href":"http:\/\/elcuartopoder.com.mx\/nw\/wp-json\/wp\/v2\/comments?post=124259"}],"version-history":[{"count":1,"href":"http:\/\/elcuartopoder.com.mx\/nw\/wp-json\/wp\/v2\/posts\/124259\/revisions"}],"predecessor-version":[{"id":124261,"href":"http:\/\/elcuartopoder.com.mx\/nw\/wp-json\/wp\/v2\/posts\/124259\/revisions\/124261"}],"wp:featuredmedia":[{"embeddable":true,"href":"http:\/\/elcuartopoder.com.mx\/nw\/wp-json\/wp\/v2\/media\/124260"}],"wp:attachment":[{"href":"http:\/\/elcuartopoder.com.mx\/nw\/wp-json\/wp\/v2\/media?parent=124259"}],"wp:term":[{"taxonomy":"category","embeddable":true,"href":"http:\/\/elcuartopoder.com.mx\/nw\/wp-json\/wp\/v2\/categories?post=124259"},{"taxonomy":"post_tag","embeddable":true,"href":"http:\/\/elcuartopoder.com.mx\/nw\/wp-json\/wp\/v2\/tags?post=124259"}],"curies":[{"name":"wp","href":"https:\/\/api.w.org\/{rel}","templated":true}]}}