{"id":124312,"date":"2023-12-07T12:19:18","date_gmt":"2023-12-07T17:19:18","guid":{"rendered":"http:\/\/elcuartopoder.com.mx\/nw\/?p=124312"},"modified":"2023-12-07T12:19:20","modified_gmt":"2023-12-07T17:19:20","slug":"dos-profesoras-registran-en-el-parlamento-mas-de-63-000-firmas-para-prohibir-el-uso-de-moviles-en-la-infancia","status":"publish","type":"post","link":"http:\/\/elcuartopoder.com.mx\/nw\/varios\/dos-profesoras-registran-en-el-parlamento-mas-de-63-000-firmas-para-prohibir-el-uso-de-moviles-en-la-infancia\/","title":{"rendered":"Dos profesoras registran en el Parlamento m\u00e1s de 63.000 firmas para prohibir el uso de m\u00f3viles en la infancia"},"content":{"rendered":"\n<p>Las profesoras \u00c1ngela S\u00e1nchez-P\u00e9rez, de Toledo y Natalia Jim\u00e9nez Le\u00f3n, de Barcelona, han registrado casi 63.500 firmas en el Congreso de los Diputados para solicitar que se proh\u00edba el uso de los\u00a0tel\u00e9fonos m\u00f3viles\u00a0en los ni\u00f1os\u00a0<strong>menores de 14 o 16 a\u00f1os<\/strong>.<\/p>\n\n\n\n<p>Las docentes y madres denuncian que el&nbsp;<strong>consumo temprano de m\u00f3viles<\/strong>&nbsp;puede causar en los ni\u00f1os y adolescentes grandes problemas, como falta de atenci\u00f3n y concentraci\u00f3n, problemas de sue\u00f1o, depresi\u00f3n, acoso, sectarismo o problemas alimenticios que pueden derivar en obesidad, por ejemplo.<\/p>\n\n\n\n<p>\u00c1ngela S\u00e1nchez P\u00e9rez, quien ha registrado las firmas en el Congreso, declar\u00f3 a Servimedia que \u00absi el campo tiene un precipicio hay que pens\u00e1rselo\u00bb, en respuesta a las declaraciones de la ministra de Educaci\u00f3n,\u00a0Pilar Alegr\u00eda, que explic\u00f3 que \u00abno se le pueden poner puertas al campo\u00bb, refiri\u00e9ndose al uso de los m\u00f3viles y tecnolog\u00edas por parte de la infancia.<\/p>\n\n\n\n<p>Esta campa\u00f1a, que lleva activa desde el pasado 5 de noviembre en la plataforma Change.org y continuar\u00e1 abierta para toda la ciudadan\u00eda, tiene el objetivo de \u00abproteger a la infancia\u00bb porque \u00ablos menores no est\u00e1n preparados para afrontar todo lo que se genera en los m\u00f3viles y en las redes sociales\u00bb, describi\u00f3 la profesora Natalia Jim\u00e9nez a Servimedia.<\/p>\n\n\n\n<p>S\u00e1nchez se mostr\u00f3 satisfecha porque gracias a su campa\u00f1a \u00abse ha abierto un<strong>&nbsp;debate social&nbsp;<\/strong>en todo el pa\u00eds y ha llegado al Congreso, que es donde se pueden tomar medidas\u00bb. Adem\u00e1s, reiter\u00f3 que \u00aburge legislar el uso de los tel\u00e9fonos en los ni\u00f1os, no solo en el \u00e1mbito escolar, sino en todos los \u00e1mbitos\u00bb.<\/p>\n\n\n\n<p>Por su parte, Jim\u00e9nez detall\u00f3 que observa a diario \u00abla adicci\u00f3n de los adolescentes hacia los dispositivos\u00ab y a\u00f1adi\u00f3 que \u00abrepercute en su concentraci\u00f3n y atenci\u00f3n\u00bb. Cada vez m\u00e1s los adolescentes en el aula \u00abdesconectan\u00bb r\u00e1pidamente si las explicaciones no son muy cortas o si no hay un cambio constante de din\u00e1mica, seg\u00fan explic\u00f3 la profesora.<\/p>\n\n\n\n<p>Estas profesoras indicaron que seguir\u00e1n \u00abluchando por proteger a los ni\u00f1os, que son los mas vulnerables\u00bb y animan a que toda la poblaci\u00f3n reflexione sobre esta cuesti\u00f3n y firme esta iniciativa.<\/p>\n\n\n\n<p>Fuente: ABC<\/p>\n","protected":false},"excerpt":{"rendered":"<p>Las profesoras \u00c1ngela S\u00e1nchez-P\u00e9rez, de Toledo y Natalia Jim\u00e9nez Le\u00f3n, de Barcelona, han registrado casi 63.500 firmas en el Congreso de los Diputados para solicitar que se proh\u00edba el uso de los\u00a0tel\u00e9fonos m\u00f3viles\u00a0en los ni\u00f1os\u00a0menores de 14 o 16 a\u00f1os. Las docentes y madres denuncian que el&nbsp;consumo temprano de m\u00f3viles&nbsp;puede causar en los ni\u00f1os y [&hellip;]<\/p>\n","protected":false},"author":2,"featured_media":124313,"comment_status":"open","ping_status":"open","sticky":false,"template":"","format":"standard","meta":{"footnotes":""},"categories":[64],"tags":[],"class_list":["post-124312","post","type-post","status-publish","format-standard","has-post-thumbnail","hentry","category-varios"],"_links":{"self":[{"href":"http:\/\/elcuartopoder.com.mx\/nw\/wp-json\/wp\/v2\/posts\/124312","targetHints":{"allow":["GET"]}}],"collection":[{"href":"http:\/\/elcuartopoder.com.mx\/nw\/wp-json\/wp\/v2\/posts"}],"about":[{"href":"http:\/\/elcuartopoder.com.mx\/nw\/wp-json\/wp\/v2\/types\/post"}],"author":[{"embeddable":true,"href":"http:\/\/elcuartopoder.com.mx\/nw\/wp-json\/wp\/v2\/users\/2"}],"replies":[{"embeddable":true,"href":"http:\/\/elcuartopoder.com.mx\/nw\/wp-json\/wp\/v2\/comments?post=124312"}],"version-history":[{"count":1,"href":"http:\/\/elcuartopoder.com.mx\/nw\/wp-json\/wp\/v2\/posts\/124312\/revisions"}],"predecessor-version":[{"id":124314,"href":"http:\/\/elcuartopoder.com.mx\/nw\/wp-json\/wp\/v2\/posts\/124312\/revisions\/124314"}],"wp:featuredmedia":[{"embeddable":true,"href":"http:\/\/elcuartopoder.com.mx\/nw\/wp-json\/wp\/v2\/media\/124313"}],"wp:attachment":[{"href":"http:\/\/elcuartopoder.com.mx\/nw\/wp-json\/wp\/v2\/media?parent=124312"}],"wp:term":[{"taxonomy":"category","embeddable":true,"href":"http:\/\/elcuartopoder.com.mx\/nw\/wp-json\/wp\/v2\/categories?post=124312"},{"taxonomy":"post_tag","embeddable":true,"href":"http:\/\/elcuartopoder.com.mx\/nw\/wp-json\/wp\/v2\/tags?post=124312"}],"curies":[{"name":"wp","href":"https:\/\/api.w.org\/{rel}","templated":true}]}}