{"id":124495,"date":"2023-12-13T16:45:45","date_gmt":"2023-12-13T21:45:45","guid":{"rendered":"http:\/\/elcuartopoder.com.mx\/nw\/?p=124495"},"modified":"2023-12-13T16:45:46","modified_gmt":"2023-12-13T21:45:46","slug":"se-temia-que-2023-fuera-de-crisis-pero-termina-mejor-de-lo-previsto","status":"publish","type":"post","link":"http:\/\/elcuartopoder.com.mx\/nw\/opinion\/se-temia-que-2023-fuera-de-crisis-pero-termina-mejor-de-lo-previsto\/","title":{"rendered":"Se tem\u00eda que 2023 fuera de crisis, pero termina mejor de lo previsto"},"content":{"rendered":"\n<p>El a\u00f1o que finaliza inici\u00f3 con negros presagios, ya que la econom\u00eda global, al igual que la nacional, sal\u00eda muy debilitada de la fort\u00edsima crisis provocada por la aparici\u00f3n del Covid-19 y hab\u00eda una invasi\u00f3n rusa en Ucrania, que elev\u00f3 de manera dr\u00e1stica los precios del petr\u00f3leo, del gas y de los granos, los cuales llegaban a niveles no vistos en las \u00faltimas d\u00e9cadas. Por su parte, las tasas de inter\u00e9s subieron hasta 4.0 por ciento y se esperaba que siguieran increment\u00e1ndose para poder controlar la inflaci\u00f3n, que alcanzaba niveles de dos d\u00edgitos en varios de los pa\u00edses desarrollados.<\/p>\n\n\n\n<p>Los diferentes bancos centrales del mundo utilizaban el incremento en las tasas de inter\u00e9s para poder detener el crecimiento de la demanda en las econom\u00edas y por consiguiente frenar el aumento en los precios. Se pensaba que esto provocar\u00eda una ca\u00edda en la actividad productiva en los distintos pa\u00edses y la discusi\u00f3n era si se tendr\u00eda una recesi\u00f3n severa (\u201c<em>hard-landing<\/em>\u201d) o una desaceleraci\u00f3n paulatina (\u201c<em>soft-landing<\/em>\u201d) en 2023.<\/p>\n\n\n\n<p>Todo lo anterior indicaba que era inevitable una recesi\u00f3n en la mayor\u00eda de los pa\u00edses desarrollados, lo cual contaminar\u00eda al resto de las naciones. Para M\u00e9xico se esperaba hace doce meses que la situaci\u00f3n econ\u00f3mica en el a\u00f1o que finaliza fuera de debilidad econ\u00f3mica, con un crecimiento ligeramente superior al 1.0 por ciento, aunque varias instituciones incluso pronosticaban un nulo incremento del PIB; que la inflaci\u00f3n fuera superior al 5.0 por ciento, que la tasa de inter\u00e9s interbancaria estuviera en 10.0 por ciento, con un crecimiento de empleos formales menor al medio mill\u00f3n y el tipo de cambio estuviera cerca de 21 pesos por un d\u00f3lar.<\/p>\n\n\n\n<p>Conforme pasaban los meses se pospon\u00eda la fecha en que se tendr\u00eda la recesi\u00f3n e incluso se lleg\u00f3 a pensar que las tasas de inter\u00e9s podr\u00edan empezar a bajar, ya que las tasas de inflaci\u00f3n empezaron a reducirse en la mayor\u00eda de los pa\u00edses desarrollados. Hay que enfatizar que el control de los precios fue la ca\u00edda en el precio de los energ\u00e9ticos y de los granos, con su impacto en el resto de los sectores, m\u00e1s que la reducci\u00f3n en la demanda. Esto propici\u00f3 que los distintos mercados burs\u00e1tiles tuvieran importantes crecimientos esperando que las tasas de inter\u00e9s iniciaran una paulatina reducci\u00f3n en cualquier momento.<\/p>\n\n\n\n<p>Los datos a dos semanas de que termine el a\u00f1o muestran una situaci\u00f3n mucho mejor de la pronosticada hace doce meses para M\u00e9xico. Por un lado, el crecimiento del PIB ser\u00e1 superior al doble del pron\u00f3stico, situ\u00e1ndose cerca el 3.5 por ciento, aunque el PIB per c\u00e1pita todav\u00eda tendr\u00e1 un nivel inferior al que ten\u00eda al inicio del actual sexenio; por su parte el tipo de cambio estar\u00e1 casi 20 por ciento m\u00e1s fuerte de lo previsto, alrededor de 18 pesos por un d\u00f3lar y la creaci\u00f3n de empleos formales ser\u00e1 superior en un 70 por ciento al previsto, ya que ser\u00e1n cerca de 700 mil nuevos empleos. Todo esto a pesar de que la tasa de inter\u00e9s de referencia ser\u00e1 de 11.25 por ciento.<\/p>\n\n\n\n<p>Habr\u00eda que enfatizar que la situaci\u00f3n en los Estados Unidos todav\u00eda es de un importante desequilibrio macroecon\u00f3mico, ya que se espera que el d\u00e9ficit fiscal se mantenga en niveles cercanos al 8.0 por ciento del PIB, menor al que se prev\u00e9 para nuestro pa\u00eds.&nbsp; Esto fortalece al peso mexicano con relaci\u00f3n al d\u00f3lar, pero no frente a las dem\u00e1s monedas.<\/p>\n\n\n\n<p>El pr\u00f3ximo a\u00f1o ser\u00e1 complicado en ambas naciones porque se tendr\u00e1n elecciones presidenciales, lo que dificultar\u00e1 realizar programas de ajuste. Por lo mismo, se espera que se mantendr\u00e1n pol\u00edticas expansivas en ambos pa\u00edses.<\/p>\n\n\n\n<p>Fuente: elfinanciero<\/p>\n","protected":false},"excerpt":{"rendered":"<p>El a\u00f1o que finaliza inici\u00f3 con negros presagios, ya que la econom\u00eda global, al igual que la nacional, sal\u00eda muy debilitada de la fort\u00edsima crisis provocada por la aparici\u00f3n del Covid-19 y hab\u00eda una invasi\u00f3n rusa en Ucrania, que elev\u00f3 de manera dr\u00e1stica los precios del petr\u00f3leo, del gas y de los granos, los cuales [&hellip;]<\/p>\n","protected":false},"author":2,"featured_media":124496,"comment_status":"open","ping_status":"open","sticky":false,"template":"","format":"standard","meta":{"footnotes":""},"categories":[62],"tags":[],"class_list":["post-124495","post","type-post","status-publish","format-standard","has-post-thumbnail","hentry","category-opinion"],"_links":{"self":[{"href":"http:\/\/elcuartopoder.com.mx\/nw\/wp-json\/wp\/v2\/posts\/124495","targetHints":{"allow":["GET"]}}],"collection":[{"href":"http:\/\/elcuartopoder.com.mx\/nw\/wp-json\/wp\/v2\/posts"}],"about":[{"href":"http:\/\/elcuartopoder.com.mx\/nw\/wp-json\/wp\/v2\/types\/post"}],"author":[{"embeddable":true,"href":"http:\/\/elcuartopoder.com.mx\/nw\/wp-json\/wp\/v2\/users\/2"}],"replies":[{"embeddable":true,"href":"http:\/\/elcuartopoder.com.mx\/nw\/wp-json\/wp\/v2\/comments?post=124495"}],"version-history":[{"count":1,"href":"http:\/\/elcuartopoder.com.mx\/nw\/wp-json\/wp\/v2\/posts\/124495\/revisions"}],"predecessor-version":[{"id":124497,"href":"http:\/\/elcuartopoder.com.mx\/nw\/wp-json\/wp\/v2\/posts\/124495\/revisions\/124497"}],"wp:featuredmedia":[{"embeddable":true,"href":"http:\/\/elcuartopoder.com.mx\/nw\/wp-json\/wp\/v2\/media\/124496"}],"wp:attachment":[{"href":"http:\/\/elcuartopoder.com.mx\/nw\/wp-json\/wp\/v2\/media?parent=124495"}],"wp:term":[{"taxonomy":"category","embeddable":true,"href":"http:\/\/elcuartopoder.com.mx\/nw\/wp-json\/wp\/v2\/categories?post=124495"},{"taxonomy":"post_tag","embeddable":true,"href":"http:\/\/elcuartopoder.com.mx\/nw\/wp-json\/wp\/v2\/tags?post=124495"}],"curies":[{"name":"wp","href":"https:\/\/api.w.org\/{rel}","templated":true}]}}