{"id":124692,"date":"2023-12-21T17:47:03","date_gmt":"2023-12-21T22:47:03","guid":{"rendered":"http:\/\/elcuartopoder.com.mx\/nw\/?p=124692"},"modified":"2023-12-21T17:47:07","modified_gmt":"2023-12-21T22:47:07","slug":"felipe-carrillo-puerto-causa-temor-explosiones-por-obras-del-tren-maya","status":"publish","type":"post","link":"http:\/\/elcuartopoder.com.mx\/nw\/municipales\/felipe-carrillo-puerto-causa-temor-explosiones-por-obras-del-tren-maya\/","title":{"rendered":"Felipe Carrillo Puerto: Causa temor explosiones por obras del Tren Maya"},"content":{"rendered":"\n<p>Habitantes de&nbsp;<strong>Felipe Carrillo Puerto<\/strong>&nbsp;en los \u00faltimos meses se han quedado con la incertidumbre ante fuertes estruendos que se registran por los trabajos del<strong>&nbsp;Tren Maya<\/strong>&nbsp;y temen de alguna afectaci\u00f3n en sus viviendas.<\/p>\n\n\n\n<p><strong>\u00c1ngel Sulub Hern\u00e1ndez<\/strong>, jefe de la coordinaci\u00f3n de Protecci\u00f3n Civil en el municipio, afirm\u00f3 que si han tenido reportes de ciudadanos, quienes han llegado al \u00e1rea a manifestar la situaci\u00f3n, al desconocer de que se trate, sobre todo porque son fuerte y en momento se registran vibraciones.<\/p>\n\n\n\n<blockquote class=\"wp-block-quote is-layout-flow wp-block-quote-is-layout-flow\"><p><em>\u201cHemos tenido varios reportes de los estruendos que se registran casi a diario, hay algunos quienes se asustan por lo fuerte que se escucha, otros han reportado vibraciones, sobre todo quienes viven cerca de donde se construyen estas megaobras, su temor es que se da\u00f1en sus viviendas o se expongan a alg\u00fan peligro\u201d<\/em>.<\/p><\/blockquote>\n\n\n\n<p>A\u00f1adi\u00f3 que las explosiones provienen de las detonaciones<strong>&nbsp;controladas en los bancos de material p\u00e9treo<\/strong>&nbsp;que se encuentran por la zona para la extracci\u00f3n del recurso, el cual se utiliza para la construcci\u00f3n de las v\u00edas ferroviarias y se seguir\u00e1n escuchando, hasta que se concluyan los trabajos.<\/p>\n\n\n\n<p>Expres\u00f3 que tales operaciones cuentan con la supervisi\u00f3n de la&nbsp;<strong>Secretar\u00eda de la Defensa Nacional<\/strong>&nbsp;(Sedena), entidad encargada del manejo de explosivos en obras federales, no tienen tanta injerencia, m\u00e1s que la recomendaci\u00f3n preventiva a los ciudadanos, para que no pierdan la calma.<\/p>\n\n\n\n<blockquote class=\"wp-block-quote is-layout-flow wp-block-quote-is-layout-flow\"><p><em>\u201cLa direcci\u00f3n de Protecci\u00f3n Civil, aunque no tiene jurisdicci\u00f3n directa sobre el uso de explosivos, emite recomendaciones para garantizar la seguridad de la poblaci\u00f3n. Es responsabilidad de la Sedena cumplir con todas las medidas de seguridad establecidas durante las detonaciones\u201d<\/em>.<\/p><\/blockquote>\n\n\n\n<p>Afirm\u00f3 que hasta el momento, la coordinaci\u00f3n de<strong>&nbsp;Protecci\u00f3n Civil no ha recibido informes de da\u00f1os<\/strong>&nbsp;ocasionados por estas actividades.<\/p>\n\n\n\n<p>En caso de que la ciudadan\u00eda experimente da\u00f1os en sus propiedades, se insta a realizar reportes correspondientes para evaluar y determinar las posibles consecuencias de las detonaciones.<\/p>\n\n\n\n<p>Fuente: SIPSE<\/p>\n","protected":false},"excerpt":{"rendered":"<p>Habitantes de&nbsp;Felipe Carrillo Puerto&nbsp;en los \u00faltimos meses se han quedado con la incertidumbre ante fuertes estruendos que se registran por los trabajos del&nbsp;Tren Maya&nbsp;y temen de alguna afectaci\u00f3n en sus viviendas. \u00c1ngel Sulub Hern\u00e1ndez, jefe de la coordinaci\u00f3n de Protecci\u00f3n Civil en el municipio, afirm\u00f3 que si han tenido reportes de ciudadanos, quienes han llegado [&hellip;]<\/p>\n","protected":false},"author":2,"featured_media":124693,"comment_status":"open","ping_status":"open","sticky":false,"template":"","format":"standard","meta":{"footnotes":""},"categories":[6],"tags":[],"class_list":["post-124692","post","type-post","status-publish","format-standard","has-post-thumbnail","hentry","category-municipales"],"_links":{"self":[{"href":"http:\/\/elcuartopoder.com.mx\/nw\/wp-json\/wp\/v2\/posts\/124692","targetHints":{"allow":["GET"]}}],"collection":[{"href":"http:\/\/elcuartopoder.com.mx\/nw\/wp-json\/wp\/v2\/posts"}],"about":[{"href":"http:\/\/elcuartopoder.com.mx\/nw\/wp-json\/wp\/v2\/types\/post"}],"author":[{"embeddable":true,"href":"http:\/\/elcuartopoder.com.mx\/nw\/wp-json\/wp\/v2\/users\/2"}],"replies":[{"embeddable":true,"href":"http:\/\/elcuartopoder.com.mx\/nw\/wp-json\/wp\/v2\/comments?post=124692"}],"version-history":[{"count":1,"href":"http:\/\/elcuartopoder.com.mx\/nw\/wp-json\/wp\/v2\/posts\/124692\/revisions"}],"predecessor-version":[{"id":124694,"href":"http:\/\/elcuartopoder.com.mx\/nw\/wp-json\/wp\/v2\/posts\/124692\/revisions\/124694"}],"wp:featuredmedia":[{"embeddable":true,"href":"http:\/\/elcuartopoder.com.mx\/nw\/wp-json\/wp\/v2\/media\/124693"}],"wp:attachment":[{"href":"http:\/\/elcuartopoder.com.mx\/nw\/wp-json\/wp\/v2\/media?parent=124692"}],"wp:term":[{"taxonomy":"category","embeddable":true,"href":"http:\/\/elcuartopoder.com.mx\/nw\/wp-json\/wp\/v2\/categories?post=124692"},{"taxonomy":"post_tag","embeddable":true,"href":"http:\/\/elcuartopoder.com.mx\/nw\/wp-json\/wp\/v2\/tags?post=124692"}],"curies":[{"name":"wp","href":"https:\/\/api.w.org\/{rel}","templated":true}]}}