{"id":124695,"date":"2023-12-21T17:50:34","date_gmt":"2023-12-21T22:50:34","guid":{"rendered":"http:\/\/elcuartopoder.com.mx\/nw\/?p=124695"},"modified":"2023-12-21T17:50:37","modified_gmt":"2023-12-21T22:50:37","slug":"no-pinta-bien-el-2024-dani-alves-enfrentara-batalla-legal-por-agresion","status":"publish","type":"post","link":"http:\/\/elcuartopoder.com.mx\/nw\/entretenimiento\/deportes\/no-pinta-bien-el-2024-dani-alves-enfrentara-batalla-legal-por-agresion\/","title":{"rendered":"\u00a1No pinta bien el 2024! Dani Alves enfrentar\u00e1 batalla legal por agresi\u00f3n"},"content":{"rendered":"\n<p>El 2024 no pinta bien para&nbsp;<strong>Dani Alves<\/strong>, su defensa no encuentra el camino para librarlo de pasar varios a\u00f1os en la c\u00e1rcel y su ex esposa inici\u00f3 una batalla legal para pelear por los bienes del jugador.<\/p>\n\n\n\n<p>Despu\u00e9s de varias negativas de la Fiscal\u00eda para permitirle enfrentar el proceso en libertad condicional, s\u00f3lo le&nbsp;<strong>resta esperar fechas y los \u00faltimos alegatos para enfilarse a conocer su destino<\/strong>, fuentes cercanas al proceso estimaron que la \u00faltima semana de febrero se estar\u00eda definiendo su culpabilidad o inocencia.<\/p>\n\n\n\n<p>El\u00a0<strong>20 de enero se cumplir\u00e1 un a\u00f1o del arresto del jugador brasile\u00f1o\u00a0<\/strong>que enfrenta una acusaci\u00f3n por agresi\u00f3n sexual con penetraci\u00f3n.<\/p>\n\n\n\n<p>Alves cambi\u00f3 su declaraci\u00f3n m\u00e1s de tres veces y esto complic\u00f3 su situaci\u00f3n legal, pues pas\u00f3 de asegurar que no conoc\u00eda a la mujer que lo denunci\u00f3 por violentarla la noche del 30 de diciembre en la<strong>&nbsp;discoteca Sutton de Barcelona<\/strong>&nbsp;hasta finalmente reconocer que tuvieron relaciones intimas, aunque el ex jugador de Pumas se defendi\u00f3 argumentando que fueron consensuadas.<\/p>\n\n\n\n<p>El multicampe\u00f3n fue internado en el&nbsp;<strong>Centro Penitenciario Brian II<\/strong>&nbsp;despu\u00e9s de realizar su primera declaraci\u00f3n, desde ese momento fue detenido y a lo largo de un a\u00f1o cambi\u00f3 de abogado en tres ocasiones.<\/p>\n\n\n\n<p><strong>Crist\u00f3bal Martell<\/strong>, uno de los letrados m\u00e1s prestigiados de Espa\u00f1a, y que lleg\u00f3 a defender a Leo Messi y Neymar Jr. por diversos casos ante Hacienda fue quien llev\u00f3 la defensa del multicampe\u00f3n por casi 6 meses, solo que no logr\u00f3 avances, pues mientras la mujer mantuvo su declaraci\u00f3n y present\u00f3 varias pruebas m\u00e9dicas y psicol\u00f3gicas, el futbolista se enred\u00f3 en sus diferentes exposiciones del tema.<\/p>\n\n\n\n<p>In\u00e9s Guardiola, experta en derecho penal, tom\u00f3 la defensa de&nbsp;<strong>Alves&nbsp;<\/strong>en noviembre y a pesar de los diferentes alegatos que present\u00f3, por tercera ocasi\u00f3n se le neg\u00f3 la prisi\u00f3n domiciliaria, incluso trascendi\u00f3 que la<strong>&nbsp;Fiscal\u00eda pedir\u00e1 9 a\u00f1os de c\u00e1rcel en caso de que resulte culpable<\/strong>.<\/p>\n\n\n\n<p>La joven que denunci\u00f3 al<strong>\u00a0ex jugador cul\u00e9<\/strong>, hace unos d\u00edas rechaz\u00f3 someterse a un examen psicol\u00f3gico con un experto contratado por la defensa. La abogada Guardiola quiere demostrar que la mujer sufre distorsi\u00f3n narrativa y que la situaciones que relata no son compatibles con una violaci\u00f3n.<\/p>\n\n\n\n<h2 class=\"wp-block-heading\">Joana y Dinorah se pelean por los bienes<\/h2>\n\n\n\n<p><strong>Dinorah Santana<\/strong>, ex esposa de<strong>&nbsp;Dani Alves<\/strong>&nbsp;y quien fungiera como promotora de su carrera, a finales de noviembre hizo p\u00fablica su ruptura con el brasile\u00f1o a pesar de haberle dado su respaldo cuando lo enviaron a la c\u00e1rcel.<\/p>\n\n\n\n<p>Santana declar\u00f3 que el da\u00f1o moral que le hizo a los dos hijos que procrearon la tiene molesta, adem\u00e1s de que est\u00e1 peleando por administrar la fortuna del jugador y recuperar el manejo de varias propiedades, incluida la casa donde vivieron cuando fueron pareja.<\/p>\n\n\n\n<p>En junio de ese a\u00f1o, el futbolista le quit\u00f3 los poderes a su ex esposa y se los cedi\u00f3 a su todav\u00eda pareja,<strong>&nbsp;Joana Sanz quien a pesar se declarar p\u00fablicamente que estaba dolida por la traici\u00f3n&nbsp;<\/strong>y que pedir\u00eda el divorcio, en noviembre se retract\u00f3.<\/p>\n\n\n\n<p>Joana se mud\u00f3 a la casa donde vivieron Santana y Alves, ha estado realizando los pagos de mantenimiento y servicios, pues tiene una carta donde el ex futbolista del Barsa, prometi\u00f3 devolverle el dinero cuando finalice su proceso.<\/p>\n\n\n\n<p>Con informaci\u00f3n de&nbsp;<strong>Reforma<\/strong>.<\/p>\n","protected":false},"excerpt":{"rendered":"<p>El 2024 no pinta bien para&nbsp;Dani Alves, su defensa no encuentra el camino para librarlo de pasar varios a\u00f1os en la c\u00e1rcel y su ex esposa inici\u00f3 una batalla legal para pelear por los bienes del jugador. Despu\u00e9s de varias negativas de la Fiscal\u00eda para permitirle enfrentar el proceso en libertad condicional, s\u00f3lo le&nbsp;resta esperar [&hellip;]<\/p>\n","protected":false},"author":2,"featured_media":124696,"comment_status":"open","ping_status":"open","sticky":false,"template":"","format":"standard","meta":{"footnotes":""},"categories":[7],"tags":[],"class_list":["post-124695","post","type-post","status-publish","format-standard","has-post-thumbnail","hentry","category-deportes"],"_links":{"self":[{"href":"http:\/\/elcuartopoder.com.mx\/nw\/wp-json\/wp\/v2\/posts\/124695","targetHints":{"allow":["GET"]}}],"collection":[{"href":"http:\/\/elcuartopoder.com.mx\/nw\/wp-json\/wp\/v2\/posts"}],"about":[{"href":"http:\/\/elcuartopoder.com.mx\/nw\/wp-json\/wp\/v2\/types\/post"}],"author":[{"embeddable":true,"href":"http:\/\/elcuartopoder.com.mx\/nw\/wp-json\/wp\/v2\/users\/2"}],"replies":[{"embeddable":true,"href":"http:\/\/elcuartopoder.com.mx\/nw\/wp-json\/wp\/v2\/comments?post=124695"}],"version-history":[{"count":1,"href":"http:\/\/elcuartopoder.com.mx\/nw\/wp-json\/wp\/v2\/posts\/124695\/revisions"}],"predecessor-version":[{"id":124697,"href":"http:\/\/elcuartopoder.com.mx\/nw\/wp-json\/wp\/v2\/posts\/124695\/revisions\/124697"}],"wp:featuredmedia":[{"embeddable":true,"href":"http:\/\/elcuartopoder.com.mx\/nw\/wp-json\/wp\/v2\/media\/124696"}],"wp:attachment":[{"href":"http:\/\/elcuartopoder.com.mx\/nw\/wp-json\/wp\/v2\/media?parent=124695"}],"wp:term":[{"taxonomy":"category","embeddable":true,"href":"http:\/\/elcuartopoder.com.mx\/nw\/wp-json\/wp\/v2\/categories?post=124695"},{"taxonomy":"post_tag","embeddable":true,"href":"http:\/\/elcuartopoder.com.mx\/nw\/wp-json\/wp\/v2\/tags?post=124695"}],"curies":[{"name":"wp","href":"https:\/\/api.w.org\/{rel}","templated":true}]}}