{"id":124717,"date":"2023-12-22T17:28:34","date_gmt":"2023-12-22T22:28:34","guid":{"rendered":"http:\/\/elcuartopoder.com.mx\/nw\/?p=124717"},"modified":"2023-12-22T17:28:38","modified_gmt":"2023-12-22T22:28:38","slug":"las-maromas-de-la-transformacion","status":"publish","type":"post","link":"http:\/\/elcuartopoder.com.mx\/nw\/nacionales\/las-maromas-de-la-transformacion\/","title":{"rendered":"Las maromas de la transformaci\u00f3n"},"content":{"rendered":"\n<p>Todo el d\u00eda dio maromas&nbsp;<strong>Citlalli Hern\u00e1ndez<\/strong>, secretaria de Morena, para justificar el ingreso de<strong>&nbsp;Eruviel \u00c1vila&nbsp;<\/strong>y otros destacados expriistas a su partido despu\u00e9s de volverse viral un tuit suyo de hace dos a\u00f1os donde exhibe su desprecio por el exgobernador del Estado de M\u00e9xico al que implic\u00f3 en la prostituci\u00f3n de la pol\u00edtica, impunidad y abuso.<\/p>\n\n\n\n<p>\u201cYo mantengo mis dichos sobre pol\u00edticos y su actuar y, adem\u00e1s reitero que el PAN CDMX est\u00e1 utilizando toda la estructura criminal de&nbsp;<strong>Guti\u00e9rrez de la Torre<\/strong>&nbsp;para la campa\u00f1a de&nbsp;<strong>Santiago Taboada<\/strong>&nbsp;(candidato a jefe de gobierno del Frente). A ti s\u00ed que te gustar\u00e1 tragar sapos&nbsp;<strong>Alessandra Rojo de la Vega<\/strong>&nbsp;porque de eso no dices nada. Yo no soy hip\u00f3crita ni cambio de dichos pasados aunque la circunstancias cambien. Eruviel y otros pol\u00edticos m\u00e1s decidieron sumarse a nuestro proyecto<strong>&nbsp;presidencial para 2024<\/strong>&nbsp;porque para transformar este pa\u00eds y no volver al pasado, m\u00e1s y m\u00e1s personas se sumar\u00e1n. Esto no significa trato especial ni dejar de sostener mis posicionamientos de la coyuntura pol\u00edtica desde hace varios a\u00f1os\u201d.<\/p>\n\n\n\n<p>No hay dignidad en ninguna de las l\u00edneas ni de los implicados salpicados. El escrito de&nbsp;<strong>Citlalli<\/strong>&nbsp;Hern\u00e1ndez&nbsp;en respuesta a la cr\u00edtica de&nbsp;<strong>Rojo de la Vega<\/strong>, cercana al&nbsp;<strong>PAN<\/strong>, debe ser tomado como un monumento a la incongruencia y a los principios de todos los actores mencionados destacando el de la secretaria del partido guinda porque en un p\u00e1rrafo nos obsequia el retrato de la configuraci\u00f3n de la clase pol\u00edtica nacional siendo protagonista, as\u00ed como de los verdaderos intereses de los l\u00edderes o grupos sin importar colores ni partidos.<\/p>\n\n\n\n<p>Seg\u00fan ella sigue pensando como cuando escribi\u00f3 el texto del a\u00f1o 2017 dedicado a \u00c1vila, quien a su vez opinaba de&nbsp;<strong>Claudia Sheinbaum&nbsp;<\/strong>que la respetaba como mujer, pero sosten\u00eda que no estaba capacitada para ocupar un cargo p\u00fablico. Los intereses personales, sin embargo, cambian, las viejas relaciones se rompen por inter\u00e9s propios. El deseo de seguir en el poder pol\u00edtico mueve los pensamientos, los ideales y codifica como salvamento los conceptos, la teor\u00eda pol\u00edtica -si se cuenta con ello- para pactar acuerdos nuevos olvidando todos los resabios de con qui\u00e9n se hagan.<\/p>\n\n\n\n<p>Pero \u00bfpor qu\u00e9 es importante para\u00a0<strong>Eruviel \u00c1vila<\/strong>\u00a0y\u00a0<strong>Morena<\/strong>\u00a0llevar una asociaci\u00f3n pol\u00edtica de cara al 2024? Nos guste o no porque y sin glorificarlo, pero ateni\u00e9ndose a los resultados y datos duros, el expriista del\u00a0<strong>Estado de M\u00e9xico<\/strong>\u00a0es en t\u00e9rminos maquiav\u00e9licos un buen operador abajo, de tierra, que teje, y arriba acuerda. No por nada es el ganador con m\u00e1s votos en la historia de la entidad mexiquense al conseguir m\u00e1s de tres millones. Triunfos cuestionamos por la forma de operar s\u00ed, pero efectivo y ya lo est\u00e1 haciendo jalando priistas a la 4T vestidos de PVEM o de Morena, eso es lo que hace a\u00a0<strong>Citlalli Hern\u00e1ndez\u00a0<\/strong>seguir dando maromas con explicaciones que disparan el obturador para retratar nuestro sistema pol\u00edtico. Eso mientras espera la normalizaci\u00f3n de la situaci\u00f3n y al tiempo que sus nuevos fichajes se purifican en la medida de sus resultados.<\/p>\n\n\n\n<p>Fuente: heraldodemexico<\/p>\n","protected":false},"excerpt":{"rendered":"<p>Todo el d\u00eda dio maromas&nbsp;Citlalli Hern\u00e1ndez, secretaria de Morena, para justificar el ingreso de&nbsp;Eruviel \u00c1vila&nbsp;y otros destacados expriistas a su partido despu\u00e9s de volverse viral un tuit suyo de hace dos a\u00f1os donde exhibe su desprecio por el exgobernador del Estado de M\u00e9xico al que implic\u00f3 en la prostituci\u00f3n de la pol\u00edtica, impunidad y abuso. [&hellip;]<\/p>\n","protected":false},"author":2,"featured_media":124718,"comment_status":"open","ping_status":"open","sticky":false,"template":"","format":"standard","meta":{"footnotes":""},"categories":[55],"tags":[],"class_list":["post-124717","post","type-post","status-publish","format-standard","has-post-thumbnail","hentry","category-nacionales"],"_links":{"self":[{"href":"http:\/\/elcuartopoder.com.mx\/nw\/wp-json\/wp\/v2\/posts\/124717","targetHints":{"allow":["GET"]}}],"collection":[{"href":"http:\/\/elcuartopoder.com.mx\/nw\/wp-json\/wp\/v2\/posts"}],"about":[{"href":"http:\/\/elcuartopoder.com.mx\/nw\/wp-json\/wp\/v2\/types\/post"}],"author":[{"embeddable":true,"href":"http:\/\/elcuartopoder.com.mx\/nw\/wp-json\/wp\/v2\/users\/2"}],"replies":[{"embeddable":true,"href":"http:\/\/elcuartopoder.com.mx\/nw\/wp-json\/wp\/v2\/comments?post=124717"}],"version-history":[{"count":1,"href":"http:\/\/elcuartopoder.com.mx\/nw\/wp-json\/wp\/v2\/posts\/124717\/revisions"}],"predecessor-version":[{"id":124719,"href":"http:\/\/elcuartopoder.com.mx\/nw\/wp-json\/wp\/v2\/posts\/124717\/revisions\/124719"}],"wp:featuredmedia":[{"embeddable":true,"href":"http:\/\/elcuartopoder.com.mx\/nw\/wp-json\/wp\/v2\/media\/124718"}],"wp:attachment":[{"href":"http:\/\/elcuartopoder.com.mx\/nw\/wp-json\/wp\/v2\/media?parent=124717"}],"wp:term":[{"taxonomy":"category","embeddable":true,"href":"http:\/\/elcuartopoder.com.mx\/nw\/wp-json\/wp\/v2\/categories?post=124717"},{"taxonomy":"post_tag","embeddable":true,"href":"http:\/\/elcuartopoder.com.mx\/nw\/wp-json\/wp\/v2\/tags?post=124717"}],"curies":[{"name":"wp","href":"https:\/\/api.w.org\/{rel}","templated":true}]}}