{"id":124723,"date":"2023-12-23T10:11:07","date_gmt":"2023-12-23T15:11:07","guid":{"rendered":"http:\/\/elcuartopoder.com.mx\/nw\/?p=124723"},"modified":"2023-12-23T10:11:10","modified_gmt":"2023-12-23T15:11:10","slug":"avanza-demanda-de-spencer-elden-contra-nirvana-por-portada-de-nevermind","status":"publish","type":"post","link":"http:\/\/elcuartopoder.com.mx\/nw\/entretenimiento\/espectaculos\/avanza-demanda-de-spencer-elden-contra-nirvana-por-portada-de-nevermind\/","title":{"rendered":"Avanza demanda de Spencer Elden contra Nirvana por portada de \u2018Nevermind\u2019"},"content":{"rendered":"\n<p>La portada del disco&nbsp;<strong>\u2018Nevermind\u2019<\/strong>&nbsp;de Nirvana, pas\u00f3 a la historia como una de las m\u00e1s ic\u00f3nicas del mundo musical, gracias a la imagen de un beb\u00e9 sin ropa flotando en una piscina, en compa\u00f1\u00eda de un billete de un d\u00f3lar.<\/p>\n\n\n\n<p>Sin embargo, d\u00e9cadas despu\u00e9s de su lanzamiento y tras una complicada batalla,&nbsp;<strong>Spencer Elden<\/strong>, conocido por ser el infante de la portada, logr\u00f3 un peque\u00f1o triunfo legal frente a la banda.<\/p>\n\n\n\n<p>La Corte de Apelaciones del Noveno Circuito de Estados Unidos dictamin\u00f3 que Elden puede&nbsp;<strong>continuar con su demanda contra la banda<\/strong>&nbsp;luego de que el a\u00f1o pasado un tribunal de distrito de California la desestimara.<\/p>\n\n\n\n<p>En agosto de 2021, present\u00f3 una demanda contra Krist Novoselic y Dave Grohl, quienes fueron miembros de la ya desaparecida banda y Courtney Love, en representaci\u00f3n del legado de Kurt Cobain, con quien estuvo casada.<\/p>\n\n\n\n<p>Tambi\u00e9n incluy\u00f3 en la demanda a Universal Music Group, Geffen Records, el fot\u00f3grafo Kirk Weddle y otros involucrados.&nbsp;<\/p>\n\n\n\n<p>Elden levant\u00f3 la demanda por el uso de la imagen de un beb\u00e9 de cuatro meses en estado de desnudez.<\/p>\n\n\n\n<h2 class=\"wp-block-heading\">Quiere un cambio de portada y dinero<\/h2>\n\n\n\n<p>TMZ menciona que Spencer Elden exige una&nbsp;<strong>compensaci\u00f3n monetaria&nbsp;<\/strong>y el&nbsp;<strong>reemplazo de la portada<\/strong>&nbsp;en todos los relanzamientos futuros de Nevermind, alegando que fue \u00abextensamente explotado por los demandados, conscientes de que poseyeron, transportaron, reprodujeron, publicitaron, promovieron, presentaron, distribuyeron, proporcionaron y obtuvieron pornograf\u00eda infantil comercial que (me) representaba\u00bb.<\/p>\n\n\n\n<p>Un extracto del nuevo fallo, presentado ayer, se\u00f1ala que el tribunal de apelaciones revoc\u00f3 la decisi\u00f3n del tribunal de distrito \u00abporque cada reedici\u00f3n de pornograf\u00eda infantil puede constituir una nueva agresi\u00f3n personal\u00bb.<\/p>\n\n\n\n<p>Nirvana y los dem\u00e1s demandados presentaron una&nbsp;<strong>moci\u00f3n de desestimaci\u00f3n<\/strong>&nbsp;en diciembre de 2021, argumentando que la denuncia \u00abno era grave\u00bb y que Elden \u00abpas\u00f3 tres d\u00e9cadas benefici\u00e1ndose de su fama como autoproclamado &#8216;Nirvana Baby'\u00bb; la demanda fue desestimada despu\u00e9s.<\/p>\n\n\n\n<p><em>Con informaci\u00f3n de Reforma y TMZ<\/em><\/p>\n","protected":false},"excerpt":{"rendered":"<p>La portada del disco&nbsp;\u2018Nevermind\u2019&nbsp;de Nirvana, pas\u00f3 a la historia como una de las m\u00e1s ic\u00f3nicas del mundo musical, gracias a la imagen de un beb\u00e9 sin ropa flotando en una piscina, en compa\u00f1\u00eda de un billete de un d\u00f3lar. Sin embargo, d\u00e9cadas despu\u00e9s de su lanzamiento y tras una complicada batalla,&nbsp;Spencer Elden, conocido por ser [&hellip;]<\/p>\n","protected":false},"author":2,"featured_media":124724,"comment_status":"open","ping_status":"open","sticky":false,"template":"","format":"standard","meta":{"footnotes":""},"categories":[11],"tags":[],"class_list":["post-124723","post","type-post","status-publish","format-standard","has-post-thumbnail","hentry","category-espectaculos"],"_links":{"self":[{"href":"http:\/\/elcuartopoder.com.mx\/nw\/wp-json\/wp\/v2\/posts\/124723","targetHints":{"allow":["GET"]}}],"collection":[{"href":"http:\/\/elcuartopoder.com.mx\/nw\/wp-json\/wp\/v2\/posts"}],"about":[{"href":"http:\/\/elcuartopoder.com.mx\/nw\/wp-json\/wp\/v2\/types\/post"}],"author":[{"embeddable":true,"href":"http:\/\/elcuartopoder.com.mx\/nw\/wp-json\/wp\/v2\/users\/2"}],"replies":[{"embeddable":true,"href":"http:\/\/elcuartopoder.com.mx\/nw\/wp-json\/wp\/v2\/comments?post=124723"}],"version-history":[{"count":1,"href":"http:\/\/elcuartopoder.com.mx\/nw\/wp-json\/wp\/v2\/posts\/124723\/revisions"}],"predecessor-version":[{"id":124725,"href":"http:\/\/elcuartopoder.com.mx\/nw\/wp-json\/wp\/v2\/posts\/124723\/revisions\/124725"}],"wp:featuredmedia":[{"embeddable":true,"href":"http:\/\/elcuartopoder.com.mx\/nw\/wp-json\/wp\/v2\/media\/124724"}],"wp:attachment":[{"href":"http:\/\/elcuartopoder.com.mx\/nw\/wp-json\/wp\/v2\/media?parent=124723"}],"wp:term":[{"taxonomy":"category","embeddable":true,"href":"http:\/\/elcuartopoder.com.mx\/nw\/wp-json\/wp\/v2\/categories?post=124723"},{"taxonomy":"post_tag","embeddable":true,"href":"http:\/\/elcuartopoder.com.mx\/nw\/wp-json\/wp\/v2\/tags?post=124723"}],"curies":[{"name":"wp","href":"https:\/\/api.w.org\/{rel}","templated":true}]}}