{"id":124743,"date":"2023-12-24T10:21:38","date_gmt":"2023-12-24T15:21:38","guid":{"rendered":"http:\/\/elcuartopoder.com.mx\/nw\/?p=124743"},"modified":"2023-12-24T10:21:42","modified_gmt":"2023-12-24T15:21:42","slug":"espana-se-niega-a-actuar-en-el-mar-rojo-no-participara-ni-con-la-ue","status":"publish","type":"post","link":"http:\/\/elcuartopoder.com.mx\/nw\/internacionales\/espana-se-niega-a-actuar-en-el-mar-rojo-no-participara-ni-con-la-ue\/","title":{"rendered":"Espa\u00f1a se niega a actuar en el mar Rojo: no participar\u00e1 ni con la UE"},"content":{"rendered":"\n<p>Espa\u00f1a defiende crear una misi\u00f3n espec\u00edfica en el mar Rojo con \u00abalcance, medios y objetivos propios\u00bb para proteger el transporte mar\u00edtimo comercial de los ataques de los rebeldes hut\u00edes de Yemen, en vez de actuar con la misi\u00f3n Atalanta, como ha decidido la Uni\u00f3n Europea (UE). As\u00ed, fuentes del Ministerio de Defensa han anunciado este s\u00e1bado que Espa\u00f1a no participar\u00e1 finalmente en dicha misi\u00f3n.<\/p>\n\n\n\n<p>En una nota de prensa, Defensa niega que Espa\u00f1a haya vetado la operaci\u00f3n en el mar Rojo, como publican algunos medios, ya que asegura que el pa\u00eds \u00abes, y ser\u00e1 siempre, un aliado serio y fiable comprometido con la UE, la OTAN y Naciones Unidas\u00bb y que su compromiso con la paz \u00abes total y absoluto\u00bb.<\/p>\n\n\n\n<p>No obstante, defiende que \u00abpara tener la m\u00e1xima eficacia a la que debe aspirarse en el mar Rojo es imprescindible la creaci\u00f3n de una nueva y espec\u00edfica misi\u00f3n, con alcance, medios y objetivos propios, acordada por los organismos correspondientes de la UE\u00bb, creaci\u00f3n a la que \u00abde ning\u00fan modo se opone Espa\u00f1a\u00bb, asegura.<\/p>\n\n\n\n<p>\u00abEs precisamente por ello que entendemos que cualquier misi\u00f3n en el mar Rojo, para garantizar la seguridad mar\u00edtima, tiene que ser una misi\u00f3n espec\u00edfica con entidad propia en la que participen las fuerzas navales de los pa\u00edses europeos que lo deseen y no una mera extensi\u00f3n de la operaci\u00f3n Atalanta\u00bb, a\u00f1ade Defensa.<\/p>\n\n\n\n<p>Espa\u00f1a no ha comunicado a\u00fan formalmente si participar\u00e1 en la coalici\u00f3n internacional liderada por Estados Unidos en el mar Rojo, denominada operaci\u00f3n Guardi\u00e1n de la prosperidad, despu\u00e9s de que la UE decidiera intervenir a trav\u00e9s de la operaci\u00f3n Atalanta.<\/p>\n\n\n\n<p>Pero con la nota de prensa de Defensa deja claro que la v\u00eda para actuar en el mar Rojo no es, en su opini\u00f3n, la operaci\u00f3n Atalanta, liderada por Espa\u00f1a para combatir la pirater\u00eda en el oc\u00e9ano \u00cdndico a trav\u00e9s de la fragata Victoria.<\/p>\n\n\n\n<p>\u00abLa naturaleza y objetivos de la misi\u00f3n Atalanta contra la pirater\u00eda en el oc\u00e9ano \u00cdndico nada tienen que ver con los que se pretende alcanzar en el mar Rojo. Es por eso que Espa\u00f1a quiere preservar la operaci\u00f3n Atalanta, con los objetivos, extensi\u00f3n y alcance actuales\u00bb, sostiene.<\/p>\n\n\n\n<p>Adem\u00e1s, Defensa se\u00f1ala que la lucha contra la pirater\u00eda en el \u00cdndico \u00abexige la m\u00e1xima dedicaci\u00f3n\u00bb, despu\u00e9s de que en los \u00faltimos d\u00edas haya habido \u00abdos buques pirateados en muy escaso lapso de tiempo\u00bb.<\/p>\n","protected":false},"excerpt":{"rendered":"<p>Espa\u00f1a defiende crear una misi\u00f3n espec\u00edfica en el mar Rojo con \u00abalcance, medios y objetivos propios\u00bb para proteger el transporte mar\u00edtimo comercial de los ataques de los rebeldes hut\u00edes de Yemen, en vez de actuar con la misi\u00f3n Atalanta, como ha decidido la Uni\u00f3n Europea (UE). As\u00ed, fuentes del Ministerio de Defensa han anunciado este [&hellip;]<\/p>\n","protected":false},"author":2,"featured_media":124744,"comment_status":"open","ping_status":"open","sticky":false,"template":"","format":"standard","meta":{"footnotes":""},"categories":[8],"tags":[],"class_list":["post-124743","post","type-post","status-publish","format-standard","has-post-thumbnail","hentry","category-internacionales"],"_links":{"self":[{"href":"http:\/\/elcuartopoder.com.mx\/nw\/wp-json\/wp\/v2\/posts\/124743","targetHints":{"allow":["GET"]}}],"collection":[{"href":"http:\/\/elcuartopoder.com.mx\/nw\/wp-json\/wp\/v2\/posts"}],"about":[{"href":"http:\/\/elcuartopoder.com.mx\/nw\/wp-json\/wp\/v2\/types\/post"}],"author":[{"embeddable":true,"href":"http:\/\/elcuartopoder.com.mx\/nw\/wp-json\/wp\/v2\/users\/2"}],"replies":[{"embeddable":true,"href":"http:\/\/elcuartopoder.com.mx\/nw\/wp-json\/wp\/v2\/comments?post=124743"}],"version-history":[{"count":1,"href":"http:\/\/elcuartopoder.com.mx\/nw\/wp-json\/wp\/v2\/posts\/124743\/revisions"}],"predecessor-version":[{"id":124745,"href":"http:\/\/elcuartopoder.com.mx\/nw\/wp-json\/wp\/v2\/posts\/124743\/revisions\/124745"}],"wp:featuredmedia":[{"embeddable":true,"href":"http:\/\/elcuartopoder.com.mx\/nw\/wp-json\/wp\/v2\/media\/124744"}],"wp:attachment":[{"href":"http:\/\/elcuartopoder.com.mx\/nw\/wp-json\/wp\/v2\/media?parent=124743"}],"wp:term":[{"taxonomy":"category","embeddable":true,"href":"http:\/\/elcuartopoder.com.mx\/nw\/wp-json\/wp\/v2\/categories?post=124743"},{"taxonomy":"post_tag","embeddable":true,"href":"http:\/\/elcuartopoder.com.mx\/nw\/wp-json\/wp\/v2\/tags?post=124743"}],"curies":[{"name":"wp","href":"https:\/\/api.w.org\/{rel}","templated":true}]}}