{"id":124796,"date":"2023-12-26T16:52:49","date_gmt":"2023-12-26T21:52:49","guid":{"rendered":"http:\/\/elcuartopoder.com.mx\/nw\/?p=124796"},"modified":"2023-12-26T16:52:53","modified_gmt":"2023-12-26T21:52:53","slug":"hallan-cadaver-con-huellas-de-tortura-en-el-pedregal-de-cancun","status":"publish","type":"post","link":"http:\/\/elcuartopoder.com.mx\/nw\/policiacas\/hallan-cadaver-con-huellas-de-tortura-en-el-pedregal-de-cancun\/","title":{"rendered":"Hallan cad\u00e1ver con huellas de tortura en El Pedregal de Canc\u00fan"},"content":{"rendered":"\n<p>Un macabro hallazgo estremeci\u00f3 a la colonia irregular&nbsp;<strong>El Pedregal de Canc\u00fan<\/strong>, donde una persona sin vida, marcada por evidentes huellas de violencia, desencaden\u00f3 una r\u00e1pida respuesta por parte de las fuerzas del orden. El tr\u00e1gico incidente tuvo lugar hoy, 25 de diciembre, alrededor de las 12:30 horas del d\u00eda.<\/p>\n\n\n\n<p>Seg\u00fan informes preliminares, la v\u00edctima, un hombre, presenta m\u00faltiples golpes en el rostro, y se sospecha que tambi\u00e9n podr\u00eda haber sufrido lesiones por arma blanca. El descubrimiento fue realizado por vecinos de la zona, revelando la crudeza con la que fue asesinada la v\u00edctima y generando consternaci\u00f3n en la comunidad.<\/p>\n\n\n\n<p>Las autoridades aguardaron la llegada de los Servicios Periciales, responsables del levantamiento del cuerpo. Posteriormente, el\u00a0cad\u00e1ver\u00a0fue trasladado a las instalaciones del Servicio M\u00e9dico Forense para la realizaci\u00f3n de la necropsia de ley, en busca de esclarecer las circunstancias de este violento suceso.<\/p>\n\n\n\n<p>Hasta ahora, la identidad del fallecido permanece en el anonimato, ya que no se han localizado familiares en la zona. Se espera que, en las pr\u00f3ximas horas, alg\u00fan pariente acuda para identificar a la v\u00edctima y colaborar en la investigaci\u00f3n.<\/p>\n\n\n\n<p>Este perturbador hallazgo pone de manifiesto la importancia de la colaboraci\u00f3n ciudadana y la pronta acci\u00f3n de las autoridades para abordar casos de violencia. La comunidad se encuentra en estado de shock, esperando respuestas sobre el tr\u00e1gico suceso que ha marcado este d\u00eda festivo.<\/p>\n\n\n\n<p>Fuente: SIPSE<\/p>\n","protected":false},"excerpt":{"rendered":"<p>Un macabro hallazgo estremeci\u00f3 a la colonia irregular&nbsp;El Pedregal de Canc\u00fan, donde una persona sin vida, marcada por evidentes huellas de violencia, desencaden\u00f3 una r\u00e1pida respuesta por parte de las fuerzas del orden. El tr\u00e1gico incidente tuvo lugar hoy, 25 de diciembre, alrededor de las 12:30 horas del d\u00eda. Seg\u00fan informes preliminares, la v\u00edctima, un [&hellip;]<\/p>\n","protected":false},"author":2,"featured_media":124797,"comment_status":"open","ping_status":"open","sticky":false,"template":"","format":"standard","meta":{"footnotes":""},"categories":[23],"tags":[],"class_list":["post-124796","post","type-post","status-publish","format-standard","has-post-thumbnail","hentry","category-policiacas"],"_links":{"self":[{"href":"http:\/\/elcuartopoder.com.mx\/nw\/wp-json\/wp\/v2\/posts\/124796","targetHints":{"allow":["GET"]}}],"collection":[{"href":"http:\/\/elcuartopoder.com.mx\/nw\/wp-json\/wp\/v2\/posts"}],"about":[{"href":"http:\/\/elcuartopoder.com.mx\/nw\/wp-json\/wp\/v2\/types\/post"}],"author":[{"embeddable":true,"href":"http:\/\/elcuartopoder.com.mx\/nw\/wp-json\/wp\/v2\/users\/2"}],"replies":[{"embeddable":true,"href":"http:\/\/elcuartopoder.com.mx\/nw\/wp-json\/wp\/v2\/comments?post=124796"}],"version-history":[{"count":1,"href":"http:\/\/elcuartopoder.com.mx\/nw\/wp-json\/wp\/v2\/posts\/124796\/revisions"}],"predecessor-version":[{"id":124798,"href":"http:\/\/elcuartopoder.com.mx\/nw\/wp-json\/wp\/v2\/posts\/124796\/revisions\/124798"}],"wp:featuredmedia":[{"embeddable":true,"href":"http:\/\/elcuartopoder.com.mx\/nw\/wp-json\/wp\/v2\/media\/124797"}],"wp:attachment":[{"href":"http:\/\/elcuartopoder.com.mx\/nw\/wp-json\/wp\/v2\/media?parent=124796"}],"wp:term":[{"taxonomy":"category","embeddable":true,"href":"http:\/\/elcuartopoder.com.mx\/nw\/wp-json\/wp\/v2\/categories?post=124796"},{"taxonomy":"post_tag","embeddable":true,"href":"http:\/\/elcuartopoder.com.mx\/nw\/wp-json\/wp\/v2\/tags?post=124796"}],"curies":[{"name":"wp","href":"https:\/\/api.w.org\/{rel}","templated":true}]}}