{"id":124805,"date":"2023-12-26T17:01:31","date_gmt":"2023-12-26T22:01:31","guid":{"rendered":"http:\/\/elcuartopoder.com.mx\/nw\/?p=124805"},"modified":"2023-12-26T17:01:35","modified_gmt":"2023-12-26T22:01:35","slug":"putin-encierra-a-navalni-en-una-colonia-penitenciaria-de-regimen-severo-en-el-artico","status":"publish","type":"post","link":"http:\/\/elcuartopoder.com.mx\/nw\/internacionales\/putin-encierra-a-navalni-en-una-colonia-penitenciaria-de-regimen-severo-en-el-artico\/","title":{"rendered":"Putin encierra a Navalni en una colonia penitenciaria de r\u00e9gimen severo en el \u00c1rtico"},"content":{"rendered":"\n<p>Desde el pasado 6 de diciembre, hace casi tres semanas, el principal opositor al Kremlin,\u00a0Alex\u00e9i Navalni, seg\u00fan su entorno y abogados, estaba en paradero desconocido. Desapareci\u00f3 de la c\u00e1rcel en donde estaba confinado en Mel\u00e9jovo<strong>, en la regi\u00f3n cercana a Mosc\u00fa de Vlad\u00edmir,<\/strong>\u00a0y oficialmente no se dijo a d\u00f3nde fue transferido, lo que\u00a0caus\u00f3 inquietud\u00a0sobre su integridad f\u00edsica y estado de salud incluso en la ONU. Estados Unidos y otros pa\u00edses occidentales condenaron esta situaci\u00f3n.<\/p>\n\n\n\n<p>Hasta que, este lunes, la portavoz del destacado disidente ruso, Kira Yarmish, escribi\u00f3 en Twitter que \u00abhemos encontrado a Navalni. Se encuentra en la Colonia Penitenciaria n\u00famero 3, en el poblado de Jarp, en el Distrito Aut\u00f3nomo Yamalo-Nenetski. Hoy lo ha visto su abogado. Alex\u00e9i est\u00e1 bien\u00bb.<\/p>\n\n\n\n<p>La localidad de Jarp est\u00e1 a 60 kil\u00f3metros al norte del C\u00edrculo Polar \u00c1rtico, y al noroeste de la ciudad de Salejard, tristemente famosa en la \u00e9poca de Stalin por ser la puerta de acceso a los GULAG (campos de prisioneros) de la zona. Desde all\u00ed arrancaba el tren denominado \u00abla v\u00eda de la muerte\u00bb hasta la ciudad de Nadim.<\/p>\n\n\n\n<p>En Rusia hay&nbsp;<strong>una treintena de prisiones de r\u00e9gimen especial<\/strong>&nbsp;en donde cumplen condena personas sentenciadas a cadena perpetua o reincidentes especialmente peligrosos. En estos centros los presos est\u00e1n sometidos a un estricto control. Fuera de la celda deben moverse en posici\u00f3n de \u00abcisne\u00bb, con el tronco doblado hacia adelante y las manos en la espalda y levantadas hacia arriba, asemejando las alas del ave. La correspondencia y visitas est\u00e1n significativamente limitadas.<\/p>\n\n\n\n<p>En Jarp, cuya poblaci\u00f3n es de unos<strong>&nbsp;5.000 habitantes<\/strong>, existen dos colonias de \u00abr\u00e9gimen severo\u00bb, una de ellas, la n\u00famero 3, llamada \u00ablobo polar\u00bb, es en donde, seg\u00fan Yarmish, ha sido encarcelado Navalni. Una l\u00ednea de ferrocarril que pasa por Vorkut\u00e1 conecta Jarp con Mosc\u00fa. All\u00ed estuvieron recluidos uno de los copropietarios de la petrolera YUKOS, Plat\u00f3n L\u00e9bedev, as\u00ed como el director y activista ucraniano Oleg Sentsov.<\/p>\n\n\n\n<p>En el mismo pueblo hay otra c\u00e1rcel llamada \u00ablechuza polar\u00bb para reos con cadena perpetua. En toda la regi\u00f3n, adem\u00e1s del fr\u00edo intenso, en esta \u00e9poca no sale el sol en todo el d\u00eda, es lo que se conoce como \u00abnoche polar\u00bb del invierno. El pasado 15 de diciembre, el Servicio Federal Penitenciario de Rusia (FSIN) inform\u00f3 por primera vez de forma oficial que Navalni no estaba ya en la regi\u00f3n de Vlad\u00edmir, al haber sido enviado a otra prisi\u00f3n.<\/p>\n\n\n\n<h3 class=\"wp-block-heading\">Suspendidas las visitas<\/h3>\n\n\n\n<p>Este largo traslado y supuestos \u00abfallos t\u00e9cnicos\u00bb con el equipo electr\u00f3nico le impidieron tomar parte de forma telem\u00e1tica en las audiencias judiciales relacionadas con su denuncia por mal trato. Los jueces han suspendido las vistas hasta el mes enero, hasta que se esclarezca con certeza en d\u00f3nde est\u00e1 Navalni. De momento, no hay confirmaci\u00f3n oficial de su llegada al nuevo penal.<\/p>\n\n\n\n<p><strong>Iv\u00e1n Zhd\u00e1nov<\/strong>, colaborador del opositor ruso y actual director del Fondo de Lucha contra Corrupci\u00f3n (FBK en sus siglas en ruso), sostiene que \u00ablas condiciones all\u00ed son duras. Es un r\u00e9gimen especial carcelario en un entorno remoto, congelado permanentemente y de dif\u00edcil acceso\u00bb (permafrost). Seg\u00fan sus palabras, \u00abdesde el principio, se vio claramente que las autoridades quer\u00edan aislar a Alex\u00e9i, sobre todo antes del comienzo de la campa\u00f1a electoral\u00bb de las presidenciales del pr\u00f3ximo mes de marzo. \u00abSe ocult\u00f3 su ubicaci\u00f3n, se bloque\u00f3 por completo toda informaci\u00f3n sobre \u00e9l.<\/p>\n\n\n\n<p>Incluso hoy, el Tribunal Supremo&nbsp;<strong>dice que no sabe donde est\u00e1<\/strong>\u00bb, afirm\u00f3 Zhd\u00e1nov en declaraciones a los medios. Considera que \u00abla situaci\u00f3n de Alex\u00e9i es un claro ejemplo de c\u00f3mo el sistema trata a los presos pol\u00edticos, intentando aislarlos y reprimirlos\u00bb.<\/p>\n\n\n\n<p>El pasado mes de agosto, el Tribunal Municipal de Mosc\u00fa declar\u00f3 a Navalni, de 47 a\u00f1os de edad, culpable de crear un grupo extremista, de incitar y financiar el extremismo, y le sentenci\u00f3 a 19 a\u00f1os de prisi\u00f3n en r\u00e9gimen severo, condena que se un\u00eda a otras ya falladas contra \u00e9l. En marzo de 2022 fue condenado por \u00abestafa y desacato\u00bb a una pena de 9 a\u00f1os de c\u00e1rcel y al pago de una multa de 1,2 millones de rublos, entonces unos 20.000 euros).<\/p>\n\n\n\n<p>Con anterioridad,\u00a0en 2014, Navalni y su hermano\u00a0fueron reconocidos culpables de \u00abestafa y blanqueo de capitales\u00bb en un caso relacionado con la firma francesa Yves Rocher. Fueron condenados a tres a\u00f1os y medio de c\u00e1rcel. Aquella pena qued\u00f3 en suspenso, pero, en febrero de 2021 un juzgado de Mosc\u00fa decidi\u00f3 levantar la suspensi\u00f3n y enviar a prisi\u00f3n a Navalni, que siempre se ha declarado inocente y asegurado que las acciones judiciales contra \u00e9l est\u00e1n \u00abama\u00f1adas\u00bb porque la verdadera motivaci\u00f3n es pol\u00edtica.<\/p>\n\n\n\n<p>Navalni, adem\u00e1s de la condena a 19 a\u00f1os de agosto, por \u00abextremismo\u00bb, tiene otras causas pendientes, la \u00faltima por \u00abvandalismo\u00bb, lo que podr\u00eda aumentar todav\u00eda m\u00e1s el periodo de estancia en la c\u00e1rcel. A finales de noviembre, el Comit\u00e9 de Instrucci\u00f3n de Rusia abri\u00f3 esa nueva causa penal por \u00abvandalismo motivado por odio pol\u00edtico\u00bb. El l\u00edder opositor sostiene que hay tambi\u00e9n en preparaci\u00f3n una acusaci\u00f3n contra \u00e9l por \u00abterrorismo\u00bb. Tras recuperarse en Alemania del envenenamiento sufrido en agosto de 2020 en Omsk (Siberia), Navalni regres\u00f3 a Mosc\u00fa el 17 de enero de 2021 y fue detenido nada m\u00e1s poner el pie en el aeropuerto. Desde entonces no ha pisado la calle.<\/p>\n","protected":false},"excerpt":{"rendered":"<p>Desde el pasado 6 de diciembre, hace casi tres semanas, el principal opositor al Kremlin,\u00a0Alex\u00e9i Navalni, seg\u00fan su entorno y abogados, estaba en paradero desconocido. Desapareci\u00f3 de la c\u00e1rcel en donde estaba confinado en Mel\u00e9jovo, en la regi\u00f3n cercana a Mosc\u00fa de Vlad\u00edmir,\u00a0y oficialmente no se dijo a d\u00f3nde fue transferido, lo que\u00a0caus\u00f3 inquietud\u00a0sobre su [&hellip;]<\/p>\n","protected":false},"author":2,"featured_media":124806,"comment_status":"open","ping_status":"open","sticky":false,"template":"","format":"standard","meta":{"footnotes":""},"categories":[8],"tags":[],"class_list":["post-124805","post","type-post","status-publish","format-standard","has-post-thumbnail","hentry","category-internacionales"],"_links":{"self":[{"href":"http:\/\/elcuartopoder.com.mx\/nw\/wp-json\/wp\/v2\/posts\/124805","targetHints":{"allow":["GET"]}}],"collection":[{"href":"http:\/\/elcuartopoder.com.mx\/nw\/wp-json\/wp\/v2\/posts"}],"about":[{"href":"http:\/\/elcuartopoder.com.mx\/nw\/wp-json\/wp\/v2\/types\/post"}],"author":[{"embeddable":true,"href":"http:\/\/elcuartopoder.com.mx\/nw\/wp-json\/wp\/v2\/users\/2"}],"replies":[{"embeddable":true,"href":"http:\/\/elcuartopoder.com.mx\/nw\/wp-json\/wp\/v2\/comments?post=124805"}],"version-history":[{"count":1,"href":"http:\/\/elcuartopoder.com.mx\/nw\/wp-json\/wp\/v2\/posts\/124805\/revisions"}],"predecessor-version":[{"id":124807,"href":"http:\/\/elcuartopoder.com.mx\/nw\/wp-json\/wp\/v2\/posts\/124805\/revisions\/124807"}],"wp:featuredmedia":[{"embeddable":true,"href":"http:\/\/elcuartopoder.com.mx\/nw\/wp-json\/wp\/v2\/media\/124806"}],"wp:attachment":[{"href":"http:\/\/elcuartopoder.com.mx\/nw\/wp-json\/wp\/v2\/media?parent=124805"}],"wp:term":[{"taxonomy":"category","embeddable":true,"href":"http:\/\/elcuartopoder.com.mx\/nw\/wp-json\/wp\/v2\/categories?post=124805"},{"taxonomy":"post_tag","embeddable":true,"href":"http:\/\/elcuartopoder.com.mx\/nw\/wp-json\/wp\/v2\/tags?post=124805"}],"curies":[{"name":"wp","href":"https:\/\/api.w.org\/{rel}","templated":true}]}}