{"id":125260,"date":"2024-01-10T10:06:20","date_gmt":"2024-01-10T15:06:20","guid":{"rendered":"http:\/\/elcuartopoder.com.mx\/nw\/?p=125260"},"modified":"2024-01-10T10:06:23","modified_gmt":"2024-01-10T15:06:23","slug":"atacan-de-nuevo-la-banda-de-los-roba-rolex-en-tulum","status":"publish","type":"post","link":"http:\/\/elcuartopoder.com.mx\/nw\/policiacas\/atacan-de-nuevo-la-banda-de-los-roba-rolex-en-tulum\/","title":{"rendered":"Atacan de nuevo la banda de los \u201cRoba Rolex\u201d en Tulum"},"content":{"rendered":"\n<p>Tulum.- A plena luz del d\u00eda en centro de Tulum, se registr\u00f3 un violento asalto cuando la banda de colombianos dedicados al robo de relojes de la marca Rolex, volvieron a atacar nuevamente.<\/p>\n\n\n\n<p>A trav\u00e9s de un video que circula en redes sociales, se observa a dos sujetos que llegan a bordo de una motocicleta y a punta de pistola despojan a dos hombres de un reloj y joyas que estaban cerca de un veh\u00edculo azul<\/p>\n\n\n\n<p>Al n\u00famero de emergencias 911, lleg\u00f3 un reporte por detonaciones de arma de fuego en la calle Sagitario entre Beta y Ori\u00f3n de la colonia Centro.<\/p>\n\n\n\n<p>Al lugar llegaron elementos de la Secretar\u00eda de Seguridad P\u00fablica Municipal, Polic\u00eda Estatal y la Secretar\u00eda de la Defensa Nacional.<\/p>\n\n\n\n<p>Ah\u00ed, se entrevistaron con dos masculinos quienes dieron a conocer que momentos antes se encontraban a las afueras de una vivienda, cuando un sujeto con un arma de fuego les apunt\u00f3 y pidi\u00f3 que entregar\u00e1n todo lo de valor que tra\u00edan consigo y previo a huir realizaron dos disparos contra la fachada.<\/p>\n\n\n\n<p>Fuente: marcrixnoticias<\/p>\n","protected":false},"excerpt":{"rendered":"<p>Tulum.- A plena luz del d\u00eda en centro de Tulum, se registr\u00f3 un violento asalto cuando la banda de colombianos dedicados al robo de relojes de la marca Rolex, volvieron a atacar nuevamente. A trav\u00e9s de un video que circula en redes sociales, se observa a dos sujetos que llegan a bordo de una motocicleta [&hellip;]<\/p>\n","protected":false},"author":2,"featured_media":125261,"comment_status":"open","ping_status":"open","sticky":false,"template":"","format":"standard","meta":{"footnotes":""},"categories":[23],"tags":[],"class_list":["post-125260","post","type-post","status-publish","format-standard","has-post-thumbnail","hentry","category-policiacas"],"_links":{"self":[{"href":"http:\/\/elcuartopoder.com.mx\/nw\/wp-json\/wp\/v2\/posts\/125260","targetHints":{"allow":["GET"]}}],"collection":[{"href":"http:\/\/elcuartopoder.com.mx\/nw\/wp-json\/wp\/v2\/posts"}],"about":[{"href":"http:\/\/elcuartopoder.com.mx\/nw\/wp-json\/wp\/v2\/types\/post"}],"author":[{"embeddable":true,"href":"http:\/\/elcuartopoder.com.mx\/nw\/wp-json\/wp\/v2\/users\/2"}],"replies":[{"embeddable":true,"href":"http:\/\/elcuartopoder.com.mx\/nw\/wp-json\/wp\/v2\/comments?post=125260"}],"version-history":[{"count":1,"href":"http:\/\/elcuartopoder.com.mx\/nw\/wp-json\/wp\/v2\/posts\/125260\/revisions"}],"predecessor-version":[{"id":125262,"href":"http:\/\/elcuartopoder.com.mx\/nw\/wp-json\/wp\/v2\/posts\/125260\/revisions\/125262"}],"wp:featuredmedia":[{"embeddable":true,"href":"http:\/\/elcuartopoder.com.mx\/nw\/wp-json\/wp\/v2\/media\/125261"}],"wp:attachment":[{"href":"http:\/\/elcuartopoder.com.mx\/nw\/wp-json\/wp\/v2\/media?parent=125260"}],"wp:term":[{"taxonomy":"category","embeddable":true,"href":"http:\/\/elcuartopoder.com.mx\/nw\/wp-json\/wp\/v2\/categories?post=125260"},{"taxonomy":"post_tag","embeddable":true,"href":"http:\/\/elcuartopoder.com.mx\/nw\/wp-json\/wp\/v2\/tags?post=125260"}],"curies":[{"name":"wp","href":"https:\/\/api.w.org\/{rel}","templated":true}]}}