{"id":125263,"date":"2024-01-10T10:12:14","date_gmt":"2024-01-10T15:12:14","guid":{"rendered":"http:\/\/elcuartopoder.com.mx\/nw\/?p=125263"},"modified":"2024-01-10T10:12:15","modified_gmt":"2024-01-10T15:12:15","slug":"ley-del-seguro-social-de-1997-quien-la-propuso-y-como-afecto-a-millennials","status":"publish","type":"post","link":"http:\/\/elcuartopoder.com.mx\/nw\/economia\/ley-del-seguro-social-de-1997-quien-la-propuso-y-como-afecto-a-millennials\/","title":{"rendered":"Ley del Seguro Social de 1997: \u00bfQui\u00e9n la propuso y como afect\u00f3 a millennials?"},"content":{"rendered":"\n<p>Adem\u00e1s de su reforma electoral y al Poder Judicial,\u00a0el presidente Andr\u00e9s Manuel L\u00f3pez Obrador planea lanzar una reforma sobre pensiones\u00a0que se enfocar\u00e1 en garantizar un\u00a0<strong>retiro digno\u00a0<\/strong>para las personas que actualmente son adultas j\u00f3venes.<\/p>\n\n\n\n<p>Seg\u00fan inform\u00f3 durante un evento p\u00fablico en Veracruz, se revisar\u00e1 la reforma a la&nbsp;<strong>Ley del Seguro Social que entr\u00f3 en vigor en 1997<\/strong>&nbsp;y que transform\u00f3 el r\u00e9gimen de pensiones, reduciendo los beneficios laborales para las y los trabajadores que comenzaron a cotizar en el IMSS despu\u00e9s de este a\u00f1o.<\/p>\n\n\n\n<h2 class=\"wp-block-heading\">\u00bfQui\u00e9n propuso la reforma a la Ley del Seguro Social de 1997?<\/h2>\n\n\n\n<p>En diciembre de 1995, el Congreso de la Uni\u00f3n aprob\u00f3 una nueva Ley del Seguro Social propuesta por el entonces presidente&nbsp;<strong>Ernesto Zedillo Ponce de Le\u00f3n (1994-2000)<\/strong>.<\/p>\n\n\n\n<p>La nueva ley que entr\u00f3 en vigor a partir del 1 de julio de 1997, transfiri\u00f3 las funciones de administraci\u00f3n e inversi\u00f3n de los fondos de pensi\u00f3n, de las que antes se encargaba el gobierno, a las Administradoras de Fondos para el Retiro (Afores) que invierten el ahorro de los trabajadores a trav\u00e9s de sociedades de inversi\u00f3n especializadas. Es decir, dichas funciones fueron privatizadas.<\/p>\n\n\n\n<hr class=\"wp-block-separator\"\/>\n\n\n\n<h2 class=\"wp-block-heading\">\u00bfCu\u00e1l es la diferencia entre la Ley del 73 y 97?<\/h2>\n\n\n\n<p>Uno de los principales problemas de la reforma de 1997 es que despoj\u00f3 a las nuevas generaciones de una pensi\u00f3n digna y vitalicia, condicionando este derecho a la suma acumulada en la cuenta de Afore.<\/p>\n\n\n\n<p>Las personas que comenzaron a cotizar en el IMSS antes del 1 de julio de 1997, tienen acceso a los derechos previstos en la\u00a0ley anterior de 1973. Dicha ley establece un\u00a0<strong>m\u00ednimo de 500 semanas de cotizaci\u00f3n<\/strong>\u00a0para poder solicitar una\u00a0<strong>pensi\u00f3n por vejez vitalicia<\/strong>.<\/p>\n\n\n\n<p>El monto de la pensi\u00f3n se calcula a trav\u00e9s del&nbsp;<strong>promedio del salario de los \u00faltimos cinco a\u00f1os de cotizaci\u00f3n<\/strong>. Adem\u00e1s, al ser vitalicia se garantiza que el beneficiario la recibir\u00e1 hasta que fallezca.<\/p>\n\n\n\n<p>Mientras que el\u00a0r\u00e9gimen de 1997\u00a0pide acumular un\u00a0<strong>m\u00ednimo de 750 semanas cotizadas en el IMSS<\/strong>\u00a0y contempla tres modalidades de pensi\u00f3n:\u00a0retiro programado, renta vitalicia\u00a0y pensi\u00f3n m\u00ednima garantizada.<\/p>\n\n\n\n<p>El retiro programado se contrata con la Afore que administra los ahorros de la persona trabajadora, sin embargo, la pensi\u00f3n otorgada no es vitalicia, ya que&nbsp;<strong>se termina al agotarse el saldo en la cuenta de ahorro&nbsp;<\/strong>para el retiro.<\/p>\n\n\n\n<p>La cuenta de ahorro es individual y se compone de aportaciones hechas por el patr\u00f3n, el Gobierno Federal y la persona trabajadora.<\/p>\n\n\n\n<p>En el caso de la renta vitalicia, se contrata por medio de una aseguradora y, aunque garantiza una pensi\u00f3n vitalicia,&nbsp;<strong>el monto de esta depende del saldo acumulado en la cuenta<\/strong>.<\/p>\n\n\n\n<p>Finalmente, cuando los recursos no alcanzan para contratar alguna de las dos modalidades anteriores, el Gobierno Federal otorga la\u00a0pensi\u00f3n m\u00ednima garantizada, cuyo monto mensual es equivalente a\u00a0<strong>un salario m\u00ednimo general de la Ciudad de M\u00e9xico<\/strong>.<\/p>\n\n\n\n<p>Fuente: elfinanciero<\/p>\n","protected":false},"excerpt":{"rendered":"<p>Adem\u00e1s de su reforma electoral y al Poder Judicial,\u00a0el presidente Andr\u00e9s Manuel L\u00f3pez Obrador planea lanzar una reforma sobre pensiones\u00a0que se enfocar\u00e1 en garantizar un\u00a0retiro digno\u00a0para las personas que actualmente son adultas j\u00f3venes. Seg\u00fan inform\u00f3 durante un evento p\u00fablico en Veracruz, se revisar\u00e1 la reforma a la&nbsp;Ley del Seguro Social que entr\u00f3 en vigor en [&hellip;]<\/p>\n","protected":false},"author":2,"featured_media":125264,"comment_status":"open","ping_status":"open","sticky":false,"template":"","format":"standard","meta":{"footnotes":""},"categories":[1],"tags":[],"class_list":["post-125263","post","type-post","status-publish","format-standard","has-post-thumbnail","hentry","category-economia"],"_links":{"self":[{"href":"http:\/\/elcuartopoder.com.mx\/nw\/wp-json\/wp\/v2\/posts\/125263","targetHints":{"allow":["GET"]}}],"collection":[{"href":"http:\/\/elcuartopoder.com.mx\/nw\/wp-json\/wp\/v2\/posts"}],"about":[{"href":"http:\/\/elcuartopoder.com.mx\/nw\/wp-json\/wp\/v2\/types\/post"}],"author":[{"embeddable":true,"href":"http:\/\/elcuartopoder.com.mx\/nw\/wp-json\/wp\/v2\/users\/2"}],"replies":[{"embeddable":true,"href":"http:\/\/elcuartopoder.com.mx\/nw\/wp-json\/wp\/v2\/comments?post=125263"}],"version-history":[{"count":1,"href":"http:\/\/elcuartopoder.com.mx\/nw\/wp-json\/wp\/v2\/posts\/125263\/revisions"}],"predecessor-version":[{"id":125265,"href":"http:\/\/elcuartopoder.com.mx\/nw\/wp-json\/wp\/v2\/posts\/125263\/revisions\/125265"}],"wp:featuredmedia":[{"embeddable":true,"href":"http:\/\/elcuartopoder.com.mx\/nw\/wp-json\/wp\/v2\/media\/125264"}],"wp:attachment":[{"href":"http:\/\/elcuartopoder.com.mx\/nw\/wp-json\/wp\/v2\/media?parent=125263"}],"wp:term":[{"taxonomy":"category","embeddable":true,"href":"http:\/\/elcuartopoder.com.mx\/nw\/wp-json\/wp\/v2\/categories?post=125263"},{"taxonomy":"post_tag","embeddable":true,"href":"http:\/\/elcuartopoder.com.mx\/nw\/wp-json\/wp\/v2\/tags?post=125263"}],"curies":[{"name":"wp","href":"https:\/\/api.w.org\/{rel}","templated":true}]}}