{"id":125266,"date":"2024-01-10T10:14:32","date_gmt":"2024-01-10T15:14:32","guid":{"rendered":"http:\/\/elcuartopoder.com.mx\/nw\/?p=125266"},"modified":"2024-01-10T10:14:36","modified_gmt":"2024-01-10T15:14:36","slug":"tren-maya-genera-disparo-de-inmigrantes-en-quintana-roo","status":"publish","type":"post","link":"http:\/\/elcuartopoder.com.mx\/nw\/estatales\/tren-maya-genera-disparo-de-inmigrantes-en-quintana-roo\/","title":{"rendered":"Tren Maya genera disparo de inmigrantes en Quintana Roo"},"content":{"rendered":"\n<p>El&nbsp;<strong>Tren Maya<\/strong>&nbsp;dispar\u00f3 la&nbsp;<strong>inmigraci\u00f3n extranjera en Quintana Roo<\/strong>, a tal punto que tan s\u00f3lo en el \u00faltimo a\u00f1o han llegado m\u00e1s de&nbsp;<strong>13 mil personas de distintos pa\u00edses<\/strong>, principalmente Centroam\u00e9rica, para suplir el d\u00e9ficit de jornaleros en los campos y de obreros en el ramo de la construcci\u00f3n.<\/p>\n\n\n\n<p>Precisamente \u00e9se es un problema que&nbsp;<strong>Alerta Agenda Migrante<\/strong>, impulsora del&nbsp;<strong>\u201cModelo migrante seguro, ordenado, humano y productivo\u201d<\/strong>, destacando en un informe de noviembre pasado que una vez que dejen de ser necesarios estos trabajadores las autoridades van a enfrentar un serio problema porque no sabr\u00e1 qu\u00e9 hacer con ellos.<\/p>\n\n\n\n<p>Marilyn Torres Leal, presidenta de la fundaci\u00f3n&nbsp;<strong>CISVAC<\/strong>&nbsp;de apoyo a los migrantes, expres\u00f3 que, aunque el Gobierno Federal s\u00f3lo&nbsp;<strong>contabiliza a mil 943 migrantes<\/strong>&nbsp;en situaci\u00f3n que llegaron entre agosto del 2022 a noviembre del 2023 a Quintana Roo, la realidad es que este n\u00famero es seis veces mayor.<a href=\"https:\/\/images.sipse.com\/fWIWtkC_31oB794atX5lLEdm9XM=\/fit-in\/900x500\/2024\/01\/09\/1704767373252.jpg\"><\/a>Tren Maya genera disparo de inmigrantes en Quintana Roo \/ ( Foto: SIPSE)<\/p>\n\n\n\n<blockquote class=\"wp-block-quote is-layout-flow wp-block-quote-is-layout-flow\"><p>\u201cHasta hace unos a\u00f1os tan s\u00f3lo nosotros atend\u00edamos a 10 o 15 personas a la semana que s\u00f3lo pasaban por la entidad en su destino para cruzar a Estados Unidos, pero hoy apoyamos a casi 70 a la semana que est\u00e1n en el Caribe Mexicano que llegaron para trabajar en el campo o en las obras, pues la mayor\u00eda fueron contratados por el d\u00e9ficit de trabajadores que enfrenta el sector agr\u00edcola y de la construcci\u00f3n ya que sus obreros ahora se encuentran en el Tren Maya\u201d, declar\u00f3.<\/p><\/blockquote>\n\n\n\n<p>Puntualiz\u00f3 que la mayor\u00eda son centroamericanos que vieron la oportunidad de ganar un dinero en el Estado, aunque aclar\u00f3 que&nbsp;<strong>no consideran que se van a quedar de manera permanente, pues su inter\u00e9s es ahorrar lo suficiente para continuar su camino hacia el vecino pa\u00eds del norte.<\/strong><\/p>\n\n\n\n<p>Evaristo G\u00f3mez, presidente de la Uni\u00f3n local&nbsp;<strong>de Productores de Ca\u00f1a de Az\u00facar<\/strong>&nbsp;en Quintana Roo, confirma que se han visto&nbsp;<strong>obligados a contratar a personal extranjero<\/strong>&nbsp;para suplir a los m\u00e1s de mil 1500 jornaleros que perdieron con la obra federal.<\/p>\n\n\n\n<p>Sin embargo, acota que esto podr\u00eda ser solo temporal, ya que se espera que una vez que concluya el\u00a0<strong>Tren Maya<\/strong>\u00a0la mayor\u00eda de los obreros regresar\u00e1n al campo para trabajar en la Zafra. Es entonces cuando no saben que, va a pasar con los inmigrantes.<\/p>\n\n\n\n<p>Fuente: SIPSE<\/p>\n","protected":false},"excerpt":{"rendered":"<p>El&nbsp;Tren Maya&nbsp;dispar\u00f3 la&nbsp;inmigraci\u00f3n extranjera en Quintana Roo, a tal punto que tan s\u00f3lo en el \u00faltimo a\u00f1o han llegado m\u00e1s de&nbsp;13 mil personas de distintos pa\u00edses, principalmente Centroam\u00e9rica, para suplir el d\u00e9ficit de jornaleros en los campos y de obreros en el ramo de la construcci\u00f3n. Precisamente \u00e9se es un problema que&nbsp;Alerta Agenda Migrante, impulsora [&hellip;]<\/p>\n","protected":false},"author":2,"featured_media":125267,"comment_status":"open","ping_status":"open","sticky":false,"template":"","format":"standard","meta":{"footnotes":""},"categories":[60],"tags":[],"class_list":["post-125266","post","type-post","status-publish","format-standard","has-post-thumbnail","hentry","category-estatales"],"_links":{"self":[{"href":"http:\/\/elcuartopoder.com.mx\/nw\/wp-json\/wp\/v2\/posts\/125266","targetHints":{"allow":["GET"]}}],"collection":[{"href":"http:\/\/elcuartopoder.com.mx\/nw\/wp-json\/wp\/v2\/posts"}],"about":[{"href":"http:\/\/elcuartopoder.com.mx\/nw\/wp-json\/wp\/v2\/types\/post"}],"author":[{"embeddable":true,"href":"http:\/\/elcuartopoder.com.mx\/nw\/wp-json\/wp\/v2\/users\/2"}],"replies":[{"embeddable":true,"href":"http:\/\/elcuartopoder.com.mx\/nw\/wp-json\/wp\/v2\/comments?post=125266"}],"version-history":[{"count":1,"href":"http:\/\/elcuartopoder.com.mx\/nw\/wp-json\/wp\/v2\/posts\/125266\/revisions"}],"predecessor-version":[{"id":125268,"href":"http:\/\/elcuartopoder.com.mx\/nw\/wp-json\/wp\/v2\/posts\/125266\/revisions\/125268"}],"wp:featuredmedia":[{"embeddable":true,"href":"http:\/\/elcuartopoder.com.mx\/nw\/wp-json\/wp\/v2\/media\/125267"}],"wp:attachment":[{"href":"http:\/\/elcuartopoder.com.mx\/nw\/wp-json\/wp\/v2\/media?parent=125266"}],"wp:term":[{"taxonomy":"category","embeddable":true,"href":"http:\/\/elcuartopoder.com.mx\/nw\/wp-json\/wp\/v2\/categories?post=125266"},{"taxonomy":"post_tag","embeddable":true,"href":"http:\/\/elcuartopoder.com.mx\/nw\/wp-json\/wp\/v2\/tags?post=125266"}],"curies":[{"name":"wp","href":"https:\/\/api.w.org\/{rel}","templated":true}]}}