{"id":125269,"date":"2024-01-10T10:29:12","date_gmt":"2024-01-10T15:29:12","guid":{"rendered":"http:\/\/elcuartopoder.com.mx\/nw\/?p=125269"},"modified":"2024-01-10T10:29:16","modified_gmt":"2024-01-10T15:29:16","slug":"guerra-en-gaza-eu-teme-que-israel-escale-el-conflicto-a-libano-por-interes-politico-de-netanyahu","status":"publish","type":"post","link":"http:\/\/elcuartopoder.com.mx\/nw\/internacionales\/guerra-en-gaza-eu-teme-que-israel-escale-el-conflicto-a-libano-por-interes-politico-de-netanyahu\/","title":{"rendered":"Guerra en Gaza: EU teme que Israel escale el conflicto a L\u00edbano por inter\u00e9s pol\u00edtico de Netanyahu"},"content":{"rendered":"\n<p>Funcionarios estadounidenses mostraron su preocupaci\u00f3n de que el primer ministro israel\u00ed, Benjam\u00edn Netanyahu, pueda considerar ampliar la lucha a el L\u00edbano como clave para su supervivencia pol\u00edtica, seg\u00fan un art\u00edculo publicado este domingo por el diario Washington Post.<\/p>\n\n\n\n<p>M\u00e1s de una docena de funcionarios de la Administraci\u00f3n de Joe Biden y diplom\u00e1ticos hablaron con The Washington Post para discutir la \u201cdelicada situaci\u00f3n\u201d militar entre Israel y L\u00edbano.<\/p>\n\n\n\n<p>Adem\u00e1s, dos de esas fuentes alertaron de que una nueva evaluaci\u00f3n secreta de la Agencia de Inteligencia de Defensa (DIA) estadounidense concluy\u00f3 que ser\u00e1 dif\u00edcil para las Fuerzas de Defensa de Israel (FDI) tener \u00e9xito en una posible incursi\u00f3n en L\u00edbano porque los activos y recursos militares de Israel est\u00e1n demasiado dispersos por el conflicto en Gaza.<\/p>\n\n\n\n<p>Todo ello, se\u00f1ala el diario, en medio de cr\u00edticas internas a Netanyahu por el fracaso de su Gobierno en impedir el ataque de Ham\u00e1s del 7 de octubre, que mat\u00f3 a unas mil 200 personas y dej\u00f3 m\u00e1s de dos centenares de rehenes y desat\u00f3 una guerra que acumula ya m\u00e1s de 22 mil 300 palestinos asesinados a manos de Israel.<\/p>\n\n\n\n<p>Miles de israel\u00edes salieron a protestar la noche del s\u00e1bado a las calles de Tel Aviv y otras ciudades del pa\u00eds para exigir la liberaci\u00f3n de los rehenes que el grupo islamista Ham\u00e1s sigue manteniendo cautivos en Gaza y para demandar nuevas elecciones generales, as\u00ed sea en tiempos de guerra.<\/p>\n\n\n\n<p>Se trat\u00f3 de la primera manifestaci\u00f3n antigobierno importante desde que estall\u00f3 la guerra entre Israel y Ham\u00e1s el 7 de octubre. Los manifestantes consideran que el actual Gobierno es el culpable del ataque que perpetr\u00f3 Ham\u00e1s y piden que Netanyahu renuncie y se celebren nuevas elecciones.<\/p>\n\n\n\n<p>El secretario de Estado estadounidense, Antony Blinken, parti\u00f3 el jueves por la noche hacia Oriente Medio por cuarta vez desde que Israel inici\u00f3 la guerra en Gaza y su principal objetivo es<strong>&nbsp;evitar que la guerra se expanda a L\u00edbano<\/strong>.<\/p>\n\n\n\n<p>Blinken llegar\u00e1 a Israel el lunes, donde discutir\u00e1 medidas espec\u00edficas para<strong>&nbsp;\u201cevitar una escalada\u201d<\/strong>, dijo su portavoz, Matt Miller, al comienzo del viaje.<\/p>\n\n\n\n<p>Seg\u00fan los funcionarios estadounidenses consultados por el&nbsp;<em>Washington Post<\/em>, el propio Hezbol\u00e1 quiere evitar una escalada importante y el l\u00edder del grupo, Hasan Nasrallah, est\u00e1 tratando de&nbsp;<strong>mantenerse alejado de una guerra m\u00e1s amplia<\/strong>.<\/p>\n\n\n\n<p>Los funcionarios temen que un conflicto a gran escala entre Israel y el L\u00edbano supere el derramamiento de sangre de la guerra entre Israel y el L\u00edbano de 2006 porque<strong>&nbsp;el grupo est\u00e1 mejor armado<\/strong>.<\/p>\n\n\n\n<p>\u201cEl&nbsp;<strong>n\u00famero de v\u00edctimas en el L\u00edbano podr\u00eda oscilar entre 300 mil y 500 mil<\/strong>&nbsp;e implicar una evacuaci\u00f3n masiva de todo el norte de Israel\u201d, dijo al diario&nbsp;<em>Bilal Saab<\/em>, experto en L\u00edbano del Instituto de Oriente Medio.<\/p>\n\n\n\n<p>La aviaci\u00f3n israel\u00ed atac\u00f3 este domingo posiciones del grupo chi\u00ed Hezbol\u00e1 en L\u00edbano,&nbsp;<strong>tras interceptar una \u201caeronave hostil\u201d<\/strong>&nbsp;que hab\u00eda entrado en Israel, inform\u00f3 en un comunicado el Ej\u00e9rcito israel\u00ed.<\/p>\n\n\n\n<p><strong>Hezbol\u00e1 lanz\u00f3 el s\u00e1bado al menos 62 proyectiles<\/strong>&nbsp;contra uno de los principales centros de inteligencia en el norte de Israel, en su primera respuesta al asesinato el martes del n\u00famero dos del movimiento islamista palestino Ham\u00e1s, Saleh al Arouri, a las afueras de Beirut en un bombardeo atribuido a Israel.<\/p>\n\n\n\n<p>La frontera israel\u00ed-libanesa vive su mayor tensi\u00f3n desde la guerra entre Hezbol\u00e1 e Israel en 2006, a ra\u00edz de&nbsp;<strong>un recrudecimiento de las agresiones por parte de milicias<\/strong>&nbsp;propalestinas al d\u00eda siguiente del estallido de la guerra entre el grupo islamista Ham\u00e1s e Israel en Gaza el pasado 7 de octubre.<\/p>\n\n\n\n<p>Las hostilidades se han incrementado a\u00fan m\u00e1s tras el bombardeo que el martes mat\u00f3 en Beirut a Saleh Al Arouri, jefe adjunto de Ham\u00e1s, en una acci\u00f3n atribuida a Israel,&nbsp;<strong>que no reconoci\u00f3 ni neg\u00f3 la operaci\u00f3n<\/strong>.<\/p>\n\n\n\n<p>Israel ha desplegado m\u00e1s de 200 mil soldados en su frontera norte, donde la violencia tambi\u00e9n ha provocado\u00a0<strong>el desplazamiento de miles de habitantes,<\/strong>\u00a0con unas 80 mil personas evacuadas de comunidades del norte de Israel y m\u00e1s de 70 mil que han huido del sur del L\u00edbano.<\/p>\n\n\n\n<p>Fuente: elfinanciero<\/p>\n","protected":false},"excerpt":{"rendered":"<p>Funcionarios estadounidenses mostraron su preocupaci\u00f3n de que el primer ministro israel\u00ed, Benjam\u00edn Netanyahu, pueda considerar ampliar la lucha a el L\u00edbano como clave para su supervivencia pol\u00edtica, seg\u00fan un art\u00edculo publicado este domingo por el diario Washington Post. M\u00e1s de una docena de funcionarios de la Administraci\u00f3n de Joe Biden y diplom\u00e1ticos hablaron con The [&hellip;]<\/p>\n","protected":false},"author":2,"featured_media":125270,"comment_status":"open","ping_status":"open","sticky":false,"template":"","format":"standard","meta":{"footnotes":""},"categories":[8],"tags":[],"class_list":["post-125269","post","type-post","status-publish","format-standard","has-post-thumbnail","hentry","category-internacionales"],"_links":{"self":[{"href":"http:\/\/elcuartopoder.com.mx\/nw\/wp-json\/wp\/v2\/posts\/125269","targetHints":{"allow":["GET"]}}],"collection":[{"href":"http:\/\/elcuartopoder.com.mx\/nw\/wp-json\/wp\/v2\/posts"}],"about":[{"href":"http:\/\/elcuartopoder.com.mx\/nw\/wp-json\/wp\/v2\/types\/post"}],"author":[{"embeddable":true,"href":"http:\/\/elcuartopoder.com.mx\/nw\/wp-json\/wp\/v2\/users\/2"}],"replies":[{"embeddable":true,"href":"http:\/\/elcuartopoder.com.mx\/nw\/wp-json\/wp\/v2\/comments?post=125269"}],"version-history":[{"count":1,"href":"http:\/\/elcuartopoder.com.mx\/nw\/wp-json\/wp\/v2\/posts\/125269\/revisions"}],"predecessor-version":[{"id":125271,"href":"http:\/\/elcuartopoder.com.mx\/nw\/wp-json\/wp\/v2\/posts\/125269\/revisions\/125271"}],"wp:featuredmedia":[{"embeddable":true,"href":"http:\/\/elcuartopoder.com.mx\/nw\/wp-json\/wp\/v2\/media\/125270"}],"wp:attachment":[{"href":"http:\/\/elcuartopoder.com.mx\/nw\/wp-json\/wp\/v2\/media?parent=125269"}],"wp:term":[{"taxonomy":"category","embeddable":true,"href":"http:\/\/elcuartopoder.com.mx\/nw\/wp-json\/wp\/v2\/categories?post=125269"},{"taxonomy":"post_tag","embeddable":true,"href":"http:\/\/elcuartopoder.com.mx\/nw\/wp-json\/wp\/v2\/tags?post=125269"}],"curies":[{"name":"wp","href":"https:\/\/api.w.org\/{rel}","templated":true}]}}