{"id":125669,"date":"2024-01-23T09:36:18","date_gmt":"2024-01-23T14:36:18","guid":{"rendered":"http:\/\/elcuartopoder.com.mx\/nw\/?p=125669"},"modified":"2024-01-23T09:36:20","modified_gmt":"2024-01-23T14:36:20","slug":"secretaria-de-educacion-culmina-con-exito-la-intervencion-formativ","status":"publish","type":"post","link":"http:\/\/elcuartopoder.com.mx\/nw\/estatales\/secretaria-de-educacion-culmina-con-exito-la-intervencion-formativ\/","title":{"rendered":"Secretar\u00eda de Educaci\u00f3n culmina con \u00e9xito la Intervenci\u00f3n Formativ"},"content":{"rendered":"\n<p class=\"wp-block-paragraph\">Culmina con \u00e9xito la Intervenci\u00f3n Formativa \u00abRe-construir el acompa\u00f1amiento del Supervisor y Asesor T\u00e9cnico Pedag\u00f3gico hacia el cambio curricular\u00bb, operada desde el Grupo de An\u00e1lisis de la Pr\u00e1ctica por la m\u00e1xima autoridad de cada sector educativo. Los participantes han podido construir estrategias de intervenci\u00f3n que impliquen la participaci\u00f3n, reflexi\u00f3n, di\u00e1logo y toma de acuerdos desde el liderazgo que impulsa la Nueva Escuela Mexicana.<\/p>\n\n\n\n<figure class=\"wp-block-gallery has-nested-images columns-default is-cropped wp-block-gallery-1 is-layout-flex wp-block-gallery-is-layout-flex\">\n<figure class=\"wp-block-image size-large\"><img loading=\"lazy\" decoding=\"async\" width=\"953\" height=\"499\" data-id=\"125670\" src=\"http:\/\/elcuartopoder.com.mx\/nw\/wp-content\/uploads\/2024\/01\/1-4.jpg\" alt=\"\" class=\"wp-image-125670\" srcset=\"http:\/\/elcuartopoder.com.mx\/nw\/wp-content\/uploads\/2024\/01\/1-4.jpg 953w, http:\/\/elcuartopoder.com.mx\/nw\/wp-content\/uploads\/2024\/01\/1-4-300x157.jpg 300w, http:\/\/elcuartopoder.com.mx\/nw\/wp-content\/uploads\/2024\/01\/1-4-768x402.jpg 768w, http:\/\/elcuartopoder.com.mx\/nw\/wp-content\/uploads\/2024\/01\/1-4-696x364.jpg 696w\" sizes=\"auto, (max-width: 953px) 100vw, 953px\" \/><\/figure>\n\n\n\n<figure class=\"wp-block-image size-large\"><img loading=\"lazy\" decoding=\"async\" width=\"1024\" height=\"536\" data-id=\"125673\" src=\"http:\/\/elcuartopoder.com.mx\/nw\/wp-content\/uploads\/2024\/01\/2-4-1024x536.jpg\" alt=\"\" class=\"wp-image-125673\" srcset=\"http:\/\/elcuartopoder.com.mx\/nw\/wp-content\/uploads\/2024\/01\/2-4-1024x536.jpg 1024w, http:\/\/elcuartopoder.com.mx\/nw\/wp-content\/uploads\/2024\/01\/2-4-300x157.jpg 300w, http:\/\/elcuartopoder.com.mx\/nw\/wp-content\/uploads\/2024\/01\/2-4-768x402.jpg 768w, http:\/\/elcuartopoder.com.mx\/nw\/wp-content\/uploads\/2024\/01\/2-4-696x364.jpg 696w, http:\/\/elcuartopoder.com.mx\/nw\/wp-content\/uploads\/2024\/01\/2-4.jpg 1459w\" sizes=\"auto, (max-width: 1024px) 100vw, 1024px\" \/><\/figure>\n\n\n\n<figure class=\"wp-block-image size-large\"><img loading=\"lazy\" decoding=\"async\" width=\"1024\" height=\"536\" data-id=\"125672\" src=\"http:\/\/elcuartopoder.com.mx\/nw\/wp-content\/uploads\/2024\/01\/3-4-1024x536.jpg\" alt=\"\" class=\"wp-image-125672\" srcset=\"http:\/\/elcuartopoder.com.mx\/nw\/wp-content\/uploads\/2024\/01\/3-4-1024x536.jpg 1024w, http:\/\/elcuartopoder.com.mx\/nw\/wp-content\/uploads\/2024\/01\/3-4-300x157.jpg 300w, http:\/\/elcuartopoder.com.mx\/nw\/wp-content\/uploads\/2024\/01\/3-4-768x402.jpg 768w, http:\/\/elcuartopoder.com.mx\/nw\/wp-content\/uploads\/2024\/01\/3-4-1536x804.jpg 1536w, http:\/\/elcuartopoder.com.mx\/nw\/wp-content\/uploads\/2024\/01\/3-4-696x365.jpg 696w, http:\/\/elcuartopoder.com.mx\/nw\/wp-content\/uploads\/2024\/01\/3-4.jpg 1600w\" sizes=\"auto, (max-width: 1024px) 100vw, 1024px\" \/><\/figure>\n\n\n\n<figure class=\"wp-block-image size-large\"><img loading=\"lazy\" decoding=\"async\" width=\"1024\" height=\"537\" data-id=\"125671\" src=\"http:\/\/elcuartopoder.com.mx\/nw\/wp-content\/uploads\/2024\/01\/4-3.jpg\" alt=\"\" class=\"wp-image-125671\" srcset=\"http:\/\/elcuartopoder.com.mx\/nw\/wp-content\/uploads\/2024\/01\/4-3.jpg 1024w, http:\/\/elcuartopoder.com.mx\/nw\/wp-content\/uploads\/2024\/01\/4-3-300x157.jpg 300w, http:\/\/elcuartopoder.com.mx\/nw\/wp-content\/uploads\/2024\/01\/4-3-768x403.jpg 768w, http:\/\/elcuartopoder.com.mx\/nw\/wp-content\/uploads\/2024\/01\/4-3-696x365.jpg 696w\" sizes=\"auto, (max-width: 1024px) 100vw, 1024px\" \/><\/figure>\n<\/figure>\n","protected":false},"excerpt":{"rendered":"<p>Culmina con \u00e9xito la Intervenci\u00f3n Formativa \u00abRe-construir el acompa\u00f1amiento del Supervisor y Asesor T\u00e9cnico Pedag\u00f3gico hacia el cambio curricular\u00bb, operada desde el Grupo de An\u00e1lisis de la Pr\u00e1ctica por la m\u00e1xima autoridad de cada sector educativo. Los participantes han podido construir estrategias de intervenci\u00f3n que impliquen la participaci\u00f3n, reflexi\u00f3n, di\u00e1logo y toma de acuerdos desde [&hellip;]<\/p>\n","protected":false},"author":2,"featured_media":125670,"comment_status":"open","ping_status":"open","sticky":false,"template":"","format":"standard","meta":{"footnotes":""},"categories":[60],"tags":[],"class_list":["post-125669","post","type-post","status-publish","format-standard","has-post-thumbnail","hentry","category-estatales"],"_links":{"self":[{"href":"http:\/\/elcuartopoder.com.mx\/nw\/wp-json\/wp\/v2\/posts\/125669","targetHints":{"allow":["GET"]}}],"collection":[{"href":"http:\/\/elcuartopoder.com.mx\/nw\/wp-json\/wp\/v2\/posts"}],"about":[{"href":"http:\/\/elcuartopoder.com.mx\/nw\/wp-json\/wp\/v2\/types\/post"}],"author":[{"embeddable":true,"href":"http:\/\/elcuartopoder.com.mx\/nw\/wp-json\/wp\/v2\/users\/2"}],"replies":[{"embeddable":true,"href":"http:\/\/elcuartopoder.com.mx\/nw\/wp-json\/wp\/v2\/comments?post=125669"}],"version-history":[{"count":1,"href":"http:\/\/elcuartopoder.com.mx\/nw\/wp-json\/wp\/v2\/posts\/125669\/revisions"}],"predecessor-version":[{"id":125674,"href":"http:\/\/elcuartopoder.com.mx\/nw\/wp-json\/wp\/v2\/posts\/125669\/revisions\/125674"}],"wp:featuredmedia":[{"embeddable":true,"href":"http:\/\/elcuartopoder.com.mx\/nw\/wp-json\/wp\/v2\/media\/125670"}],"wp:attachment":[{"href":"http:\/\/elcuartopoder.com.mx\/nw\/wp-json\/wp\/v2\/media?parent=125669"}],"wp:term":[{"taxonomy":"category","embeddable":true,"href":"http:\/\/elcuartopoder.com.mx\/nw\/wp-json\/wp\/v2\/categories?post=125669"},{"taxonomy":"post_tag","embeddable":true,"href":"http:\/\/elcuartopoder.com.mx\/nw\/wp-json\/wp\/v2\/tags?post=125669"}],"curies":[{"name":"wp","href":"https:\/\/api.w.org\/{rel}","templated":true}]}}